{"id":9323,"date":"2016-01-06T16:06:37","date_gmt":"2016-01-06T19:06:37","guid":{"rendered":"http:\/\/www.alquilerargentina.com\/blog\/?p=9323"},"modified":"2016-05-26T16:46:15","modified_gmt":"2016-05-26T19:46:15","slug":"gatronomia-por-la-costa-argentina","status":"publish","type":"post","link":"https:\/\/www.alquilerargentina.com\/blog\/paseos-y-excursiones\/gatronomia-por-la-costa-argentina.html","title":{"rendered":"Una cita con la excelente gastronom\u00eda de la Costa Atl\u00e1ntica"},"content":{"rendered":"<p style=\"text-align: justify;\">Para estas <strong>vacaciones<\/strong>\u00a0<strong>2016<\/strong>\u00a0la <span style=\"color: #ff6600;\"><strong><a style=\"color: #ff6600;\" href=\"http:\/\/www.alquilerargentina.com\/Buenos-Aires\/Costa-Atl\u00e1ntica\/?utm_source=alquilerargentina&amp;utm_medium=blog&amp;utm_campaign=destinos_costaatlantica\" target=\"_blank\">Costa Atl\u00e1ntica<\/a><\/strong><\/span>\u00a0es una excelente opci\u00f3n. Las ciudades de <strong><a href=\"http:\/\/www.alquilerargentina.com\/Buenos-Aires\/Miramar\/?utm_source=alquilerargentina&amp;utm_medium=blog&amp;utm_campaign=destinos_miramar\" target=\"_blank\">Miramar<\/a>, <a href=\"http:\/\/www.alquilerargentina.com\/Buenos-Aires\/Mar-Del-Plata\/?utm_source=alquilerargentina&amp;utm_medium=blog&amp;utm_campaign=destinos_mardelplata\" target=\"_blank\">Mar del Plata<\/a>, <a href=\"http:\/\/www.alquilerargentina.com\/Buenos-Aires\/Valeria-Del-Mar\/?utm_source=alquilerargentina&amp;utm_medium=blog&amp;utm_campaign=destinos_valeriadelmar\" target=\"_blank\">Valeria del Mar,<\/a>\u00a0<a href=\"http:\/\/www.alquilerargentina.com\/Buenos-Aires\/Caril\u00f3\/?utm_source=alquilerargentina&amp;utm_medium=blog&amp;utm_campaign=destinos_carilo\" target=\"_blank\">Caril\u00f3<\/a>, <a href=\"http:\/\/www.alquilerargentina.com\/Buenos-Aires\/Santa-Teresita\/?utm_source=alquilerargentina&amp;utm_medium=blog&amp;utm_campaign=destinos_santateresita\" target=\"_blank\">Santa Teresita<\/a>, <a href=\"http:\/\/www.alquilerargentina.com\/Buenos-Aires\/San-Clemente-Del-Tuy\u00fa\/?utm_source=alquilerargentina&amp;utm_medium=blog&amp;utm_campaign=destinos_sanclemente\" target=\"_blank\">San Clemente del Tuy\u00fa<\/a>,<\/strong>\u00a0entre otras,\u00a0te esperan para que no s\u00f3lo disfrutes de sus playas, balnearios y paseos, sino que tambi\u00e9n para degustar la mejor gastronom\u00eda de la regi\u00f3n.<\/p>\n<p style=\"text-align: justify;\">El <strong>mar argentino<\/strong> ofrece una gran variedad de delicias: desde una t\u00edpica paella o pastas con toques de sabores mar\u00edtimos, hasta la adquisici\u00f3n de conservas para llevar a casa. Sus restaurantes son especialistas en pescados y mariscos, y en ellos disfrutar\u00e1s desde un simple filet de merluza hasta especies tan especiales como las ostras y los calamares.<\/p>\n<p style=\"text-align: justify;\"><a ref=\"magnificPopup\" href=\"http:\/\/www.alquilerargentina.com\/blog\/wp-content\/uploads\/2016\/01\/mix-gastronom\u00eda-costa-argentina.jpg\"><img loading=\"lazy\" decoding=\"async\" class=\"alignnone wp-image-9365 size-full\" src=\"http:\/\/www.alquilerargentina.com\/blog\/wp-content\/uploads\/2016\/01\/mix-gastronom\u00eda-costa-argentina.jpg\" alt=\"mix-gastronom\u00eda-costa-argentina\" width=\"785\" height=\"360\" srcset=\"https:\/\/blog3.alquilerargentina.com\/wp-content\/uploads\/2016\/01\/mix-gastronom\u00eda-costa-argentina.jpg 785w, https:\/\/blog3.alquilerargentina.com\/wp-content\/uploads\/2016\/01\/mix-gastronom\u00eda-costa-argentina-300x138.jpg 300w\" sizes=\"(max-width: 785px) 100vw, 785px\" \/><\/a><\/p>\n<p style=\"text-align: justify;\">En este <strong>#VERANO2016<\/strong> disfrut\u00e1 a pleno del<strong> turismo gastron\u00f3mico <\/strong>y de los excelentes <a href=\"http:\/\/www.alquilerargentina.com\/Buenos-Aires\/Costa-Atl\u00e1ntica\/?utm_source=alquilerargentina&amp;utm_medium=blog&amp;utm_campaign=destinos_costaatlantica\" target=\"_blank\"><strong>restaurantes de\u00a0la<\/strong> <strong>Costa Argentina<\/strong><\/a>, en especial, de los que te vamos a presentar hoy en algunas de las ciudades m\u00e1s importantes de la regi\u00f3n.<\/p>\n<blockquote>\n<h4 style=\"text-align: justify;\"><span style=\"color: #000000;\"><strong><a href=\"http:\/\/www.alquilerargentina.com\/Buenos-Aires\/Costa-Atl\u00e1ntica\/?utm_source=alquilerargentina&amp;utm_medium=blog&amp;utm_campaign=destinos_costaatlantica\" target=\"_blank\">En verano y junto al mar, todo sabe mejor en la costa<\/a>\u00a0 [button type=\u00bbbd_button btn_small\u00bb url=\u00bbhttp:\/\/www.alquilerargentina.com\/Buenos-Aires\/Costa-Atl\u00e1ntica\/?utm_source=alquilerargentina&amp;utm_medium=blog&amp;utm_campaign=destinos_costaatlantica\u00bb target=\u00bbon\u00bb button_color_fon=\u00bb#ff8000&#8243; button_text_color=\u00bb#ffffff\u00bb ]\u00a1alquil\u00e1 ya![\/button] <\/strong><\/span><\/h4>\n<\/blockquote>\n<h2 style=\"text-align: justify;\"><strong>La Fontanella<\/strong><\/h2>\n<p style=\"text-align: justify;\">Ubicada en <span style=\"color: #ff6600;\"><strong><a style=\"color: #ff6600;\" href=\"http:\/\/www.alquilerargentina.com\/Buenos-Aires\/Mar-Del-Plata\/?utm_source=alquilerargentina&amp;utm_medium=blog&amp;utm_campaign=destinos_mardelplata\" target=\"_blank\">Mar del Plata<\/a><\/strong><\/span>, esta casona es atendida por su due\u00f1o y ofrece una cocina italiana cl\u00e1sica y las mejores pastas de la ciudad.<\/p>\n<p style=\"text-align: justify;\"><a ref=\"magnificPopup\" href=\"http:\/\/www.alquilerargentina.com\/blog\/wp-content\/uploads\/2016\/01\/pastas-con-maricos.jpg\"><img loading=\"lazy\" decoding=\"async\" class=\"alignnone wp-image-9355 size-full\" title=\"gastronomia-costa-pastas-con-mariscos\" src=\"http:\/\/www.alquilerargentina.com\/blog\/wp-content\/uploads\/2016\/01\/pastas-con-maricos.jpg\" alt=\"gastronomia-costa-pastas-con-mariscos\" width=\"785\" height=\"360\" srcset=\"https:\/\/blog3.alquilerargentina.com\/wp-content\/uploads\/2016\/01\/pastas-con-maricos.jpg 785w, https:\/\/blog3.alquilerargentina.com\/wp-content\/uploads\/2016\/01\/pastas-con-maricos-300x138.jpg 300w\" sizes=\"(max-width: 785px) 100vw, 785px\" \/><\/a><\/p>\n<p style=\"text-align: justify;\">Las pastas secas son tra\u00eddas de Italia y las caseras se hacen ah\u00ed. Se destacan los ravioles negros rellenos de langostinos (especialidad de la casa), los \u00f1oquis verdes souffl\u00e9, los sorrentinos de jam\u00f3n y mozzarella y los ravioles al pomodoro. Tambi\u00e9n sirven pizza a la piedra en horno de barro, ricos antipastos como el cocktail de centolla o champignones rellenos y muy buenos helados.<\/p>\n<p style=\"text-align: justify;\">[tabgroup]\n[tab title=\u00bbDirecci\u00f3n\u00bb]Rawson 2302 esquina Corrientes[\/tab]\n[tab title=\u00bbTel\u00e9fono\u00bb](0223) 494 0533[\/tab]\n[\/tabgroup]\n<p style=\"text-align: justify;\">\n<h2 style=\"text-align: justify;\"><strong>Tamarisco<\/strong><\/h2>\n<p style=\"text-align: justify;\">Restaurant muy lindo con decoraciones mar\u00edtimas\u00a0que queda sobre la playa, casi en <span style=\"color: #ff6600;\"><strong><a style=\"color: #ff6600;\" href=\"http:\/\/www.alquilerargentina.com\/Buenos-Aires\/Caril\u00f3\/?utm_source=alquilerargentina&amp;utm_medium=blog&amp;utm_campaign=destinos_carilo\" target=\"_blank\">Caril\u00f3<\/a><\/strong><\/span>, y hace sonar la sirena del barco todos los d\u00edas a las 9 de la noche. Su ambientaci\u00f3n de luz tenue y m\u00fasica de jazz son el complemento ideal para una cena frente al mar.<\/p>\n<p style=\"text-align: justify;\"><a ref=\"magnificPopup\" href=\"http:\/\/www.alquilerargentina.com\/blog\/wp-content\/uploads\/2016\/01\/TAMARISCO.jpg\"><img loading=\"lazy\" decoding=\"async\" class=\"alignnone wp-image-9357 size-full\" src=\"http:\/\/www.alquilerargentina.com\/blog\/wp-content\/uploads\/2016\/01\/TAMARISCO.jpg\" alt=\"gastronomia-costa-tamarisco\" width=\"785\" height=\"360\" srcset=\"https:\/\/blog3.alquilerargentina.com\/wp-content\/uploads\/2016\/01\/TAMARISCO.jpg 785w, https:\/\/blog3.alquilerargentina.com\/wp-content\/uploads\/2016\/01\/TAMARISCO-300x138.jpg 300w\" sizes=\"(max-width: 785px) 100vw, 785px\" \/><\/a><\/p>\n<p style=\"text-align: justify;\">Ofrece cocina argentina moderna y su especialidad son los pescados y mariscos, como el pulpo grillado, la merluza negra y el mero envuelto en jam\u00f3n crudo. Adem\u00e1s, muy buena carta de vinos con excelentes etiquetas de todo el pa\u00eds.<\/p>\n<p style=\"text-align: justify;\">[tabgroup]\n[tab title=\u00bbDirecci\u00f3n\u00bb]Corbeta C\u00e9firo y Av. Costanera,\u00a0Valeria del Mar[\/tab]\n[tab title=\u00bbTel\u00e9fono\u00bb](02254) 48 6656 \/ 49 6263[\/tab]\n[\/tabgroup]\n<p style=\"text-align: justify;\">\n<h2 style=\"text-align: justify;\"><strong>Las Barcas<\/strong><\/h2>\n<p style=\"text-align: justify;\">Adem\u00e1s de la incomparable vista al mar, este restaurante gourmet\u00a0ubicado en el primer piso del <strong>Sheraton Hotel <span style=\"color: #ff6600;\"><a style=\"color: #ff6600;\" href=\"http:\/\/www.alquilerargentina.com\/Buenos-Aires\/Mar-Del-Plata\/?utm_source=alquilerargentina&amp;utm_medium=blog&amp;utm_campaign=destinos_mardelplata\" target=\"_blank\">Mar del Plata<\/a><\/span><\/strong>, ofrece una cocina mediterr\u00e1nea y delicias marplatenses en un ambiente rom\u00e1ntico y refinado.<\/p>\n<p style=\"text-align: justify;\"><a ref=\"magnificPopup\" href=\"http:\/\/www.alquilerargentina.com\/blog\/wp-content\/uploads\/2016\/01\/LAS-BARCAS.jpg\"><img loading=\"lazy\" decoding=\"async\" class=\"alignnone wp-image-9358 size-full\" src=\"http:\/\/www.alquilerargentina.com\/blog\/wp-content\/uploads\/2016\/01\/LAS-BARCAS.jpg\" alt=\"gastronomia-costa-lasbarcas-mdq\" width=\"785\" height=\"360\" srcset=\"https:\/\/blog3.alquilerargentina.com\/wp-content\/uploads\/2016\/01\/LAS-BARCAS.jpg 785w, https:\/\/blog3.alquilerargentina.com\/wp-content\/uploads\/2016\/01\/LAS-BARCAS-300x138.jpg 300w\" sizes=\"(max-width: 785px) 100vw, 785px\" \/><\/a><\/p>\n<p style=\"text-align: justify;\">Su especialidad es el pulpo <strong>Las Barcas<\/strong> (pulpo espa\u00f1ol, aceite de oliva, papas y ajo), la chernia Las Barcas (con langostinos, r\u00facula, alcaparras y cog\u00f1ac) y los ostiones negros rellenos. La carta cambia cada cuatro meses con distintas propuestas para cada estaci\u00f3n del a\u00f1o, tambi\u00e9n hay degustaciones dirigidas y festivales gourmet.<\/p>\n<p style=\"text-align: justify;\">[tabgroup]\n[tab title=\u00bbDirecci\u00f3n\u00bb]Alem 4221[\/tab]\n[tab title=\u00bbTel\u00e9fono\u00bb](0223) 414 0000[\/tab]\n[\/tabgroup]\n<h2 style=\"text-align: justify;\"><strong>Heiwa <\/strong><\/h2>\n<p style=\"text-align: justify;\"><strong><span style=\"color: #ff6600;\"><a style=\"color: #ff6600;\" href=\"http:\/\/www.alquilerargentina.com\/Buenos-Aires\/Las-Gaviotas\/?utm_source=alquilerargentina&amp;utm_medium=blog&amp;utm_campaign=destinos_lasgaviotas\" target=\"_blank\">Las Gaviotas<\/a><\/span>\u00a0<\/strong>es uno de los \u00faltimos refugios agrestes en la costa m\u00e1s cercana. Tiene bosques, playas extensas, un peque\u00f1o y modesto centro, y mucha onda. Y all\u00ed, comer bien es sin\u00f3nimo de comer sushi. Todo gracias a\u00a0este\u00a0peque\u00f1o apart hotel y restaurante sobre la playa donde vas a encontrar un sushi simple pero delicioso en tablas combinadas incluyendo niguiri, sashimi, rolls, makis y geishas.<\/p>\n<p style=\"text-align: justify;\"><a ref=\"magnificPopup\" href=\"http:\/\/www.alquilerargentina.com\/blog\/wp-content\/uploads\/2016\/01\/sushiii.jpg\"><img loading=\"lazy\" decoding=\"async\" class=\"alignnone wp-image-9359 size-full\" title=\"gastronomia-costa-sushi\" src=\"http:\/\/www.alquilerargentina.com\/blog\/wp-content\/uploads\/2016\/01\/sushiii.jpg\" alt=\"gastronomia-costa-sushi\" width=\"785\" height=\"360\" srcset=\"https:\/\/blog3.alquilerargentina.com\/wp-content\/uploads\/2016\/01\/sushiii.jpg 785w, https:\/\/blog3.alquilerargentina.com\/wp-content\/uploads\/2016\/01\/sushiii-300x138.jpg 300w\" sizes=\"(max-width: 785px) 100vw, 785px\" \/><\/a><\/p>\n<p style=\"text-align: justify;\">La carta es muy simple, con pocas opciones (nos gustar\u00edan m\u00e1s pescados blancos). Pero todo es muy fresco y cuidado, como debe ser. La vista y la brisa del mar se encargan de la escenograf\u00eda. En temporada, abre de de mi\u00e9rcoles a lunes, s\u00f3lo noche.<\/p>\n<p style=\"text-align: justify;\">[tabgroup]\n[tab title=\u00bbDirecci\u00f3n\u00bb]Calle 34 y playa[\/tab]\n[tab title=\u00bbTel\u00e9fono\u00bb](02255) 45 3674[\/tab]\n[\/tabgroup]\n<p style=\"text-align: justify;\">\n<h2 style=\"text-align: justify;\"><strong>Trit\u00f3n <\/strong><\/h2>\n<p style=\"text-align: justify;\">Con una cocina sencilla y variada, este restaurant de la ciudad de <span style=\"color: #ff6600;\"><strong><a style=\"color: #ff6600;\" href=\"http:\/\/www.alquilerargentina.com\/Buenos-Aires\/Pinamar\/?utm_source=alquilerargentina&amp;utm_medium=blog&amp;utm_campaign=destinos_pinamar\" target=\"_blank\">Pinamar<\/a><\/strong><\/span>\u00a0utiliza en cada uno de sus platos, ingredientes frescos que hablan por s\u00ed mismos, pescados, pastas, carnes de ternera, cerdo, pollo y cordero, paellas y risottos, todos estos productos, el aceite de oliva, ajo y hierbas arom\u00e1ticas que los convierten en cl\u00e1sicos atemporales que capturan a la perfecci\u00f3n los particulares aromas y sabores del mediterr\u00e1neo.<\/p>\n<p style=\"text-align: justify;\"><a ref=\"magnificPopup\" href=\"http:\/\/www.alquilerargentina.com\/blog\/wp-content\/uploads\/2016\/01\/PAELLA.jpg\"><img loading=\"lazy\" decoding=\"async\" class=\"alignnone wp-image-9360 size-full\" title=\"gastronomia-costa-paella\" src=\"http:\/\/www.alquilerargentina.com\/blog\/wp-content\/uploads\/2016\/01\/PAELLA.jpg\" alt=\"gastronomia-costa-paella\" width=\"785\" height=\"360\" srcset=\"https:\/\/blog3.alquilerargentina.com\/wp-content\/uploads\/2016\/01\/PAELLA.jpg 785w, https:\/\/blog3.alquilerargentina.com\/wp-content\/uploads\/2016\/01\/PAELLA-300x138.jpg 300w\" sizes=\"(max-width: 785px) 100vw, 785px\" \/><\/a><\/p>\n<p style=\"text-align: justify;\">[tabgroup]\n[tab title=\u00bbDirecci\u00f3n\u00bb]Av Arquitecto Jorge Bunge 414-426[\/tab]\n[\/tabgroup]\n<h2 style=\"text-align: justify;\"><strong>La Cantina del Delf\u00edn<\/strong><\/h2>\n<p style=\"text-align: justify;\">Popular por su excelencia y calidad gastronom\u00eda\u00a0en <strong><span style=\"color: #ff6600;\"><a style=\"color: #ff6600;\" href=\"http:\/\/www.alquilerargentina.com\/Buenos-Aires\/San-Clemente-Del-Tuy\u00fa\/?utm_source=alquilerargentina&amp;utm_medium=blog&amp;utm_campaign=destinos_sanclemente\" target=\"_blank\">San Clemente del Tuy\u00fa<\/a><\/span><\/strong>, es un espacio perfecto para disfrutar de pescados y mariscos riqu\u00edsimos y frescos. El plato estrella de la cantina es una parrilada de pescados incre\u00edble y muy bien servida. Te recomendamos especialmente la parrillada de pescados conocida como <em>\u201clisa\u201d<\/em> y camarones frescos para una rica entrada.<\/p>\n<p style=\"text-align: justify;\"><a ref=\"magnificPopup\" href=\"http:\/\/www.alquilerargentina.com\/blog\/wp-content\/uploads\/2016\/01\/camarones.jpg\"><img loading=\"lazy\" decoding=\"async\" class=\"alignnone wp-image-9362 size-full\" title=\"gastronomia-costa-camarones\" src=\"http:\/\/www.alquilerargentina.com\/blog\/wp-content\/uploads\/2016\/01\/camarones.jpg\" alt=\"gastronomia-costa-camarones\" width=\"785\" height=\"360\" srcset=\"https:\/\/blog3.alquilerargentina.com\/wp-content\/uploads\/2016\/01\/camarones.jpg 785w, https:\/\/blog3.alquilerargentina.com\/wp-content\/uploads\/2016\/01\/camarones-300x138.jpg 300w\" sizes=\"(max-width: 785px) 100vw, 785px\" \/><\/a><\/p>\n<p style=\"text-align: justify;\">Un lugar pintoresco sobre el puerto, de ambiente c\u00e1lido, especial para toda la familia y con precios completamente accesibles para todos.<\/p>\n<p style=\"text-align: justify;\">[tabgroup]\n[tab title=\u00bbDirecci\u00f3n\u00bb]Av. XI 225[\/tab]\n[\/tabgroup]\n<p style=\"text-align: justify;\">Eleg\u00ed alguno de estos\u00a0destinos y disfrut\u00e1 de sus playas, turismo alternativo, actividades de verano y sobretodo, de la excelente <strong><a href=\"http:\/\/www.alquilerargentina.com\/Buenos-Aires\/Costa-Atl\u00e1ntica\/?utm_source=alquilerargentina&amp;utm_medium=blog&amp;utm_campaign=destinos_costaatlantica\" target=\"_blank\">gastronom\u00eda de la Costa Argentina<\/a><\/strong>.<\/p>\n<blockquote>\n<h4><span style=\"color: #000000;\"><strong><a href=\"http:\/\/www.alquilerargentina.com\/Buenos-Aires\/Costa-Atl\u00e1ntica\/?utm_source=alquilerargentina&amp;utm_medium=blog&amp;utm_campaign=destinos_costaatlantica\" target=\"_blank\">Este #VERANO2016 aprovech\u00e1 las vacaciones, busc\u00e1 y reserv\u00e1 tu alojamiento en\u00a0la Costa Atl\u00e1ntica<\/a>\u00a0 [button type=\u00bbbd_button btn_small\u00bb url=\u00bbhttp:\/\/www.alquilerargentina.com\/Buenos-Aires\/Costa-Atl\u00e1ntica\/?utm_source=alquilerargentina&amp;utm_medium=blog&amp;utm_campaign=destinos_costaatlantica\u00bb target=\u00bbon\u00bb button_color_fon=\u00bb#ff8000&#8243; button_text_color=\u00bb#ffffff\u00bb ]ver m\u00e1s[\/button] <\/strong><\/span><\/h4>\n<\/blockquote>\n","protected":false},"excerpt":{"rendered":"<p>Para estas vacaciones\u00a02016\u00a0la Costa Atl\u00e1ntica\u00a0es una excelente opci\u00f3n. Las ciudades de Miramar, Mar del Plata, Valeria del Mar,\u00a0Caril\u00f3, Santa Teresita, San Clemente del Tuy\u00fa,\u00a0entre otras,\u00a0te esperan para que no s\u00f3lo disfrutes de sus playas, balnearios y paseos, sino que tambi\u00e9n para degustar la mejor gastronom\u00eda de la regi\u00f3n. El mar argentino ofrece una gran variedad&#8230;<\/p>\n","protected":false},"author":1,"featured_media":9354,"comment_status":"open","ping_status":"open","sticky":false,"template":"","format":"standard","meta":{"footnotes":""},"categories":[3588],"tags":[],"_links":{"self":[{"href":"https:\/\/www.alquilerargentina.com\/blog\/wp-json\/wp\/v2\/posts\/9323"}],"collection":[{"href":"https:\/\/www.alquilerargentina.com\/blog\/wp-json\/wp\/v2\/posts"}],"about":[{"href":"https:\/\/www.alquilerargentina.com\/blog\/wp-json\/wp\/v2\/types\/post"}],"author":[{"embeddable":true,"href":"https:\/\/www.alquilerargentina.com\/blog\/wp-json\/wp\/v2\/users\/1"}],"replies":[{"embeddable":true,"href":"https:\/\/www.alquilerargentina.com\/blog\/wp-json\/wp\/v2\/comments?post=9323"}],"version-history":[{"count":11,"href":"https:\/\/www.alquilerargentina.com\/blog\/wp-json\/wp\/v2\/posts\/9323\/revisions"}],"predecessor-version":[{"id":9474,"href":"https:\/\/www.alquilerargentina.com\/blog\/wp-json\/wp\/v2\/posts\/9323\/revisions\/9474"}],"wp:featuredmedia":[{"embeddable":true,"href":"https:\/\/www.alquilerargentina.com\/blog\/wp-json\/wp\/v2\/media\/9354"}],"wp:attachment":[{"href":"https:\/\/www.alquilerargentina.com\/blog\/wp-json\/wp\/v2\/media?parent=9323"}],"wp:term":[{"taxonomy":"category","embeddable":true,"href":"https:\/\/www.alquilerargentina.com\/blog\/wp-json\/wp\/v2\/categories?post=9323"},{"taxonomy":"post_tag","embeddable":true,"href":"https:\/\/www.alquilerargentina.com\/blog\/wp-json\/wp\/v2\/tags?post=9323"}],"curies":[{"name":"wp","href":"https:\/\/api.w.org\/{rel}","templated":true}]}}