{"id":9259,"date":"2015-12-31T13:43:58","date_gmt":"2015-12-31T16:43:58","guid":{"rendered":"http:\/\/www.alquilerargentina.com\/blog\/?p=9259"},"modified":"2016-05-26T17:10:18","modified_gmt":"2016-05-26T20:10:18","slug":"abrio-el-cafe-cortazar-no-nos-sacan-mas-de-ahi","status":"publish","type":"post","link":"https:\/\/www.alquilerargentina.com\/blog\/paseos-y-excursiones\/abrio-el-cafe-cortazar-no-nos-sacan-mas-de-ahi.html","title":{"rendered":"Abri\u00f3 el Caf\u00e9 Cort\u00e1zar&#8230; No nos sacan m\u00e1s de ah\u00ed"},"content":{"rendered":"<p class=\"bajada\" style=\"text-align: justify;\">Est\u00e1n de fiesta los Cronopios, La Maga, el gusto por lo lindo, la buena literatura que ahora tiene sus sabores. Abri\u00f3 el <strong>Caf\u00e9 Cort\u00e1zar <\/strong>en<strong> <a href=\"http:\/\/www.alquilerargentina.com\/Buenos-Aires\/Capital-Federal\/_I:palermo\/?utm_source=alquilerargentina&amp;utm_medium=blog&amp;utm_campaign=destinos_palermo\" target=\"_blank\">Palermo<\/a><\/strong>. Para que los amantes de Julio vayamos y nos empapemos a\u00fan m\u00e1s de \u00e9l.<\/p>\n<h2 class=\"bajada\" style=\"text-align: justify;\">Regalo de fin de a\u00f1o<\/h2>\n<p class=\"bajada\" style=\"text-align: justify;\">\n<p class=\"bajada\" style=\"text-align: justify;\"><em>\u00abEn el tabaco, en el caf\u00e9, en el vino\u00bb<\/em> est\u00e1 <strong>Julio Cort\u00e1zar<\/strong>. En sus letras, en sus versos y ahora en un Caf\u00e9 Tem\u00e1tico que se basa en vida y obra del escritor en la calle\u00a0<strong>Cabrera 3797<\/strong>, en <span style=\"color: #ff6600;\"><strong><a style=\"color: #ff6600;\" href=\"http:\/\/www.alquilerargentina.com\/Buenos-Aires\/Capital-Federal\/_I:palermo\/?utm_source=alquilerargentina&amp;utm_medium=blog&amp;utm_campaign=destinos_palermo\" target=\"_blank\">Palermo<\/a><\/strong><\/span>\u00a0en la <span style=\"color: #ff6600;\"><strong><a style=\"color: #ff6600;\" href=\"http:\/\/www.alquilerargentina.com\/Buenos-Aires\/Capital-Federal\/?utm_source=alquilerargentina&amp;utm_medium=blog&amp;utm_campaign=destinos_capitalfederal\" target=\"_blank\">Ciudad de Buenos Aires<\/a>.\u00a0<\/strong><\/span><\/p>\n<p class=\"bajada\" style=\"text-align: justify;\"><a ref=\"magnificPopup\" href=\"http:\/\/www.alquilerargentina.com\/blog\/wp-content\/uploads\/2015\/12\/bar1.jpg\"><img loading=\"lazy\" decoding=\"async\" class=\"alignnone wp-image-9264 size-full\" src=\"http:\/\/www.alquilerargentina.com\/blog\/wp-content\/uploads\/2015\/12\/bar1.jpg\" alt=\"bar1\" width=\"785\" height=\"360\" srcset=\"https:\/\/blog3.alquilerargentina.com\/wp-content\/uploads\/2015\/12\/bar1.jpg 785w, https:\/\/blog3.alquilerargentina.com\/wp-content\/uploads\/2015\/12\/bar1-300x138.jpg 300w\" sizes=\"(max-width: 785px) 100vw, 785px\" \/><\/a><\/p>\n<h2 class=\"bajada\" style=\"text-align: justify;\">Sobre Julio y sobre el Bar<\/h2>\n<p style=\"text-align: justify;\"><strong>Julio Cort\u00e1zar <\/strong>(1914-1984), naci\u00f3 en B\u00e9lgica, y se nacionaliz\u00f3\u00a0argentino y franc\u00e9s. Lleg\u00f3 a ser uno de los autores m\u00e1s originales de su tiempo, especialista enrelato corto, prosa po\u00e9tica y la narraci\u00f3n breve en general. El <em>\u00abMaradona de la Literatura\u00bb<\/em> seg\u00fan Hern\u00e1n Casciari, por lo m\u00e1gico de sus relatos. Fue amante del jazz y del boxeo, y nos hizo amar a todos\u00a0<strong>Rayuela, Historia de Cronopios y de Famas, La autopista del sur<\/strong>, entre tantos.<\/p>\n<p style=\"text-align: justify;\"><a ref=\"magnificPopup\" href=\"http:\/\/www.alquilerargentina.com\/blog\/wp-content\/uploads\/2015\/12\/cafecortazar.jpg\"><img loading=\"lazy\" decoding=\"async\" class=\"alignnone wp-image-9266 size-full\" src=\"http:\/\/www.alquilerargentina.com\/blog\/wp-content\/uploads\/2015\/12\/cafecortazar.jpg\" alt=\"cafecortazar\" width=\"785\" height=\"360\" srcset=\"https:\/\/blog3.alquilerargentina.com\/wp-content\/uploads\/2015\/12\/cafecortazar.jpg 785w, https:\/\/blog3.alquilerargentina.com\/wp-content\/uploads\/2015\/12\/cafecortazar-300x138.jpg 300w\" sizes=\"(max-width: 785px) 100vw, 785px\" \/><\/a><\/p>\n<p style=\"text-align: justify;\">En el bar, todo es tem\u00e1tico. Desde las fotos y pinturas como dos murales creados por Ricardo Villar\u00a0que logran <em>\u00abrespirar Cort\u00e1zar\u00bb<\/em> hasta el men\u00fa. Entre las\u00a0ensaladas se destaca <em>\u201cLa Maga\u201d<\/em> con r\u00facula, croutones, salm\u00f3n ahumado, espinaca,\u00a0parmesano y nueces. O tambi\u00e9n se pueden degustar\u00a0las picadas <em>\u00abBestiario\u00bb<\/em> o <em>\u00abDeshoras\u00bb<\/em>.<\/p>\n<blockquote><p><span style=\"color: #000000;\"><strong>El lugar abre de lunes a jueves de 08 a 02am, s\u00e1bados y domingos de 08 a 04am.<\/strong><\/span><\/p><\/blockquote>\n<p style=\"text-align: justify;\">Adem\u00e1s de shows musicales, de jazz obviamente, en este edificio de 1898 que fuera almac\u00e9n de ramos generales, carnicer\u00eda entre otras cosas, podemos dejarnos llevar por una muestra de fotos titulada\u00a0<strong>\u00abSiempre empez\u00f3 a llover\u00bb<\/strong>\u00a0con im\u00e1genes del cuarto donde supo vivir\u00a0Julio.<\/p>\n<p style=\"text-align: justify;\">Todo est\u00e1 dado entonces para continuar leyendo los cap\u00edtulos de sus libros. Pero ahora saborearlos no solamente ser\u00e1 una met\u00e1fora.<\/p>\n<div id=\"superlist_4106283_7615798\" class=\"buzz_superlist_item buzz-superlist-item buzz_superlist_item_image buzz-superlist-item-image buzz_superlist_item_wide image_hit \">\n<div class=\"solid\" style=\"text-align: justify;\"><\/div>\n<blockquote>\n<h4 class=\"sub_buzz_content\" style=\"text-align: justify;\"><span style=\"color: #000000;\"><strong><a href=\"http:\/\/www.alquilerargentina.com\/Buenos-Aires\/Capital-Federal\/?utm_source=alquilerargentina&amp;utm_medium=blog&amp;utm_campaign=destinos_capitalfederal\" target=\"_blank\">Departamentos en Capital Federal para recorrer la city<\/a>\u00a0 [button type=\u00bbbd_button btn_small\u00bb url=\u00bbhttp:\/\/www.alquilerargentina.com\/Buenos-Aires\/Capital-Federal\/?utm_source=alquilerargentina&amp;utm_medium=blog&amp;utm_campaign=destinos_capitalfederal\u00bb target=\u00bbon\u00bb button_color_fon=\u00bb#ff8000&#8243; button_text_color=\u00bb#ffffff\u00bb ]click aqu\u00ed[\/button] <\/strong><\/span><\/h4>\n<\/blockquote>\n<\/div>\n","protected":false},"excerpt":{"rendered":"<p>Est\u00e1n de fiesta los Cronopios, La Maga, el gusto por lo lindo, la buena literatura que ahora tiene sus sabores. Abri\u00f3 el Caf\u00e9 Cort\u00e1zar en Palermo. Para que los amantes de Julio vayamos y nos empapemos a\u00fan m\u00e1s de \u00e9l. Regalo de fin de a\u00f1o \u00abEn el tabaco, en el caf\u00e9, en el vino\u00bb est\u00e1&#8230;<\/p>\n","protected":false},"author":1,"featured_media":9265,"comment_status":"open","ping_status":"open","sticky":false,"template":"","format":"standard","meta":{"footnotes":""},"categories":[3588],"tags":[],"_links":{"self":[{"href":"https:\/\/www.alquilerargentina.com\/blog\/wp-json\/wp\/v2\/posts\/9259"}],"collection":[{"href":"https:\/\/www.alquilerargentina.com\/blog\/wp-json\/wp\/v2\/posts"}],"about":[{"href":"https:\/\/www.alquilerargentina.com\/blog\/wp-json\/wp\/v2\/types\/post"}],"author":[{"embeddable":true,"href":"https:\/\/www.alquilerargentina.com\/blog\/wp-json\/wp\/v2\/users\/1"}],"replies":[{"embeddable":true,"href":"https:\/\/www.alquilerargentina.com\/blog\/wp-json\/wp\/v2\/comments?post=9259"}],"version-history":[{"count":8,"href":"https:\/\/www.alquilerargentina.com\/blog\/wp-json\/wp\/v2\/posts\/9259\/revisions"}],"predecessor-version":[{"id":9322,"href":"https:\/\/www.alquilerargentina.com\/blog\/wp-json\/wp\/v2\/posts\/9259\/revisions\/9322"}],"wp:featuredmedia":[{"embeddable":true,"href":"https:\/\/www.alquilerargentina.com\/blog\/wp-json\/wp\/v2\/media\/9265"}],"wp:attachment":[{"href":"https:\/\/www.alquilerargentina.com\/blog\/wp-json\/wp\/v2\/media?parent=9259"}],"wp:term":[{"taxonomy":"category","embeddable":true,"href":"https:\/\/www.alquilerargentina.com\/blog\/wp-json\/wp\/v2\/categories?post=9259"},{"taxonomy":"post_tag","embeddable":true,"href":"https:\/\/www.alquilerargentina.com\/blog\/wp-json\/wp\/v2\/tags?post=9259"}],"curies":[{"name":"wp","href":"https:\/\/api.w.org\/{rel}","templated":true}]}}