{"id":5934,"date":"2015-08-13T16:41:13","date_gmt":"2015-08-13T19:41:13","guid":{"rendered":"http:\/\/www.alquilerargentina.com\/blog\/?p=5934"},"modified":"2015-08-13T16:41:13","modified_gmt":"2015-08-13T19:41:13","slug":"viaja-a-mar-del-plata-2","status":"publish","type":"post","link":"https:\/\/www.alquilerargentina.com\/blog\/sorteos-2\/viaja-a-mar-del-plata-2.html","title":{"rendered":"\u00a1Viaj\u00e1 a Mar del Plata!"},"content":{"rendered":"<div class=\"post-entry bottom40\">\n<p>La semana del 12 al 19 de agosto\u00a0estaremos sorteando\u00a0<strong>2 noches\u00a0en septiembre<\/strong>\u00a0para\u00a0<strong>2 personas<\/strong> en <span style=\"color: #ff6600;\"><strong><a style=\"color: #ff6600;\" href=\"http:\/\/www.alquilerargentina.com\/Buenos-Aires\/Mar-Del-Plata\/\" target=\"_blank\">Mar\u00a0del Plata<\/a><\/strong><\/span>\u00a0en\u00a0los\u00a0<strong><span style=\"color: #ff6600;\"><a style=\"color: #ff6600;\" href=\"http:\/\/www.alquilerargentina.com\/alojamientos\/qk24-Departamento-Departamentos-Los-Amarillos-Mar-Del-Plata.html\" target=\"_blank\">Departamentos Los Amarillos<\/a><\/span>.<\/strong><\/p>\n<p>Cuentan con una excelente ubicaci\u00f3n y comodidades para 2 a 6\u00a0personas con internet wi-fi, ofrecen ropa blanca y de cama, tienen calefacci\u00f3n, cocina, heladera y acepta mascotas.<\/p>\n<p><a ref=\"magnificPopup\" href=\"http:\/\/www.alquilerargentina.com\/blog\/wp-content\/uploads\/2015\/08\/0.jpg\"><img loading=\"lazy\" decoding=\"async\" class=\"alignnone wp-image-5935 size-medium\" src=\"http:\/\/www.alquilerargentina.com\/blog\/wp-content\/uploads\/2015\/08\/0-300x300.jpg\" alt=\"0\" width=\"300\" height=\"300\" srcset=\"https:\/\/blog3.alquilerargentina.com\/wp-content\/uploads\/2015\/08\/0-300x300.jpg 300w, https:\/\/blog3.alquilerargentina.com\/wp-content\/uploads\/2015\/08\/0-150x150.jpg 150w, https:\/\/blog3.alquilerargentina.com\/wp-content\/uploads\/2015\/08\/0-1024x1024.jpg 1024w, https:\/\/blog3.alquilerargentina.com\/wp-content\/uploads\/2015\/08\/0-320x320.jpg 320w, https:\/\/blog3.alquilerargentina.com\/wp-content\/uploads\/2015\/08\/0-80x80.jpg 80w, https:\/\/blog3.alquilerargentina.com\/wp-content\/uploads\/2015\/08\/0-380x380.jpg 380w, https:\/\/blog3.alquilerargentina.com\/wp-content\/uploads\/2015\/08\/0-67x67.jpg 67w, https:\/\/blog3.alquilerargentina.com\/wp-content\/uploads\/2015\/08\/0.jpg 1200w\" sizes=\"(max-width: 300px) 100vw, 300px\" \/><\/a> <a ref=\"magnificPopup\" href=\"http:\/\/www.alquilerargentina.com\/blog\/wp-content\/uploads\/2015\/08\/1.jpg\"><img loading=\"lazy\" decoding=\"async\" class=\"alignnone wp-image-5937 size-medium\" src=\"http:\/\/www.alquilerargentina.com\/blog\/wp-content\/uploads\/2015\/08\/2-300x300.jpg\" alt=\"2\" width=\"300\" height=\"300\" srcset=\"https:\/\/blog3.alquilerargentina.com\/wp-content\/uploads\/2015\/08\/2-300x300.jpg 300w, https:\/\/blog3.alquilerargentina.com\/wp-content\/uploads\/2015\/08\/2-150x150.jpg 150w, https:\/\/blog3.alquilerargentina.com\/wp-content\/uploads\/2015\/08\/2-1024x1024.jpg 1024w, https:\/\/blog3.alquilerargentina.com\/wp-content\/uploads\/2015\/08\/2-320x320.jpg 320w, https:\/\/blog3.alquilerargentina.com\/wp-content\/uploads\/2015\/08\/2-80x80.jpg 80w, https:\/\/blog3.alquilerargentina.com\/wp-content\/uploads\/2015\/08\/2-380x380.jpg 380w, https:\/\/blog3.alquilerargentina.com\/wp-content\/uploads\/2015\/08\/2-67x67.jpg 67w, https:\/\/blog3.alquilerargentina.com\/wp-content\/uploads\/2015\/08\/2.jpg 1200w\" sizes=\"(max-width: 300px) 100vw, 300px\" \/>\u00a0<img loading=\"lazy\" decoding=\"async\" class=\"alignnone wp-image-5936 size-medium\" src=\"http:\/\/www.alquilerargentina.com\/blog\/wp-content\/uploads\/2015\/08\/1-300x300.jpg\" alt=\"1\" width=\"300\" height=\"300\" srcset=\"https:\/\/blog3.alquilerargentina.com\/wp-content\/uploads\/2015\/08\/1-300x300.jpg 300w, https:\/\/blog3.alquilerargentina.com\/wp-content\/uploads\/2015\/08\/1-150x150.jpg 150w, https:\/\/blog3.alquilerargentina.com\/wp-content\/uploads\/2015\/08\/1-1024x1024.jpg 1024w, https:\/\/blog3.alquilerargentina.com\/wp-content\/uploads\/2015\/08\/1-320x320.jpg 320w, https:\/\/blog3.alquilerargentina.com\/wp-content\/uploads\/2015\/08\/1-80x80.jpg 80w, https:\/\/blog3.alquilerargentina.com\/wp-content\/uploads\/2015\/08\/1-380x380.jpg 380w, https:\/\/blog3.alquilerargentina.com\/wp-content\/uploads\/2015\/08\/1-67x67.jpg 67w, https:\/\/blog3.alquilerargentina.com\/wp-content\/uploads\/2015\/08\/1.jpg 1200w\" sizes=\"(max-width: 300px) 100vw, 300px\" \/><\/a><\/p>\n<p>Sumate a\u00a0<strong><a href=\"https:\/\/www.facebook.com\/alquilerargentina\" target=\"_blank\">nuestra fanpage de Facebook<\/a><\/strong>, busca la publicaci\u00f3n con el sorteo y compart\u00ed en tu muro. Segu\u00ed todas las publicaciones en nuestro perfil en Twitter (<a href=\"https:\/\/twitter.com\/AlqArgentina\" target=\"_blank\">@AlqArgentina<\/a>) y nuestra cuenta en Google+ (<a href=\"https:\/\/plus.google.com\/+AlquilerargentinaWeb\/\" target=\"_blank\">+AlquilerargentinaWeb<\/a>), \u00a1publicaremos el 19 de agosto\u00a0al ganador!<\/p>\n<\/div>\n<p>&nbsp;<\/p>\n","protected":false},"excerpt":{"rendered":"<p>La semana del 12 al 19 de agosto\u00a0estaremos sorteando\u00a02 noches\u00a0en septiembre\u00a0para\u00a02 personas en Mar\u00a0del Plata\u00a0en\u00a0los\u00a0Departamentos Los Amarillos. Cuentan con una excelente ubicaci\u00f3n y comodidades para 2 a 6\u00a0personas con internet wi-fi, ofrecen ropa blanca y de cama, tienen calefacci\u00f3n, cocina, heladera y acepta mascotas. \u00a0 Sumate a\u00a0nuestra fanpage de Facebook, busca la publicaci\u00f3n con el&#8230;<\/p>\n","protected":false},"author":1,"featured_media":5938,"comment_status":"open","ping_status":"open","sticky":false,"template":"","format":"standard","meta":{"footnotes":""},"categories":[8],"tags":[],"_links":{"self":[{"href":"https:\/\/www.alquilerargentina.com\/blog\/wp-json\/wp\/v2\/posts\/5934"}],"collection":[{"href":"https:\/\/www.alquilerargentina.com\/blog\/wp-json\/wp\/v2\/posts"}],"about":[{"href":"https:\/\/www.alquilerargentina.com\/blog\/wp-json\/wp\/v2\/types\/post"}],"author":[{"embeddable":true,"href":"https:\/\/www.alquilerargentina.com\/blog\/wp-json\/wp\/v2\/users\/1"}],"replies":[{"embeddable":true,"href":"https:\/\/www.alquilerargentina.com\/blog\/wp-json\/wp\/v2\/comments?post=5934"}],"version-history":[{"count":1,"href":"https:\/\/www.alquilerargentina.com\/blog\/wp-json\/wp\/v2\/posts\/5934\/revisions"}],"predecessor-version":[{"id":5939,"href":"https:\/\/www.alquilerargentina.com\/blog\/wp-json\/wp\/v2\/posts\/5934\/revisions\/5939"}],"wp:featuredmedia":[{"embeddable":true,"href":"https:\/\/www.alquilerargentina.com\/blog\/wp-json\/wp\/v2\/media\/5938"}],"wp:attachment":[{"href":"https:\/\/www.alquilerargentina.com\/blog\/wp-json\/wp\/v2\/media?parent=5934"}],"wp:term":[{"taxonomy":"category","embeddable":true,"href":"https:\/\/www.alquilerargentina.com\/blog\/wp-json\/wp\/v2\/categories?post=5934"},{"taxonomy":"post_tag","embeddable":true,"href":"https:\/\/www.alquilerargentina.com\/blog\/wp-json\/wp\/v2\/tags?post=5934"}],"curies":[{"name":"wp","href":"https:\/\/api.w.org\/{rel}","templated":true}]}}