{"id":5801,"date":"2015-08-31T10:00:15","date_gmt":"2015-08-31T13:00:15","guid":{"rendered":"http:\/\/www.alquilerargentina.com\/blog\/?p=5801"},"modified":"2016-05-26T17:13:04","modified_gmt":"2016-05-26T20:13:04","slug":"museo-arco-de-cordoba","status":"publish","type":"post","link":"https:\/\/www.alquilerargentina.com\/blog\/paseos-y-excursiones\/museo-arco-de-cordoba.html","title":{"rendered":"El Arco de las emociones en C\u00f3rdoba"},"content":{"rendered":"<p style=\"text-align: justify;\"><em>El <strong>Arco de C\u00f3rdoba,<\/strong> la bienvenida a la capital de la tonada, pero desde hace un mes, tambi\u00e9n nos invita a frenar y visitarlo\u2026 porque ahora ya es <strong>museo.<\/strong><\/em><\/p>\n<p style=\"text-align: justify;\">Entrar a la <span style=\"color: #ff6600;\"><a style=\"color: #ff6600;\" href=\"http:\/\/www.alquilerargentina.com\/C\u00f3rdoba\/Ciudad-De-C\u00f3rdoba\/?utm_source=alquilerargentina&amp;utm_medium=blog&amp;utm_campaign=destinos_2015\" target=\"_blank\"><strong>Ciudad de<\/strong>\u00a0<strong>C\u00f3rdoba<\/strong><\/a><\/span>, no es s\u00f3lamente entrar a lo mediterr\u00e1neo de Argentina. Ni a la tierra de los ritmos, con el cuarteto, ni de las bebidas con el fernet a la cabeza. Es mucho m\u00e1s que eso: el f\u00fatbol con clubes como Belgrano, Talleres, Instituto. Es la ciudad del conocimiento y el saber\u2026 la ciencia reside desde hace 400 a\u00f1os en la Universidad Nacional de C\u00f3rdoba. Es el lugar de las revoluciones, del Cordobazo, del humor con Hortensia y de los chistes d\u00eda a d\u00eda en la calle.<\/p>\n<p style=\"text-align: justify;\">Entrar a C\u00f3rdoba es entrar a la capital de los museos, que tienen sus noches cada tres meses. Pero adem\u00e1s, si se lo hace desde la Ruta Nacional N\u00b0 9, es ser testigos de uno de los Arcos m\u00e1s emblem\u00e1ticos de la Argentina.<\/p>\n<p style=\"text-align: justify;\"><a ref=\"magnificPopup\" href=\"http:\/\/www.alquilerargentina.com\/blog\/wp-content\/uploads\/2015\/08\/museo-arco-cordoba-1.jpg\"><img loading=\"lazy\" decoding=\"async\" class=\"aligncenter size-full wp-image-5862\" src=\"http:\/\/www.alquilerargentina.com\/blog\/wp-content\/uploads\/2015\/08\/museo-arco-cordoba-1.jpg\" alt=\"museo-arco-cordoba-1\" width=\"780\" height=\"560\" srcset=\"https:\/\/blog3.alquilerargentina.com\/wp-content\/uploads\/2015\/08\/museo-arco-cordoba-1.jpg 780w, https:\/\/blog3.alquilerargentina.com\/wp-content\/uploads\/2015\/08\/museo-arco-cordoba-1-300x215.jpg 300w\" sizes=\"(max-width: 780px) 100vw, 780px\" \/><\/a><\/p>\n<h2 style=\"text-align: justify;\">Puerta\u00a0de Piedra<\/h2>\n<p style=\"text-align: justify;\">El Arco de C\u00f3rdoba fue encargado por el Intendente de la ciudad Latella Fr\u00edas, en 1942, al arquitecto Fernando Cabanillas encargado de la Direcci\u00f3n de Obras P\u00fablicas de la Municipalidad en aquel entonces. Un a\u00f1o m\u00e1s tarde ya estaba listo y se erig\u00eda ante la mirada at\u00f3nita de los cordobeses que encontraban en \u00e9l mucho m\u00e1s que un p\u00f3rtico de la ciudad, que fue el deseo de las autoridades. No solamente funcionaba como la puerta para entrar a C\u00f3rdoba, sino simb\u00f3licamente como v\u00eda de comunicaci\u00f3n entre la provincia y Buenos Aires.<\/p>\n<blockquote>\n<h4 style=\"text-align: justify;\"><span style=\"color: #000000;\"><strong>El Museo Arco de C\u00f3rdoba est\u00e1 en Av. Amadeo Sabattini 4750 y\u00a0fue declarado de inter\u00e9s patrimonial por el Concejo Deliberante.\u00a0Su horario de visita es de 12 a 20hs, menos\u00a0los lunes, \u00fanico d\u00eda que permanecer\u00e1 cerrado.<\/strong><\/span><\/h4>\n<\/blockquote>\n<p style=\"text-align: justify;\">En el 2008, si bien no qued\u00f3 elegido, fue uno de los candidatos para la elecci\u00f3n de <strong>\u201cLas siete maravillas de C\u00f3rdoba\u201d<\/strong>, que organizaran el peri\u00f3dico\u00a0La Voz del Interior y la Agencia C\u00f3rdoba Cultura. \u00bfLas razones? Dos torreones de estilo medieval espa\u00f1ol con reminiscencias de arte rom\u00e1ntico muy marcadas, de seis metros de di\u00e1metro. La altura es de 18, 6 metros y una uni\u00f3n entre ellas. Pero adem\u00e1s el valor que todo cordob\u00e9s le aplica a esa mole hecha con adoquines de piedra.<\/p>\n<h2 style=\"text-align: justify;\">En el M.AR.CO de la cultura<\/h2>\n<p style=\"text-align: justify;\">En la <span style=\"color: #333333;\"><strong><a style=\"color: #333333;\" href=\"http:\/\/www.alquilerargentina.com\/C\u00f3rdoba\/\" target=\"_blank\">C\u00f3rdoba<\/a><\/strong><\/span>, ya hay otro Museo y es el del Arco de C\u00f3rdoba. Ni m\u00e1s ni menos que un nuevo\u00a0espacio cultural p\u00fablico. En sus cuatro pisos se destacan\u00a0claves hist\u00f3ricas e im\u00e1genes actuales de la ciudad, y adem\u00e1s en el puente que une las torres se puede tener una vista panor\u00e1mica de <strong>\u00abLa Docta\u00bb<\/strong>.<\/p>\n<p style=\"text-align: justify;\"><a ref=\"magnificPopup\" href=\"http:\/\/www.alquilerargentina.com\/blog\/wp-content\/uploads\/2015\/08\/museo-arco-cordoba-2.jpg\"><img loading=\"lazy\" decoding=\"async\" class=\"aligncenter size-full wp-image-5863\" src=\"http:\/\/www.alquilerargentina.com\/blog\/wp-content\/uploads\/2015\/08\/museo-arco-cordoba-2.jpg\" alt=\"museo-arco-cordoba-2\" width=\"780\" height=\"560\" srcset=\"https:\/\/blog3.alquilerargentina.com\/wp-content\/uploads\/2015\/08\/museo-arco-cordoba-2.jpg 780w, https:\/\/blog3.alquilerargentina.com\/wp-content\/uploads\/2015\/08\/museo-arco-cordoba-2-300x215.jpg 300w\" sizes=\"(max-width: 780px) 100vw, 780px\" \/><\/a><\/p>\n<p style=\"text-align: justify;\">El <span style=\"color: #ff6600;\"><strong>Museo Arco de C\u00f3rdoba (M.AR.CO)<\/strong><\/span>, posee\u00a0un gui\u00f3n historiogr\u00e1fico de la capital, que contin\u00faa\u00a0a la colecci\u00f3n hist\u00f3rica que es patrimonio del museo ubicado en el <strong>Cabildo<\/strong>, en la Plaza San Mart\u00edn. Expone una l\u00ednea hist\u00f3rica de la ciudad que se nos aparece en las paredes de ambas torres y van desde los primeros habitantes abor\u00edgenes\u00a0hasta el siglo XX.\u00a0Se complementa\u00a0con objetos hist\u00f3ricos y la\u00a0muestra de fotograf\u00edas contempor\u00e1neas de Aldo Carrizo.<\/p>\n<blockquote>\n<h4><span style=\"color: #000000;\"><strong><a href=\"http:\/\/www.alquilerargentina.com\/C\u00f3rdoba\/Ciudad-De-C\u00f3rdoba\/?utm_source=alquilerargentina&amp;utm_medium=blog&amp;utm_campaign=destinos_2015\" target=\"_blank\">Visit\u00e1 la <span style=\"color: #ff6600;\">Ciudad de C\u00f3rdoba<\/span> y alquil\u00e1 estos alojamientos que te proponemos.<\/a>\u00a0 [button type=\u00bbbd_button btn_small\u00bb url=\u00bbhttp:\/\/www.alquilerargentina.com\/C\u00f3rdoba\/Ciudad-De-C\u00f3rdoba\/?utm_source=alquilerargentina&amp;utm_medium=blog&amp;utm_campaign=destinos_2015&#8243; target=\u00bbon\u00bb button_color_fon=\u00bb#03b5ef\u00bb button_text_color=\u00bb#ffffff\u00bb ]Ver aqu\u00ed[\/button] <\/strong><\/span><\/h4>\n<\/blockquote>\n","protected":false},"excerpt":{"rendered":"<p>El Arco de C\u00f3rdoba, la bienvenida a la capital de la tonada, pero desde hace un mes, tambi\u00e9n nos invita a frenar y visitarlo\u2026 porque ahora ya es museo. Entrar a la Ciudad de\u00a0C\u00f3rdoba, no es s\u00f3lamente entrar a lo mediterr\u00e1neo de Argentina. Ni a la tierra de los ritmos, con el cuarteto, ni de&#8230;<\/p>\n","protected":false},"author":1,"featured_media":5861,"comment_status":"open","ping_status":"open","sticky":false,"template":"","format":"standard","meta":{"footnotes":""},"categories":[3588],"tags":[],"_links":{"self":[{"href":"https:\/\/www.alquilerargentina.com\/blog\/wp-json\/wp\/v2\/posts\/5801"}],"collection":[{"href":"https:\/\/www.alquilerargentina.com\/blog\/wp-json\/wp\/v2\/posts"}],"about":[{"href":"https:\/\/www.alquilerargentina.com\/blog\/wp-json\/wp\/v2\/types\/post"}],"author":[{"embeddable":true,"href":"https:\/\/www.alquilerargentina.com\/blog\/wp-json\/wp\/v2\/users\/1"}],"replies":[{"embeddable":true,"href":"https:\/\/www.alquilerargentina.com\/blog\/wp-json\/wp\/v2\/comments?post=5801"}],"version-history":[{"count":9,"href":"https:\/\/www.alquilerargentina.com\/blog\/wp-json\/wp\/v2\/posts\/5801\/revisions"}],"predecessor-version":[{"id":5950,"href":"https:\/\/www.alquilerargentina.com\/blog\/wp-json\/wp\/v2\/posts\/5801\/revisions\/5950"}],"wp:featuredmedia":[{"embeddable":true,"href":"https:\/\/www.alquilerargentina.com\/blog\/wp-json\/wp\/v2\/media\/5861"}],"wp:attachment":[{"href":"https:\/\/www.alquilerargentina.com\/blog\/wp-json\/wp\/v2\/media?parent=5801"}],"wp:term":[{"taxonomy":"category","embeddable":true,"href":"https:\/\/www.alquilerargentina.com\/blog\/wp-json\/wp\/v2\/categories?post=5801"},{"taxonomy":"post_tag","embeddable":true,"href":"https:\/\/www.alquilerargentina.com\/blog\/wp-json\/wp\/v2\/tags?post=5801"}],"curies":[{"name":"wp","href":"https:\/\/api.w.org\/{rel}","templated":true}]}}