{"id":5140,"date":"2015-07-03T15:21:29","date_gmt":"2015-07-03T18:21:29","guid":{"rendered":"http:\/\/www.alquilerargentina.com\/blog\/?p=5140"},"modified":"2015-07-03T15:24:32","modified_gmt":"2015-07-03T18:24:32","slug":"fiesta-nacional-del-poncho-en-catamarca","status":"publish","type":"post","link":"https:\/\/www.alquilerargentina.com\/blog\/novedades\/fiesta-nacional-del-poncho-en-catamarca.html","title":{"rendered":"Catamarca, ideal para ponerse el poncho"},"content":{"rendered":"<p style=\"text-align: justify;\"><em>La fiesta m\u00e1s grande que tenemos en estas <strong>vacaciones de\u00a0invierno<\/strong> en la Argentina: la <strong>Fiesta Nacional e Internacional del Poncho<\/strong>. Una cita con la identidad nacional y con una de las prendas que m\u00e1s nos caracterizan. <\/em><\/p>\n<p style=\"text-align: justify;\"><img loading=\"lazy\" decoding=\"async\" class=\"aligncenter size-full wp-image-5154\" src=\"http:\/\/www.alquilerargentina.com\/blog\/wp-content\/uploads\/2015\/07\/fiesta-del-poncho-3.jpg\" alt=\"fiesta-del-poncho-3\" width=\"785\" height=\"360\" srcset=\"https:\/\/blog3.alquilerargentina.com\/wp-content\/uploads\/2015\/07\/fiesta-del-poncho-3.jpg 785w, https:\/\/blog3.alquilerargentina.com\/wp-content\/uploads\/2015\/07\/fiesta-del-poncho-3-300x138.jpg 300w\" sizes=\"(max-width: 785px) 100vw, 785px\" \/><\/p>\n<p style=\"text-align: justify;\">La tradici\u00f3n y la m\u00fasica se juntan para festejar cada invierno la fiesta m\u00e1s grande de esta estaci\u00f3n:\u00a0la <strong>Fiesta Nacional e Internacional del Poncho<\/strong>. Esta\u00a0celebraci\u00f3n no tiene nada para envidiar a lo que pasa en otras provincias en verano. Ellos saben llamar la atenci\u00f3n, ellos saben hacerse valer desde el calendario festivo, pero adem\u00e1s porque saben que son un destino donde quien va, siempre quiere volver.<\/p>\n<p style=\"text-align: justify;\">Tenemos la excusa perfecta para visitar una de las provincias m\u00e1s lindas del norte argentino, el viaje nos lleva a\u00a0<span style=\"color: #ff6600;\"><strong><a style=\"color: #ff6600;\" href=\"http:\/\/www.alquilerargentina.com\/Catamarca\/?utm_source=alquilerargentina&amp;utm_medium=blog&amp;utm_campaign=destinos_invierno_2015\" target=\"_blank\">Catamarca<\/a><\/strong><\/span>.\u00a0Historia, paisajes, m\u00fasica, identidad\u2026 Todo en un solo lugar.<\/p>\n<h2 style=\"text-align: justify;\">Tejidos de identidadAlquil\u00e1 caba\u00f1as, deptos<\/h2>\n<p style=\"text-align: justify;\"><em>\u00abMe saco el saco de los imperios\/ Me pongo el poncho de los pueblos\u00bb<\/em> canta Ica Novo. Y es que en cada julio, cuando <strong><a href=\"http:\/\/www.alquilerargentina.com\/Catamarca\/San-Fdo.-Del-Valle-De-Catamarca\/?utm_source=alquilerargentina&amp;utm_medium=blog&amp;utm_campaign=destinos_invierno_2015\" target=\"_blank\">San Fernando del Valle de Catamarca<\/a>\u00a0<\/strong>se pone de fiesta.\u00a0Si vas, te convert\u00eds en\u00a0testigo de la expresi\u00f3n m\u00e1s importante de la provincia, reivindicando el poncho de vicu\u00f1a, pero tambi\u00e9n a quienes lo han llevado por todo el mundo, como Ram\u00f3n Navarro, por ejemplo.<\/p>\n<p style=\"text-align: justify;\">La calidad y la autenticidad de los tejidos locales, se muestran desde hace 45 a\u00f1os. A cinco a\u00f1os del cincuentenario de este festejo, cada vez son m\u00e1s los que se llegan para festejar y para dejarse llevar por el mundo que rodea este festejo, en el <strong>Predio Ferial Catamarca<\/strong>.\u00a0Los tejidos, las mantas, los pul\u00f3veres, y todo lo que pueden hacer con sus manos los artesanos est\u00e1n en los stands que se reparten en el predio.<\/p>\n<p style=\"text-align: justify;\"><img loading=\"lazy\" decoding=\"async\" class=\"aligncenter size-full wp-image-5152\" src=\"http:\/\/www.alquilerargentina.com\/blog\/wp-content\/uploads\/2015\/07\/fiesta-del-poncho-1.jpg\" alt=\"fiesta-del-poncho-1\" width=\"785\" height=\"360\" srcset=\"https:\/\/blog3.alquilerargentina.com\/wp-content\/uploads\/2015\/07\/fiesta-del-poncho-1.jpg 785w, https:\/\/blog3.alquilerargentina.com\/wp-content\/uploads\/2015\/07\/fiesta-del-poncho-1-300x138.jpg 300w\" sizes=\"(max-width: 785px) 100vw, 785px\" \/><\/p>\n<p style=\"text-align: justify;\">En el lugar hay varios sectores para disfrutar, como el de\u00a0<strong>Artesan\u00edas<\/strong> con\u00a0delegaciones de otras provincias\u00a0que representan ONGs, mercados artesanales, etc. El sector de <strong>Arte y Dise\u00f1o, Manualidades<\/strong> y para los que disfruten de los sabores t\u00edpicos de cada lugar, el sector de <strong>Productos Regionales <\/strong>con productos\u00a0de panader\u00eda, confiter\u00eda, dulces, vinos artesanales y caseros, entre otros.<\/p>\n<h2 style=\"text-align: justify;\">M\u00fasica que abriga<\/h2>\n<p style=\"text-align: justify;\">No tiene nada que envidiar a los dem\u00e1s festivales, por eso los grandes artistas se dan cita, para poder hacer m\u00e1s grande el festejo.<\/p>\n<p style=\"text-align: justify;\">El <strong>jueves 9<\/strong> se presentan con entrada gratuita\u00a0<strong>Los Nocheros<\/strong>. Luego la grilla hasta el 19 se ir\u00e1 completando con artistas como Guitarreros, Tonolec, Sandra Mihanovich, Sergio Galleguillo y sus amigos, Los Caligaris, Soledad, El Chaqueo Palavecino, Los Cafres, Los Tekis, Jorge Rojas y Los Manseros Santiague\u00f1os.<\/p>\n<p style=\"text-align: justify;\">Los <strong>precios de las entradas<\/strong> van desde los $70 a los $90, y en las \u00faltimas tres jornadas desde los $80 hasta los $100.<\/p>\n<p style=\"text-align: justify;\">Puede adquirirse personalmente en el Cine Teatro Catamarca \u2013contado efectivo o con Tarjeta Naranja- o v\u00eda internet y con tarjeta de cr\u00e9dito a trav\u00e9s de los sitios de Autoentrada y Tienda Naranja. para que nadie quede afuera. O mejor dicho, para que todos se pongan el\u00a0poncho.<\/p>\n<p style=\"text-align: justify;\"><img loading=\"lazy\" decoding=\"async\" class=\"aligncenter size-full wp-image-5155\" src=\"http:\/\/www.alquilerargentina.com\/blog\/wp-content\/uploads\/2015\/07\/fiesta-del-poncho-4.jpg\" alt=\"fiesta-del-poncho-4\" width=\"785\" height=\"360\" srcset=\"https:\/\/blog3.alquilerargentina.com\/wp-content\/uploads\/2015\/07\/fiesta-del-poncho-4.jpg 785w, https:\/\/blog3.alquilerargentina.com\/wp-content\/uploads\/2015\/07\/fiesta-del-poncho-4-300x138.jpg 300w\" sizes=\"(max-width: 785px) 100vw, 785px\" \/><\/p>\n<blockquote>\n<p style=\"text-align: justify;\"><span style=\"color: #000000;\"><strong><a href=\"http:\/\/www.alquilerargentina.com\/Catamarca\/?utm_source=alquilerargentina&amp;utm_medium=blog&amp;utm_campaign=destinos_invierno_2015\" target=\"_blank\">Alquil\u00e1 caba\u00f1as, deptos y casas en <span style=\"color: #ff6600;\">Catamarca<\/span> y disfrut\u00e1 de todas las actividades del Festival.<\/a>\u00a0 [button type=\u00bbbd_button btn_small\u00bb url=\u00bbhttp:\/\/www.alquilerargentina.com\/Catamarca\/?utm_source=alquilerargentina&amp;utm_medium=blog&amp;utm_campaign=destinos_invierno_2015&#8243; target=\u00bbon\u00bb button_color_fon=\u00bb#ff8000&#8243; button_text_color=\u00bb#ffffff\u00bb ]Ver m\u00e1s[\/button] <\/strong><\/span><\/p>\n<\/blockquote>\n","protected":false},"excerpt":{"rendered":"<p>La fiesta m\u00e1s grande que tenemos en estas vacaciones de\u00a0invierno en la Argentina: la Fiesta Nacional e Internacional del Poncho. Una cita con la identidad nacional y con una de las prendas que m\u00e1s nos caracterizan. La tradici\u00f3n y la m\u00fasica se juntan para festejar cada invierno la fiesta m\u00e1s grande de esta estaci\u00f3n:\u00a0la Fiesta&#8230;<\/p>\n","protected":false},"author":1,"featured_media":5151,"comment_status":"open","ping_status":"open","sticky":false,"template":"","format":"standard","meta":{"footnotes":""},"categories":[55],"tags":[],"_links":{"self":[{"href":"https:\/\/www.alquilerargentina.com\/blog\/wp-json\/wp\/v2\/posts\/5140"}],"collection":[{"href":"https:\/\/www.alquilerargentina.com\/blog\/wp-json\/wp\/v2\/posts"}],"about":[{"href":"https:\/\/www.alquilerargentina.com\/blog\/wp-json\/wp\/v2\/types\/post"}],"author":[{"embeddable":true,"href":"https:\/\/www.alquilerargentina.com\/blog\/wp-json\/wp\/v2\/users\/1"}],"replies":[{"embeddable":true,"href":"https:\/\/www.alquilerargentina.com\/blog\/wp-json\/wp\/v2\/comments?post=5140"}],"version-history":[{"count":9,"href":"https:\/\/www.alquilerargentina.com\/blog\/wp-json\/wp\/v2\/posts\/5140\/revisions"}],"predecessor-version":[{"id":5162,"href":"https:\/\/www.alquilerargentina.com\/blog\/wp-json\/wp\/v2\/posts\/5140\/revisions\/5162"}],"wp:featuredmedia":[{"embeddable":true,"href":"https:\/\/www.alquilerargentina.com\/blog\/wp-json\/wp\/v2\/media\/5151"}],"wp:attachment":[{"href":"https:\/\/www.alquilerargentina.com\/blog\/wp-json\/wp\/v2\/media?parent=5140"}],"wp:term":[{"taxonomy":"category","embeddable":true,"href":"https:\/\/www.alquilerargentina.com\/blog\/wp-json\/wp\/v2\/categories?post=5140"},{"taxonomy":"post_tag","embeddable":true,"href":"https:\/\/www.alquilerargentina.com\/blog\/wp-json\/wp\/v2\/tags?post=5140"}],"curies":[{"name":"wp","href":"https:\/\/api.w.org\/{rel}","templated":true}]}}