{"id":5072,"date":"2015-06-30T13:04:04","date_gmt":"2015-06-30T16:04:04","guid":{"rendered":"http:\/\/www.alquilerargentina.com\/blog\/?p=5072"},"modified":"2016-05-26T16:51:22","modified_gmt":"2016-05-26T19:51:22","slug":"en-estas-vacaciones-de-invierno-el-perito-moreno-te-espera","status":"publish","type":"post","link":"https:\/\/www.alquilerargentina.com\/blog\/paseos-y-excursiones\/en-estas-vacaciones-de-invierno-el-perito-moreno-te-espera.html","title":{"rendered":"Un tesoro en el sur: el Parque Nacional Perito Moreno"},"content":{"rendered":"<p style=\"text-align: justify;\"><em><span style=\"color: #000000;\">Rodeado de monta\u00f1as y valles, al centro oeste de la provincia de <strong><a href=\"http:\/\/www.alquilerargentina.com\/Santa-Cruz\/?utm_source=alquilerargentina&amp;utm_medium=blog&amp;utm_campaign=destinos_invierno_2015\" target=\"_blank\">Santa Cruz<\/a><\/strong>, se encuentra este maravilloso, \u00fanico e imponente escenario natural de nuestro pa\u00eds: el <strong>Glaciar Perito Moreno<\/strong>.<\/span><\/em><\/p>\n<p style=\"text-align: justify;\">El <span style=\"color: #ff6600;\"><strong>Parque Nacional Perito Moreno<\/strong><\/span>, abarca las eco-regiones del bosque y la estepa patag\u00f3nicos as\u00ed como la de los Altos Andes. Fue creado en el a\u00f1o 1937 y tiene un alto valor cient\u00edfico y cultural, gracias a su compromiso de preservar la fauna, la flora y los restos f\u00f3siles encontrados en la regi\u00f3n.<\/p>\n<p style=\"text-align: justify;\">Es un destino perfecto para estas <strong>vacaciones de invierno<\/strong>, donde vas a poder disfrutar de la naturaleza en su m\u00e1xima expresi\u00f3n, descasar, relajarte y realizar actividades al aire libre.<\/p>\n<h2 style=\"text-align: justify;\">Cuando visites el Parque, ten\u00e9 en cuenta:<\/h2>\n<ul style=\"text-align: justify;\">\n<li>No se cobra derecho de acceso.<\/li>\n<li>No est\u00e1 permitida la pr\u00e1ctica de la pesca, la navegaci\u00f3n y la caza.<\/li>\n<li>Tampoco est\u00e1 permitido hacer fuego y es obligatorio el uso de calentador.<\/li>\n<li>Evit\u00e1 ingresar con mascotas. En caso de que lo hagas deben permanecer atadas.<\/li>\n<li>Por tu seguridad, registr\u00e1 tu visita en el Centro de Informes.<\/li>\n<li>El\u00a0clima es fr\u00edo h\u00famedo, con nieves permanentes y precipitaciones frecuentes, por lo que te aconsejamos tener ropa de abrigo a mano.<\/li>\n<\/ul>\n<blockquote>\n<p style=\"text-align: justify;\"><span style=\"color: #000000;\"><strong>En\u00a0<span style=\"color: #ff6600;\"><a style=\"color: #ff6600;\" href=\"http:\/\/www.alquilerargentina.com\/\" target=\"_blank\">Alquiler Argentina<\/a><\/span> queremos que tu visita a este destino sea innolvidable. Hace click en el siguiente video y recorr\u00e9 parte de las maravillas que el Parque Nacional Perito Moreno tiene para ofrecerte.<\/strong><\/span><\/p>\n<\/blockquote>\n<p style=\"text-align: justify;\">[youtube youtubeurl=\u00bbwBEduDBF_YI\u00bb ][\/youtube]\n<p style=\"text-align: justify;\">Las siguientes son alternativas para realizar caminatas a trav\u00e9s de senderos. En el \u00e1rea, los guardaparques brindan informaci\u00f3n completa sobre estos recorridos:<\/p>\n<ul>\n<li style=\"text-align: justify;\"><strong>Ascenso del Cerro Le\u00f3n<\/strong>: se parte desde la Estancia La Oriental, y tiene una duraci\u00f3n de 4 horas de ida y vuelta. Durante el recorrido hay avistaje de c\u00f3ndores.<\/li>\n<li style=\"text-align: justify;\"><span style=\"color: #000000;\"><strong>Senda Natural Pen\u00ednsula Belgrano: i<\/strong><\/span><span style=\"color: #000000;\">nicia desde el istmo del <strong>Lago Belgrano<\/strong>, dura aproximadamente una o dos horas.<\/span><\/li>\n<li style=\"text-align: justify;\"><span style=\"color: #000000;\"><strong>Laguna del Mi\u00e9: s<\/strong><\/span><span style=\"color: #000000;\">e ubica a 6 km camino al <strong>Burmeister<\/strong>, y en el trayecto se recorren lagunas habitadas por numerosas aves<\/span><\/li>\n<li style=\"text-align: justify;\"><span style=\"color: #000000;\"><strong>Ascenso al Cerro Mi\u00e9: p<\/strong><\/span><span style=\"color: #000000;\">ara esta visita, te recomendamos hacerlo en d\u00edas despejados, con el asesoramiento y recomendaciones de los guardaparques. No te mandes solo \ud83d\ude09<\/span><\/li>\n<\/ul>\n<p><span style=\"color: #000000;\">Tambi\u00e9n hay excursiones de uno o dos d\u00edas:<\/span><\/p>\n<ul>\n<li style=\"text-align: justify;\"><span style=\"color: #000000;\"><strong>Al Lago Burmeister: s<\/strong><\/span><span style=\"color: #000000;\">e caracteriza por tener una duraci\u00f3n de 2 d\u00edas atravesando aguas tormentosas y bosques de lengas.<\/span><\/li>\n<li style=\"text-align: justify;\"><span style=\"color: #000000;\"><strong>Al Lago Volc\u00e1n: e<\/strong><\/span><span style=\"color: #000000;\">ste lago gris glaciar nos acerca al coraz\u00f3n del <strong>Parque Naciona<\/strong>l. Se puede dejar el auto a 3km. de <strong>El Rinc\u00f3n<\/strong>, y caminando 5km. se llegar\u00e1 a la costa del <strong>Lago Volc\u00e1n<\/strong>.<\/span><\/li>\n<li style=\"text-align: justify;\"><strong>Al Puesto del Nueve y al Lago Azara: despu\u00e9s de\u00a0<\/strong>5 horas se llega a un antiguo puesto de ovejeros que ofrece resguardo y sirve de base para explorar los alrededores. La vista ofrece el azul intenso del Lago Azara y la cascada del Lago Belgrano.<\/li>\n<li style=\"text-align: justify;\"><strong>Al Valle del Cerro San Lorenzo: d<\/strong>esde El Rinc\u00f3n, se llega por el camino hasta un \u00e1rea de acampe agreste. Desde este punto, 9km. m\u00e1s por el valle sin cruzar el r\u00edo se arriba al viejo puesto<\/li>\n<\/ul>\n<blockquote><p><span style=\"color: #000000;\"><strong><a href=\"http:\/\/www.alquilerargentina.com\/Santa-Cruz\/?utm_source=alquilerargentina&amp;utm_medium=blog&amp;utm_campaign=destinos_invierno_2015\" target=\"_blank\">Las mejores ofertas en caba\u00f1as, aparts y departamentos en <span style=\"color: #ff6600;\">Santa Cruz<\/span>.<\/a>\u00a0 [button type=\u00bbbd_button btn_small\u00bb url=\u00bbhttp:\/\/www.alquilerargentina.com\/Santa-Cruz\/?utm_source=alquilerargentina&amp;utm_medium=blog&amp;utm_campaign=destinos_invierno_2015&#8243; target=\u00bbon\u00bb button_color_fon=\u00bb#ff8000&#8243; button_text_color=\u00bb#ffffff\u00bb ]Ver m\u00e1s[\/button] <\/strong><\/span><\/p><\/blockquote>\n","protected":false},"excerpt":{"rendered":"<p>Rodeado de monta\u00f1as y valles, al centro oeste de la provincia de Santa Cruz, se encuentra este maravilloso, \u00fanico e imponente escenario natural de nuestro pa\u00eds: el Glaciar Perito Moreno. El Parque Nacional Perito Moreno, abarca las eco-regiones del bosque y la estepa patag\u00f3nicos as\u00ed como la de los Altos Andes. Fue creado en el&#8230;<\/p>\n","protected":false},"author":1,"featured_media":5092,"comment_status":"open","ping_status":"open","sticky":false,"template":"","format":"gallery","meta":{"footnotes":""},"categories":[3588],"tags":[],"_links":{"self":[{"href":"https:\/\/www.alquilerargentina.com\/blog\/wp-json\/wp\/v2\/posts\/5072"}],"collection":[{"href":"https:\/\/www.alquilerargentina.com\/blog\/wp-json\/wp\/v2\/posts"}],"about":[{"href":"https:\/\/www.alquilerargentina.com\/blog\/wp-json\/wp\/v2\/types\/post"}],"author":[{"embeddable":true,"href":"https:\/\/www.alquilerargentina.com\/blog\/wp-json\/wp\/v2\/users\/1"}],"replies":[{"embeddable":true,"href":"https:\/\/www.alquilerargentina.com\/blog\/wp-json\/wp\/v2\/comments?post=5072"}],"version-history":[{"count":19,"href":"https:\/\/www.alquilerargentina.com\/blog\/wp-json\/wp\/v2\/posts\/5072\/revisions"}],"predecessor-version":[{"id":5099,"href":"https:\/\/www.alquilerargentina.com\/blog\/wp-json\/wp\/v2\/posts\/5072\/revisions\/5099"}],"wp:featuredmedia":[{"embeddable":true,"href":"https:\/\/www.alquilerargentina.com\/blog\/wp-json\/wp\/v2\/media\/5092"}],"wp:attachment":[{"href":"https:\/\/www.alquilerargentina.com\/blog\/wp-json\/wp\/v2\/media?parent=5072"}],"wp:term":[{"taxonomy":"category","embeddable":true,"href":"https:\/\/www.alquilerargentina.com\/blog\/wp-json\/wp\/v2\/categories?post=5072"},{"taxonomy":"post_tag","embeddable":true,"href":"https:\/\/www.alquilerargentina.com\/blog\/wp-json\/wp\/v2\/tags?post=5072"}],"curies":[{"name":"wp","href":"https:\/\/api.w.org\/{rel}","templated":true}]}}