{"id":45356,"date":"2025-01-03T11:07:06","date_gmt":"2025-01-03T14:07:06","guid":{"rendered":"https:\/\/www.alquilerargentina.com\/blog\/?p=45356"},"modified":"2025-01-03T16:40:51","modified_gmt":"2025-01-03T19:40:51","slug":"llego-veranear-potencia-tus-publicaciones-con-herramientas-graficas","status":"publish","type":"post","link":"https:\/\/www.alquilerargentina.com\/blog\/duenos\/llego-veranear-potencia-tus-publicaciones-con-herramientas-graficas.html","title":{"rendered":"Lleg\u00f3 #Veranear: \u00a1potenci\u00e1 tus redes sociales con herramientas gr\u00e1ficas!"},"content":{"rendered":"<p data-sourcepos=\"5:1-5:215\">Con la llegada del verano, las oportunidades para aumentar tus reservas se multiplican. En Alquiler Argentina, queremos acompa\u00f1arte en este nuevo ciclo con nuestra campa\u00f1a <strong>Veranear<\/strong>.<\/p>\n<h1 data-sourcepos=\"7:1-7:21\"><strong>\u00bfQu\u00e9 es Veranear?<\/strong><\/h1>\n<p data-sourcepos=\"9:1-9:289\"><a href=\"https:\/\/www.youtube.com\/watch?v=RjJTUN906t0\">Veranear es nuestra nueva\u00a0 campa\u00f1a de verano,<\/a> dise\u00f1ada para ayudarte a destacar tus propiedades y captar m\u00e1s hu\u00e9spedes. Durante esta campa\u00f1a, <strong>pondremos a tu disposici\u00f3n una serie de herramientas y recursos exclusivos<\/strong> que te permitir\u00e1n potenciar tu presencia online y obtener m\u00e1s oportunidades.<\/p>\n<p><iframe loading=\"lazy\" title=\"YouTube video player\" src=\"https:\/\/www.youtube.com\/embed\/RjJTUN906t0?si=6Xy0gfn5zD6B_ghs\" width=\"785\" height=\"360\" frameborder=\"0\" allowfullscreen=\"allowfullscreen\"><\/iframe><\/p>\n<p data-sourcepos=\"13:1-13:173\">Para ayudarte a promocionar tus alquileres de forma efectiva<strong>, hemos creado un kit de herramientas que podr\u00e1s utilizar en tus redes sociales.<\/strong><\/p>\n<p data-sourcepos=\"13:1-13:173\"><strong style=\"letter-spacing: 0em;\">Aprovech\u00e1 nuestro kit de herramientas gr\u00e1ficas <\/strong><span style=\"letter-spacing: 0em;\">especialmente dise\u00f1ado para la campa\u00f1a Veranear. Este kit incluye:<\/span><\/p>\n<ul data-sourcepos=\"15:1-17:0\">\n<li data-sourcepos=\"15:1-15:287\"><strong>Plantillas de stories:<\/strong> Dise\u00f1amos plantillas atractivas y personalizables para que puedas crear historias destacadas en tu cuenta de Instagram. Estas plantillas cuentan con un espacio central donde podr\u00e1s agregar tus mejores fotos, resaltando lo que hace que tu propiedad sea \u00fanica.<\/li>\n<li data-sourcepos=\"16:1-17:0\"><strong>Elementos gr\u00e1ficos de la campa\u00f1a:<\/strong> Te proporcionamos una variedad de elementos gr\u00e1ficos, como logos, iconos y frases, que podr\u00e1s utilizar para darle un toque profesional a tus publicaciones.<\/li>\n<\/ul>\n<h4><a href=\"https:\/\/drive.google.com\/drive\/folders\/1JU2tedmqMHktZgIyAp6aWd1UhDIstusn?utm_source=newsletter&amp;utm_medium=medium&amp;utm_campaign=veranear&amp;utm_content=descargar\"><strong>Pod\u00e9s descargar el kit de herramientas gr\u00e1ficas para redes sociales desde ac\u00e1.<\/strong><\/a><\/h4>\n<h1 data-sourcepos=\"18:1-18:45\"><strong>\u00bfC\u00f3mo utilizar las herramientas gr\u00e1ficas de #Veranear?<\/strong><\/h1>\n<ol data-sourcepos=\"20:1-24:0\">\n<li data-sourcepos=\"20:1-20:118\"><strong>Descarg\u00e1 el kit:<\/strong><a href=\"https:\/\/drive.google.com\/drive\/folders\/1JU2tedmqMHktZgIyAp6aWd1UhDIstusn?utm_source=newsletter&amp;utm_medium=medium&amp;utm_campaign=veranear&amp;utm_content=descargar\"> Acced\u00e9 a este link desde tu computadora o celular<\/a>y descarg\u00e1 el kit de herramientas gr\u00e1ficas.<\/li>\n<li data-sourcepos=\"21:1-21:129\"><strong>Personaliz\u00e1 las plantillas en Instagram:\u00a0<\/strong>cre\u00e1 una historia desde tu celu, seleccionando una de las plantillas. Estas im\u00e1genes cuentan con un espacio negro en el centro para que insertes la foto de tu alojamiento.<\/li>\n<\/ol>\n<p><a ref=\"magnificPopup\" href=\"https:\/\/blog3.alquilerargentina.com\/wp-content\/uploads\/2025\/01\/blog_785x360px.jpg\"><img loading=\"lazy\" decoding=\"async\" class=\"aligncenter size-full wp-image-45365\" src=\"https:\/\/blog3.alquilerargentina.com\/wp-content\/uploads\/2025\/01\/blog_785x360px.jpg\" alt=\"\" width=\"785\" height=\"360\" srcset=\"https:\/\/blog3.alquilerargentina.com\/wp-content\/uploads\/2025\/01\/blog_785x360px.jpg 785w, https:\/\/blog3.alquilerargentina.com\/wp-content\/uploads\/2025\/01\/blog_785x360px-300x138.jpg 300w, https:\/\/blog3.alquilerargentina.com\/wp-content\/uploads\/2025\/01\/blog_785x360px-44x20.jpg 44w, https:\/\/blog3.alquilerargentina.com\/wp-content\/uploads\/2025\/01\/blog_785x360px-600x275.jpg 600w\" sizes=\"(max-width: 785px) 100vw, 785px\" \/><\/a><\/p>\n<ol data-sourcepos=\"20:1-24:0\">\n<li data-sourcepos=\"22:1-22:171\"><strong>Agreg\u00e1 el logo y los elementos gr\u00e1ficos:<\/strong> Incorpor\u00e1 el logo de Alquiler Argentina y los elementos gr\u00e1ficos de la campa\u00f1a para mantener una imagen de marca coherente.<\/li>\n<li data-sourcepos=\"23:1-24:0\"><strong>Mencion\u00e1 a @alquilerargentina:<\/strong> No te olvides de mencionar nuestra cuenta de Instagram (@alquilerargentina) en todas tus publicaciones para aumentar tu visibilidad y llegar a una audiencia m\u00e1s amplia.<\/li>\n<\/ol>\n<h1 data-sourcepos=\"25:1-25:55\"><strong>\u00bfPor qu\u00e9 es importante utilizar estas herramientas?<\/strong><\/h1>\n<ul data-sourcepos=\"27:1-30:0\">\n<li data-sourcepos=\"27:1-27:193\"><strong>Mayor visibilidad:<\/strong> Al utilizar las herramientas gr\u00e1ficas de Veranear, aumentar\u00e1s la visibilidad de tus propiedades en Instagram, una de las redes sociales m\u00e1s utilizadas por los viajeros.<\/li>\n<li data-sourcepos=\"28:1-28:164\"><strong>Mayor engagement:<\/strong> Las historias destacadas y las publicaciones atractivas generan m\u00e1s interacci\u00f3n con tus seguidores, lo que puede traducirse en m\u00e1s reservas.<\/li>\n<li data-sourcepos=\"29:1-30:0\"><strong>Posicionamiento:<\/strong> El uso consistente de las herramientas gr\u00e1ficas y la menci\u00f3n a @alquilerargentina te ayudar\u00e1 a posicionarte como un socio destacado de Alquiler Argentina.<\/li>\n<\/ul>\n<h2 data-sourcepos=\"31:1-31:33\"><strong>\u00a1No pierdas esta oportunidad!<\/strong><\/h2>\n<p data-sourcepos=\"33:1-33:206\">Aprovech\u00e1 al m\u00e1ximo la temporada de verano y potenci\u00e1 tus alquileres con Veranear. Utiliz\u00e1 nuestro kit de herramientas gr\u00e1ficas para crear contenido atractivo y destacar entre la competencia. \u00a1Te esperamos!<\/p>\n<p>&nbsp;<\/p>\n","protected":false},"excerpt":{"rendered":"<p>Con la llegada del verano, las oportunidades para aumentar tus reservas se multiplican. En Alquiler Argentina, queremos acompa\u00f1arte en este nuevo ciclo con nuestra campa\u00f1a Veranear. \u00bfQu\u00e9 es Veranear? Veranear es nuestra nueva\u00a0 campa\u00f1a de verano, dise\u00f1ada para ayudarte a destacar tus propiedades y captar m\u00e1s hu\u00e9spedes. Durante esta campa\u00f1a, pondremos a tu disposici\u00f3n una&#8230;<\/p>\n","protected":false},"author":1,"featured_media":45362,"comment_status":"open","ping_status":"open","sticky":false,"template":"","format":"standard","meta":{"footnotes":""},"categories":[7069],"tags":[],"_links":{"self":[{"href":"https:\/\/www.alquilerargentina.com\/blog\/wp-json\/wp\/v2\/posts\/45356"}],"collection":[{"href":"https:\/\/www.alquilerargentina.com\/blog\/wp-json\/wp\/v2\/posts"}],"about":[{"href":"https:\/\/www.alquilerargentina.com\/blog\/wp-json\/wp\/v2\/types\/post"}],"author":[{"embeddable":true,"href":"https:\/\/www.alquilerargentina.com\/blog\/wp-json\/wp\/v2\/users\/1"}],"replies":[{"embeddable":true,"href":"https:\/\/www.alquilerargentina.com\/blog\/wp-json\/wp\/v2\/comments?post=45356"}],"version-history":[{"count":7,"href":"https:\/\/www.alquilerargentina.com\/blog\/wp-json\/wp\/v2\/posts\/45356\/revisions"}],"predecessor-version":[{"id":45367,"href":"https:\/\/www.alquilerargentina.com\/blog\/wp-json\/wp\/v2\/posts\/45356\/revisions\/45367"}],"wp:featuredmedia":[{"embeddable":true,"href":"https:\/\/www.alquilerargentina.com\/blog\/wp-json\/wp\/v2\/media\/45362"}],"wp:attachment":[{"href":"https:\/\/www.alquilerargentina.com\/blog\/wp-json\/wp\/v2\/media?parent=45356"}],"wp:term":[{"taxonomy":"category","embeddable":true,"href":"https:\/\/www.alquilerargentina.com\/blog\/wp-json\/wp\/v2\/categories?post=45356"},{"taxonomy":"post_tag","embeddable":true,"href":"https:\/\/www.alquilerargentina.com\/blog\/wp-json\/wp\/v2\/tags?post=45356"}],"curies":[{"name":"wp","href":"https:\/\/api.w.org\/{rel}","templated":true}]}}