{"id":45147,"date":"2024-09-02T17:02:47","date_gmt":"2024-09-02T20:02:47","guid":{"rendered":"https:\/\/www.alquilerargentina.com\/blog\/?p=45147"},"modified":"2024-09-02T17:02:54","modified_gmt":"2024-09-02T20:02:54","slug":"como-se-llama-la-ropa-de-oktoberfest","status":"publish","type":"post","link":"https:\/\/www.alquilerargentina.com\/blog\/novedades\/agenda\/como-se-llama-la-ropa-de-oktoberfest.html","title":{"rendered":"\u00bfC\u00f3mo se llama la ropa de Oktoberfest?"},"content":{"rendered":"<p data-sourcepos=\"15:1-15:220\">\u00bfVas por primera vez al <a href=\"https:\/\/www.alquilerargentina.com\/evento\/oktoberfest\">Oktoberfest<\/a> y no sab\u00e9s c\u00f3mo vestirte? \u00a1Te contamos todos los detalles en esta nota!<\/p>\n<h2 data-sourcepos=\"15:1-15:220\"><strong>C\u00f3mo vestirte para el Oktoberfest<\/strong><\/h2>\n<p data-sourcepos=\"15:1-15:220\">Cuando pensamos en el Oktoberfest, se nos vienen a la mente im\u00e1genes de gente vestida con trajes coloridos y alegres. Pero, \u00bfc\u00f3mo se llaman estas prendas?<\/p>\n<ul data-sourcepos=\"17:1-17:118\">\n<li data-sourcepos=\"17:1-17:118\"><strong>Dirndl:<\/strong> Este es el vestido tradicional femenino, caracterizado por su falda amplia, corpi\u00f1o ajustado y delantal.<\/li>\n<\/ul>\n<p><a ref=\"magnificPopup\" href=\"https:\/\/blog3.alquilerargentina.com\/wp-content\/uploads\/2024\/09\/oktoberfest-argentina-3.png\"><img loading=\"lazy\" decoding=\"async\" class=\"aligncenter size-full wp-image-45148\" src=\"https:\/\/blog3.alquilerargentina.com\/wp-content\/uploads\/2024\/09\/oktoberfest-argentina-3.png\" alt=\"\" width=\"785\" height=\"360\" srcset=\"https:\/\/blog3.alquilerargentina.com\/wp-content\/uploads\/2024\/09\/oktoberfest-argentina-3.png 785w, https:\/\/blog3.alquilerargentina.com\/wp-content\/uploads\/2024\/09\/oktoberfest-argentina-3-300x138.png 300w, https:\/\/blog3.alquilerargentina.com\/wp-content\/uploads\/2024\/09\/oktoberfest-argentina-3-44x20.png 44w, https:\/\/blog3.alquilerargentina.com\/wp-content\/uploads\/2024\/09\/oktoberfest-argentina-3-600x275.png 600w\" sizes=\"(max-width: 785px) 100vw, 785px\" \/><\/a><\/p>\n<ul data-sourcepos=\"17:1-17:118\">\n<li data-sourcepos=\"18:1-19:0\"><strong>Lederhosen:<\/strong> Son los pantalones cortos de cuero para hombres, muy c\u00f3modos y pr\u00e1cticos para bailar y disfrutar de la fiesta.<\/li>\n<\/ul>\n<p><a ref=\"magnificPopup\" href=\"https:\/\/blog3.alquilerargentina.com\/wp-content\/uploads\/2024\/09\/sierras-de-cordoba-a-caballo-cabalgatas-2.png\"><img loading=\"lazy\" decoding=\"async\" class=\"aligncenter size-full wp-image-45115\" src=\"https:\/\/blog3.alquilerargentina.com\/wp-content\/uploads\/2024\/09\/sierras-de-cordoba-a-caballo-cabalgatas-2.png\" alt=\"\" width=\"1000\" height=\"700\" srcset=\"https:\/\/blog3.alquilerargentina.com\/wp-content\/uploads\/2024\/09\/sierras-de-cordoba-a-caballo-cabalgatas-2.png 1000w, https:\/\/blog3.alquilerargentina.com\/wp-content\/uploads\/2024\/09\/sierras-de-cordoba-a-caballo-cabalgatas-2-300x210.png 300w, https:\/\/blog3.alquilerargentina.com\/wp-content\/uploads\/2024\/09\/sierras-de-cordoba-a-caballo-cabalgatas-2-44x31.png 44w, https:\/\/blog3.alquilerargentina.com\/wp-content\/uploads\/2024\/09\/sierras-de-cordoba-a-caballo-cabalgatas-2-571x400.png 571w\" sizes=\"(max-width: 1000px) 100vw, 1000px\" \/><\/a><\/p>\n<h2 data-sourcepos=\"20:1-20:48\"><strong>\u00bfC\u00f3mo va la gente vestida al Oktoberfest?<\/strong><\/h2>\n<p data-sourcepos=\"22:1-22:257\">La mayor\u00eda de las personas que asisten al Oktoberfest suelen vestirse con los trajes t\u00edpicos b\u00e1varos. Sin embargo, tambi\u00e9n es com\u00fan ver a gente con ropa m\u00e1s informal, como camisas a cuadros y jeans. Lo importante es sentirse c\u00f3modo y disfrutar de la fiesta.<\/p>\n<h2 data-sourcepos=\"31:1-31:70\"><strong>\u00bfCu\u00e1nto sale la entrada al Oktoberfest Villa General Belgrano 2024?<\/strong><\/h2>\n<p data-sourcepos=\"22:1-22:149\">Los precios de las entradas para la <a href=\"https:\/\/www.alquilerargentina.com\/evento\/oktoberfest\">Oktoberfest 2024<\/a> pueden variar dependiendo del d\u00eda, el artista invitado y si se compran anticipadas o en puerta: el rango va desde los $8.000 hasta los $5.000<\/p>\n<ul>\n<li data-sourcepos=\"22:1-22:149\"><strong>Precio de las entradas<\/strong>: <a href=\"https:\/\/www.alquilerargentina.com\/blog\/novedades\/agenda\/oktoberfest-2024-cuanto-valen-las-entradas-villa-general-belgrano.html\">pod\u00e9s ver el costo de los tickets por d\u00eda desde ac\u00e1.<\/a><\/li>\n<li><strong>D\u00f3nde comprar: <\/strong>Pod\u00e9s comprar tu entrada de manera presencial en el predio principal o sacar tu\u00a0 anticipada <a href=\"https:\/\/oktoberfestargentina.com.ar\/\">desde la p\u00e1gina oficial de Oktoberfest Argentina.<\/a><\/li>\n<\/ul>\n<div class=\"g-cols wpb_row via_grid cols_1 laptops-cols_inherit tablets-cols_inherit mobiles-cols_1 valign_top type_default stacking_default\">\n<div class=\"wpb_column vc_column_container\">\n<div class=\"vc_column-inner\">\n<div class=\"w-post-elm post_content without_sections\">\n<h2 data-sourcepos=\"27:1-27:60\"><strong>\u00bfC\u00f3mo encontrar alojamiento para la Oktoberfest 2024?<\/strong><\/h2>\n<p><a class=\"inited\" ref=\"magnificPopup\" href=\"https:\/\/blog3.alquilerargentina.com\/wp-content\/uploads\/2024\/09\/Traslasierra-cabalgatas-2.png\"><img loading=\"lazy\" decoding=\"async\" class=\"aligncenter size-full wp-image-45114\" src=\"https:\/\/blog3.alquilerargentina.com\/wp-content\/uploads\/2024\/09\/Traslasierra-cabalgatas-2.png\" sizes=\"(max-width: 785px) 100vw, 785px\" srcset=\"https:\/\/blog3.alquilerargentina.com\/wp-content\/uploads\/2024\/09\/Traslasierra-cabalgatas-2.png 785w, https:\/\/blog3.alquilerargentina.com\/wp-content\/uploads\/2024\/09\/Traslasierra-cabalgatas-2-300x138.png 300w, https:\/\/blog3.alquilerargentina.com\/wp-content\/uploads\/2024\/09\/Traslasierra-cabalgatas-2-44x20.png 44w, https:\/\/blog3.alquilerargentina.com\/wp-content\/uploads\/2024\/09\/Traslasierra-cabalgatas-2-600x275.png 600w\" alt=\"\" width=\"785\" height=\"360\" \/><\/a><\/p>\n<p data-sourcepos=\"29:1-29:81\"><a href=\"https:\/\/www.alquilerargentina.com\/C%C3%B3rdoba\/Villa-General-Belgrano\/\">Si est\u00e1s pensando en viajar a Villa General Belgrano<\/a>\u00a0para disfrutar de la<a href=\"https:\/\/www.alquilerargentina.com\/evento\/oktoberfest\">\u00a0Oktoberfest,<\/a>\u00a0es fundamental que reserves tu alojamiento con anticipaci\u00f3n, ya que la demanda es muy alta.<\/p>\n<p data-sourcepos=\"29:1-29:81\">En\u00a0<a href=\"https:\/\/www.alquilerargentina.com\/\"><strong>Alquiler Argentina<\/strong><\/a>\u00a0encontrar\u00e1s una amplia variedad de caba\u00f1as y casas para todos los gustos y presupuestos. \u00a1Reserva ahora y asegura tu lugar en esta incre\u00edble fiesta!<\/p>\n<\/div>\n<\/div>\n<\/div>\n<\/div>\n","protected":false},"excerpt":{"rendered":"<p>\u00bfVas por primera vez al Oktoberfest y no sab\u00e9s c\u00f3mo vestirte? \u00a1Te contamos todos los detalles en esta nota! C\u00f3mo vestirte para el Oktoberfest Cuando pensamos en el Oktoberfest, se nos vienen a la mente im\u00e1genes de gente vestida con trajes coloridos y alegres. Pero, \u00bfc\u00f3mo se llaman estas prendas? Dirndl: Este es el vestido&#8230;<\/p>\n","protected":false},"author":1,"featured_media":45149,"comment_status":"open","ping_status":"open","sticky":false,"template":"","format":"standard","meta":{"footnotes":""},"categories":[10901],"tags":[],"_links":{"self":[{"href":"https:\/\/www.alquilerargentina.com\/blog\/wp-json\/wp\/v2\/posts\/45147"}],"collection":[{"href":"https:\/\/www.alquilerargentina.com\/blog\/wp-json\/wp\/v2\/posts"}],"about":[{"href":"https:\/\/www.alquilerargentina.com\/blog\/wp-json\/wp\/v2\/types\/post"}],"author":[{"embeddable":true,"href":"https:\/\/www.alquilerargentina.com\/blog\/wp-json\/wp\/v2\/users\/1"}],"replies":[{"embeddable":true,"href":"https:\/\/www.alquilerargentina.com\/blog\/wp-json\/wp\/v2\/comments?post=45147"}],"version-history":[{"count":1,"href":"https:\/\/www.alquilerargentina.com\/blog\/wp-json\/wp\/v2\/posts\/45147\/revisions"}],"predecessor-version":[{"id":45150,"href":"https:\/\/www.alquilerargentina.com\/blog\/wp-json\/wp\/v2\/posts\/45147\/revisions\/45150"}],"wp:featuredmedia":[{"embeddable":true,"href":"https:\/\/www.alquilerargentina.com\/blog\/wp-json\/wp\/v2\/media\/45149"}],"wp:attachment":[{"href":"https:\/\/www.alquilerargentina.com\/blog\/wp-json\/wp\/v2\/media?parent=45147"}],"wp:term":[{"taxonomy":"category","embeddable":true,"href":"https:\/\/www.alquilerargentina.com\/blog\/wp-json\/wp\/v2\/categories?post=45147"},{"taxonomy":"post_tag","embeddable":true,"href":"https:\/\/www.alquilerargentina.com\/blog\/wp-json\/wp\/v2\/tags?post=45147"}],"curies":[{"name":"wp","href":"https:\/\/api.w.org\/{rel}","templated":true}]}}