{"id":45134,"date":"2024-09-02T16:14:28","date_gmt":"2024-09-02T19:14:28","guid":{"rendered":"https:\/\/www.alquilerargentina.com\/blog\/?p=45134"},"modified":"2024-09-02T16:17:31","modified_gmt":"2024-09-02T19:17:31","slug":"mejor-dia-oktoberfest-villa-general-belgrano-argentina-2024","status":"publish","type":"post","link":"https:\/\/www.alquilerargentina.com\/blog\/novedades\/agenda\/mejor-dia-oktoberfest-villa-general-belgrano-argentina-2024.html","title":{"rendered":"\u00bfCu\u00e1ntas horas dura el Oktoberfest y cu\u00e1l es el mejor d\u00eda para ir?"},"content":{"rendered":"<p data-sourcepos=\"9:1-9:84\">\u00bfQuer\u00e9s aprovechar al m\u00e1ximo tu experiencia en el <a href=\"https:\/\/www.alquilerargentina.com\/evento\/oktoberfest\">Oktoberfest?<\/a> Te contamos cu\u00e1nto dura la fiesta, a qu\u00e9 hora es mejor ir y cu\u00e1les son los d\u00edas m\u00e1s animados. \u00a1<strong>Planifica tu visita y disfruta al m\u00e1ximo de esta incre\u00edble celebraci\u00f3n!<\/strong><\/p>\n<h2 data-sourcepos=\"13:1-13:42\"><strong>\u00bfCu\u00e1ntas horas dura el Oktoberfest?<\/strong><\/h2>\n<p data-sourcepos=\"15:1-15:231\">La duraci\u00f3n del<a href=\"https:\/\/www.alquilerargentina.com\/evento\/oktoberfest\"> Oktoberfest<\/a> puede variar ligeramente cada a\u00f1o, pero por lo general se extiende a lo largo de <strong>dos fines de semana completos<\/strong>. Esto significa que tienes varias oportunidades para disfrutar de esta incre\u00edble fiesta.<\/p>\n<p><iframe loading=\"lazy\" title=\"YouTube video player\" src=\"https:\/\/www.youtube.com\/embed\/yEL6jEQeRew?si=uv2ByyLF49ueq_XM\" width=\"560\" height=\"315\" frameborder=\"0\" allowfullscreen=\"allowfullscreen\"><\/iframe><\/p>\n<ul>\n<li data-sourcepos=\"15:1-15:231\"><a href=\"https:\/\/www.alquilerargentina.com\/blog\/novedades\/agenda\/oktoberfest-2024-cuanto-valen-las-entradas-villa-general-belgrano.html\"><strong>Pod\u00e9s consultar la trivia de artistas del Oktoberfest 2024 y precios de las entradas desde ac\u00e1.<\/strong><\/a><\/li>\n<\/ul>\n<h2 data-sourcepos=\"17:1-17:46\"><strong>\u00bfA qu\u00e9 hora conviene ir al Oktoberfest?<\/strong><\/h2>\n<ul data-sourcepos=\"19:1-19:51\">\n<li data-sourcepos=\"19:1-19:51\"><strong>Ma\u00f1ana:<\/strong> Si buscas un ambiente m\u00e1s tranquilo y quieres disfrutar de la comida y la cerveza sin las grandes multitudes, te recomendamos llegar temprano en la ma\u00f1ana.<\/li>\n<li data-sourcepos=\"20:1-20:115\"><strong>Tarde:<\/strong> Por la tarde, el ambiente se vuelve m\u00e1s animado y podr\u00e1s disfrutar de los espect\u00e1culos y los desfiles.<\/li>\n<li data-sourcepos=\"21:1-22:0\"><strong>Noche:<\/strong> Si lo que buscas es una fiesta hasta altas horas de la madrugada, la noche es el momento ideal para visitar el Oktoberfest.<\/li>\n<\/ul>\n<h3 data-sourcepos=\"23:1-23:52\"><strong>\u00bfCu\u00e1l es el mejor d\u00eda para ir al Oktoberfest?<\/strong><\/h3>\n<p data-sourcepos=\"25:1-25:95\">La elecci\u00f3n del mejor d\u00eda para visitar el <a href=\"https:\/\/www.alquilerargentina.com\/evento\/oktoberfest\">Oktoberfest<\/a> depender\u00e1 de tus preferencias personales:<\/p>\n<ul data-sourcepos=\"27:1-27:52\">\n<li data-sourcepos=\"27:1-27:52\"><strong>Fin de semana de apertura:<\/strong> Si quieres vivir la emoci\u00f3n del inicio de la fiesta, el primer fin de semana es una excelente opci\u00f3n.<\/li>\n<li data-sourcepos=\"28:1-28:110\"><strong>Medios de semana:<\/strong> Si buscas evitar las grandes multitudes, los d\u00edas de semana suelen ser m\u00e1s tranquilos.<\/li>\n<li data-sourcepos=\"29:1-30:0\"><strong>\u00daltimo fin de semana:<\/strong> Si sos un verdadero amante de la fiesta, el \u00faltimo fin de semana es una oportunidad para disfrutar de la Oktoberfest en todo su esplendor.<\/li>\n<\/ul>\n<h2 data-sourcepos=\"31:1-31:38\"><strong>\u00a0\u00bfD\u00f3nde es el mejor Oktoberfest?<\/strong><\/h2>\n<p data-sourcepos=\"33:1-33:177\">Si bien existen celebraciones inspiradas en el <a href=\"https:\/\/www.alquilerargentina.com\/evento\/oktoberfest\">Oktoberfest<\/a> en diferentes partes del mundo, <a href=\"https:\/\/www.alquilerargentina.com\/C%C3%B3rdoba\/Villa-General-Belgrano\/\"><strong>Villa General Belgrano<\/strong><\/a> en Argentina es reconocida por tener una de las fiestas m\u00e1s aut\u00e9nticas y animadas.<\/p>\n","protected":false},"excerpt":{"rendered":"<p>\u00bfQuer\u00e9s aprovechar al m\u00e1ximo tu experiencia en el Oktoberfest? Te contamos cu\u00e1nto dura la fiesta, a qu\u00e9 hora es mejor ir y cu\u00e1les son los d\u00edas m\u00e1s animados. \u00a1Planifica tu visita y disfruta al m\u00e1ximo de esta incre\u00edble celebraci\u00f3n! \u00bfCu\u00e1ntas horas dura el Oktoberfest? La duraci\u00f3n del Oktoberfest puede variar ligeramente cada a\u00f1o, pero por&#8230;<\/p>\n","protected":false},"author":1,"featured_media":0,"comment_status":"open","ping_status":"open","sticky":false,"template":"","format":"standard","meta":{"footnotes":""},"categories":[10901],"tags":[],"_links":{"self":[{"href":"https:\/\/www.alquilerargentina.com\/blog\/wp-json\/wp\/v2\/posts\/45134"}],"collection":[{"href":"https:\/\/www.alquilerargentina.com\/blog\/wp-json\/wp\/v2\/posts"}],"about":[{"href":"https:\/\/www.alquilerargentina.com\/blog\/wp-json\/wp\/v2\/types\/post"}],"author":[{"embeddable":true,"href":"https:\/\/www.alquilerargentina.com\/blog\/wp-json\/wp\/v2\/users\/1"}],"replies":[{"embeddable":true,"href":"https:\/\/www.alquilerargentina.com\/blog\/wp-json\/wp\/v2\/comments?post=45134"}],"version-history":[{"count":3,"href":"https:\/\/www.alquilerargentina.com\/blog\/wp-json\/wp\/v2\/posts\/45134\/revisions"}],"predecessor-version":[{"id":45138,"href":"https:\/\/www.alquilerargentina.com\/blog\/wp-json\/wp\/v2\/posts\/45134\/revisions\/45138"}],"wp:attachment":[{"href":"https:\/\/www.alquilerargentina.com\/blog\/wp-json\/wp\/v2\/media?parent=45134"}],"wp:term":[{"taxonomy":"category","embeddable":true,"href":"https:\/\/www.alquilerargentina.com\/blog\/wp-json\/wp\/v2\/categories?post=45134"},{"taxonomy":"post_tag","embeddable":true,"href":"https:\/\/www.alquilerargentina.com\/blog\/wp-json\/wp\/v2\/tags?post=45134"}],"curies":[{"name":"wp","href":"https:\/\/api.w.org\/{rel}","templated":true}]}}