{"id":45120,"date":"2024-09-02T12:26:52","date_gmt":"2024-09-02T15:26:52","guid":{"rendered":"https:\/\/www.alquilerargentina.com\/blog\/?p=45120"},"modified":"2024-09-02T12:27:52","modified_gmt":"2024-09-02T15:27:52","slug":"oktoberfest-que-se-hace-2024-villa-general-belgrano-argentina","status":"publish","type":"post","link":"https:\/\/www.alquilerargentina.com\/blog\/oferta\/oktoberfest-que-se-hace-2024-villa-general-belgrano-argentina.html","title":{"rendered":"\u00bfQue se suele hacer en el Oktoberfest en Argentina?"},"content":{"rendered":"<p data-sourcepos=\"9:1-9:101\"><a href=\"https:\/\/www.alquilerargentina.com\/evento\/oktoberfest\"><strong>\u00bfTe preguntas qu\u00e9 se hace en el Oktoberfest?<\/strong> <\/a>\u00a1En este art\u00edculo te contamos todo sobre las tradiciones, actividades y la incre\u00edble atm\u00f3sfera que se vive en la fiesta de la cerveza m\u00e1s grande de Argentina!<\/p>\n<p><a ref=\"magnificPopup\" href=\"https:\/\/blog3.alquilerargentina.com\/wp-content\/uploads\/2024\/09\/Traslasierra-cabalgatas-1.png\"><img loading=\"lazy\" decoding=\"async\" class=\"aligncenter size-full wp-image-45121\" src=\"https:\/\/blog3.alquilerargentina.com\/wp-content\/uploads\/2024\/09\/Traslasierra-cabalgatas-1.png\" alt=\"\" width=\"785\" height=\"360\" srcset=\"https:\/\/blog3.alquilerargentina.com\/wp-content\/uploads\/2024\/09\/Traslasierra-cabalgatas-1.png 785w, https:\/\/blog3.alquilerargentina.com\/wp-content\/uploads\/2024\/09\/Traslasierra-cabalgatas-1-300x138.png 300w, https:\/\/blog3.alquilerargentina.com\/wp-content\/uploads\/2024\/09\/Traslasierra-cabalgatas-1-44x20.png 44w, https:\/\/blog3.alquilerargentina.com\/wp-content\/uploads\/2024\/09\/Traslasierra-cabalgatas-1-600x275.png 600w\" sizes=\"(max-width: 785px) 100vw, 785px\" \/><\/a><\/p>\n<p data-sourcepos=\"15:1-15:360\"><strong><a href=\"https:\/\/www.alquilerargentina.com\/evento\/oktoberfest\">El Oktoberfest<\/a><\/strong> es una tradicional fiesta alemana que celebra la cerveza y la cultura b\u00e1vara. En Argentina, esta festividad se ha arraigado con fuerza, especialmente en <a href=\"https:\/\/www.alquilerargentina.com\/C%C3%B3rdoba\/Villa-General-Belgrano\/\"><strong>Villa General Belgrano, C\u00f3rdoba<\/strong>.<\/a> Cada a\u00f1o, miles de personas se re\u00fanen para disfrutar de una experiencia \u00fanica llena de m\u00fasica, baile, gastronom\u00eda y, por supuesto, <strong>mucha cerveza artesanal.<\/strong><\/p>\n<h2><strong>\u00a0\u00bfQu\u00e9 actividades hay en el Oktoberfest?<\/strong><\/h2>\n<p><iframe loading=\"lazy\" title=\"YouTube video player\" src=\"https:\/\/www.youtube.com\/embed\/z-XrQxUlIpY?si=iJIoToMrEsxEdWhg\" width=\"560\" height=\"315\" frameborder=\"0\" allowfullscreen=\"allowfullscreen\"><\/iframe><\/p>\n<p data-sourcepos=\"19:1-19:79\"><strong><a href=\"https:\/\/www.alquilerargentina.com\/evento\/oktoberfest\">La Oktoberfest<\/a> ofrece una amplia variedad de actividades para todos los gustos:<\/strong><\/p>\n<ul data-sourcepos=\"21:1-24:90\">\n<li data-sourcepos=\"21:1-21:140\"><strong>Desfile de apertura:<\/strong> Un colorido desfile que marca el inicio de la fiesta, con trajes t\u00edpicos, bandas de m\u00fasica y carrozas aleg\u00f3ricas.<\/li>\n<li data-sourcepos=\"22:1-22:149\"><strong>M\u00fasica en vivo:<\/strong> Disfruta de las presentaciones de bandas locales e internacionales, que interpretan m\u00fasica tradicional alemana y otros g\u00e9neros.<\/li>\n<li data-sourcepos=\"23:1-23:94\"><strong>Bailes t\u00edpicos:<\/strong> Aprende los pasos b\u00e1sicos de los bailes alemanes y \u00fanete a la diversi\u00f3n.<\/li>\n<li data-sourcepos=\"24:1-24:90\"><strong>Gastronom\u00eda:<\/strong> Deleita tu paladar con platos t\u00edpicos alemanes como salchichas, chucrut, pretzels y, por supuesto, una gran variedad de cervezas artesanales.<\/li>\n<li data-sourcepos=\"25:1-25:130\"><strong>Actividades para ni\u00f1os:<\/strong> Juegos, talleres y espect\u00e1culos infantiles para que los m\u00e1s peque\u00f1os tambi\u00e9n disfruten de la fiesta.<\/li>\n<li data-sourcepos=\"26:1-27:0\"><strong>Espacios tem\u00e1ticos:<\/strong> Explora diferentes espacios ambientados en la cultura alemana, como un t\u00edpico pub b\u00e1varo o una aldea medieval.<\/li>\n<\/ul>\n<h2 data-sourcepos=\"28:1-28:52\"><strong>\u00bfC\u00f3mo se festeja el Oktoberfest en Argentina?<\/strong><\/h2>\n<p data-sourcepos=\"30:1-30:139\">En Argentina, <a href=\"https:\/\/www.alquilerargentina.com\/evento\/oktoberfest\">el Oktoberfest se<\/a> celebra con un gran entusiasmo y una fuerte identidad local. Algunas de las tradiciones m\u00e1s destacadas son:<\/p>\n<ul data-sourcepos=\"32:1-32:48\">\n<li data-sourcepos=\"32:1-32:48\"><strong>El espiche del barril:<\/strong> Un momento clave de la fiesta en el que se abre el primer barril de cerveza, dando inicio a los festejos.<\/li>\n<li data-sourcepos=\"33:1-33:137\"><strong>El traje t\u00edpico:<\/strong> Muchos asistentes se visten con trajes t\u00edpicos alemanes para sumergirse por completo en la atm\u00f3sfera de la fiesta.<\/li>\n<li data-sourcepos=\"34:1-34:124\"><strong>La m\u00fasica en vivo:<\/strong> Las bandas de m\u00fasica tocan sin parar durante toda la fiesta, creando un ambiente festivo y animado.<\/li>\n<li data-sourcepos=\"35:1-36:0\"><strong>La gastronom\u00eda:<\/strong> Los puestos de comida ofrecen una gran variedad de platos t\u00edpicos alemanes y argentinos, para satisfacer todos los gustos<\/li>\n<\/ul>\n<p>\u00bfTe gustar\u00eda disfrutar del <a href=\"https:\/\/www.alquilerargentina.com\/evento\/oktoberfest\">Oktoberfest<\/a> en Villa General Belgrano?<a href=\"https:\/\/www.alquilerargentina.com\/C%C3%B3rdoba\/Villa-General-Belgrano\/\"> \u00a1Encontr\u00e1 tu estad\u00eda perfecta en Alquiler Argentina!<\/a><\/p>\n","protected":false},"excerpt":{"rendered":"<p>\u00bfTe preguntas qu\u00e9 se hace en el Oktoberfest? \u00a1En este art\u00edculo te contamos todo sobre las tradiciones, actividades y la incre\u00edble atm\u00f3sfera que se vive en la fiesta de la cerveza m\u00e1s grande de Argentina! El Oktoberfest es una tradicional fiesta alemana que celebra la cerveza y la cultura b\u00e1vara. En Argentina, esta festividad se&#8230;<\/p>\n","protected":false},"author":1,"featured_media":45122,"comment_status":"open","ping_status":"open","sticky":false,"template":"","format":"standard","meta":{"footnotes":""},"categories":[1],"tags":[],"_links":{"self":[{"href":"https:\/\/www.alquilerargentina.com\/blog\/wp-json\/wp\/v2\/posts\/45120"}],"collection":[{"href":"https:\/\/www.alquilerargentina.com\/blog\/wp-json\/wp\/v2\/posts"}],"about":[{"href":"https:\/\/www.alquilerargentina.com\/blog\/wp-json\/wp\/v2\/types\/post"}],"author":[{"embeddable":true,"href":"https:\/\/www.alquilerargentina.com\/blog\/wp-json\/wp\/v2\/users\/1"}],"replies":[{"embeddable":true,"href":"https:\/\/www.alquilerargentina.com\/blog\/wp-json\/wp\/v2\/comments?post=45120"}],"version-history":[{"count":2,"href":"https:\/\/www.alquilerargentina.com\/blog\/wp-json\/wp\/v2\/posts\/45120\/revisions"}],"predecessor-version":[{"id":45126,"href":"https:\/\/www.alquilerargentina.com\/blog\/wp-json\/wp\/v2\/posts\/45120\/revisions\/45126"}],"wp:featuredmedia":[{"embeddable":true,"href":"https:\/\/www.alquilerargentina.com\/blog\/wp-json\/wp\/v2\/media\/45122"}],"wp:attachment":[{"href":"https:\/\/www.alquilerargentina.com\/blog\/wp-json\/wp\/v2\/media?parent=45120"}],"wp:term":[{"taxonomy":"category","embeddable":true,"href":"https:\/\/www.alquilerargentina.com\/blog\/wp-json\/wp\/v2\/categories?post=45120"},{"taxonomy":"post_tag","embeddable":true,"href":"https:\/\/www.alquilerargentina.com\/blog\/wp-json\/wp\/v2\/tags?post=45120"}],"curies":[{"name":"wp","href":"https:\/\/api.w.org\/{rel}","templated":true}]}}