{"id":44312,"date":"2022-08-11T15:17:05","date_gmt":"2022-08-11T18:17:05","guid":{"rendered":"https:\/\/blog2.alquilerargentina.com\/?p=44312"},"modified":"2022-08-11T15:17:06","modified_gmt":"2022-08-11T18:17:06","slug":"empieza-la-temporada-de-avistaje-de-fauna-marina-en-las-grutas","status":"publish","type":"post","link":"https:\/\/www.alquilerargentina.com\/blog\/novedades\/agenda\/empieza-la-temporada-de-avistaje-de-fauna-marina-en-las-grutas.html","title":{"rendered":"Empieza la temporada de avistaje de fauna marina en Las Grutas"},"content":{"rendered":"\n<p>Este fin de semana largo se realizar\u00e1 el evento inaugural con feria gastron\u00f3mica y masterclass de cocina. <\/p>\n\n\n\n<figure class=\"wp-block-image\"><img loading=\"lazy\" decoding=\"async\" width=\"1024\" height=\"680\" src=\"https:\/\/blog2.alquilerargentina.com\/wp-content\/uploads\/2022\/08\/todd-cravens-QnBrjY-nFUs-unsplash-1024x680.jpg\" alt=\"\" class=\"wp-image-44313\" srcset=\"https:\/\/blog3.alquilerargentina.com\/wp-content\/uploads\/2022\/08\/todd-cravens-QnBrjY-nFUs-unsplash-1024x680.jpg 1024w, https:\/\/blog3.alquilerargentina.com\/wp-content\/uploads\/2022\/08\/todd-cravens-QnBrjY-nFUs-unsplash-300x199.jpg 300w, https:\/\/blog3.alquilerargentina.com\/wp-content\/uploads\/2022\/08\/todd-cravens-QnBrjY-nFUs-unsplash-768x510.jpg 768w, https:\/\/blog3.alquilerargentina.com\/wp-content\/uploads\/2022\/08\/todd-cravens-QnBrjY-nFUs-unsplash.jpg 1920w\" sizes=\"(max-width: 1024px) 100vw, 1024px\" \/><\/figure>\n\n\n\n<p><strong>El s\u00e1bado 13 de agosto, comenzar\u00e1 oficialmente la \u00e9poca con mayor avistaje de fauna marina en Las Grutas, R\u00edo Negro<\/strong>. A modo de celebraci\u00f3n las Secretar\u00eda de Turismo de San Antonio Oeste, anunci\u00f3 una gran feria gastron\u00f3mica con Masterclass de cocina gratuita incluida.<br \/><br \/>La cita ser\u00e1 en la Casa de la Historia de Bicentenario, que se encuentra en la segunda bajada del balneario Las Grutas. La feria se encontrar\u00e1 ubicada en la tercera bajada a partir del mediod\u00eda. All\u00ed,<strong> la actriz Sofia Pachano dar\u00e1 una Masterclass de cocina gratuita junto a los cocineros Leo Perazzolli y Juan Jos\u00e9 Carranza. <\/strong><\/p>\n\n\n\n<p>Tambi\u00e9n se brindar\u00e1n \u201cTalleres Emprender\u201d, de pescados y mariscos a cargo de la chef Ailin Fogwill y de pasteler\u00eda a cargo de la docente Karen Sheffer. Entre las actividades que se realizar\u00e1n se encuentra \u201cEl desaf\u00edo de los Acantilados\u00bb, una carrera de running llamada as\u00ed por los caracter\u00edsticos acantilados de Las Grutas que empezar\u00e1 el domingo 14.<\/p>\n\n\n\n<p>La feria continuar\u00e1 el lunes con un espect\u00e1culo para los m\u00e1s chicos mientras se desarrollan el resto de las actividades culinarias. Todo ocurrir\u00e1 a orillas del mar, donde se esperan ver delfines, ballenas, lobos marinos y aves marinas de la costa atl\u00e1ntica rionegrina.<\/p>\n\n\n\n<h3 class=\"wp-block-heading\">Cada a\u00f1o en agosto<\/h3>\n\n\n\n<p>Desde mediados de agosto hasta finales de octubre es posible avistar ballenas francas en la bah\u00eda de San Antonio. Se trata de una especie imponente, con un tama\u00f1o promedio que ronda los 13 y 16 metros, y que se caracteriza por su tranquilidad, curiosidad y longevidad ya que viven entre 50 y 100 a\u00f1os. <\/p>\n\n\n\n<p><\/p>\n","protected":false},"excerpt":{"rendered":"<p>Este fin de semana largo se realizar\u00e1 el evento inaugural con feria gastron\u00f3mica y masterclass de cocina. El s\u00e1bado 13 de agosto, comenzar\u00e1 oficialmente la \u00e9poca con mayor avistaje de fauna marina en Las Grutas, R\u00edo Negro. A modo de celebraci\u00f3n las Secretar\u00eda de Turismo de San Antonio Oeste, anunci\u00f3 una gran feria gastron\u00f3mica con&#8230;<\/p>\n","protected":false},"author":1,"featured_media":44313,"comment_status":"open","ping_status":"open","sticky":false,"template":"","format":"standard","meta":{"footnotes":""},"categories":[10901],"tags":[],"_links":{"self":[{"href":"https:\/\/www.alquilerargentina.com\/blog\/wp-json\/wp\/v2\/posts\/44312"}],"collection":[{"href":"https:\/\/www.alquilerargentina.com\/blog\/wp-json\/wp\/v2\/posts"}],"about":[{"href":"https:\/\/www.alquilerargentina.com\/blog\/wp-json\/wp\/v2\/types\/post"}],"author":[{"embeddable":true,"href":"https:\/\/www.alquilerargentina.com\/blog\/wp-json\/wp\/v2\/users\/1"}],"replies":[{"embeddable":true,"href":"https:\/\/www.alquilerargentina.com\/blog\/wp-json\/wp\/v2\/comments?post=44312"}],"version-history":[{"count":1,"href":"https:\/\/www.alquilerargentina.com\/blog\/wp-json\/wp\/v2\/posts\/44312\/revisions"}],"predecessor-version":[{"id":44314,"href":"https:\/\/www.alquilerargentina.com\/blog\/wp-json\/wp\/v2\/posts\/44312\/revisions\/44314"}],"wp:featuredmedia":[{"embeddable":true,"href":"https:\/\/www.alquilerargentina.com\/blog\/wp-json\/wp\/v2\/media\/44313"}],"wp:attachment":[{"href":"https:\/\/www.alquilerargentina.com\/blog\/wp-json\/wp\/v2\/media?parent=44312"}],"wp:term":[{"taxonomy":"category","embeddable":true,"href":"https:\/\/www.alquilerargentina.com\/blog\/wp-json\/wp\/v2\/categories?post=44312"},{"taxonomy":"post_tag","embeddable":true,"href":"https:\/\/www.alquilerargentina.com\/blog\/wp-json\/wp\/v2\/tags?post=44312"}],"curies":[{"name":"wp","href":"https:\/\/api.w.org\/{rel}","templated":true}]}}