{"id":44238,"date":"2022-07-07T10:40:34","date_gmt":"2022-07-07T13:40:34","guid":{"rendered":"https:\/\/blog2.alquilerargentina.com\/?p=44238"},"modified":"2022-07-07T10:42:54","modified_gmt":"2022-07-07T13:42:54","slug":"vacaciones-de-invierno-conoce-las-fiestas-y-festivales-mas-importantes-del-pais","status":"publish","type":"post","link":"https:\/\/www.alquilerargentina.com\/blog\/novedades\/noticias\/vacaciones-de-invierno-conoce-las-fiestas-y-festivales-mas-importantes-del-pais.html","title":{"rendered":"Vacaciones de Invierno: conoc\u00e9 las fiestas y festivales m\u00e1s importantes del pa\u00eds"},"content":{"rendered":"\n<p>A partir del 11 de julio comienzan las vacaciones de invierno para gran parte del pa\u00eds y en esta nota queremos compartirte las mejores propuestas durante el mes de julio. <\/p>\n\n\n\n<figure class=\"wp-block-image\"><img loading=\"lazy\" decoding=\"async\" width=\"1000\" height=\"700\" src=\"https:\/\/blog2.alquilerargentina.com\/wp-content\/uploads\/2021\/12\/Festivales-de-argentina-pescadoyvino.jpg\" alt=\"\" class=\"wp-image-43081\" srcset=\"https:\/\/blog3.alquilerargentina.com\/wp-content\/uploads\/2021\/12\/Festivales-de-argentina-pescadoyvino.jpg 1000w, https:\/\/blog3.alquilerargentina.com\/wp-content\/uploads\/2021\/12\/Festivales-de-argentina-pescadoyvino-300x210.jpg 300w, https:\/\/blog3.alquilerargentina.com\/wp-content\/uploads\/2021\/12\/Festivales-de-argentina-pescadoyvino-768x538.jpg 768w\" sizes=\"(max-width: 1000px) 100vw, 1000px\" \/><\/figure>\n\n\n\n<h3 class=\"wp-block-heading\">C\u00f3rdoba<\/h3>\n\n\n\n<p>En la provincia de C\u00f3rdoba las vacaciones comienzan <strong>el 11 de julio hasta el 22 de julio. <\/strong>Estas son algunas de las propuestas tur\u00edsticas m\u00e1s importantes de la provincia durante el receso invernal. <\/p>\n\n\n\n<h4 class=\"wp-block-heading\">Fiesta Provincial del Chocolate Alpino<\/h4>\n\n\n\n<p>Las bajas temperaturas de julio invitan a saborear una taza de chocolate caliente acompa\u00f1ada de la reposter\u00eda centroeuropea.<\/p>\n\n\n\n<p>Durante las vacaciones de invierno, en el mes de julio, se realiza<strong> la Fiesta del Chocolate Alpino. <\/strong>Villa General Belgrano se llena del aroma t\u00edpico a chocolate caliente, inspiraci\u00f3n de los inmigrantes de Suiza, Austria, Alemania e Italia. El Sal\u00f3n Alpino recibe la alegr\u00eda de la m\u00fasica y la danza de diversas colectividades y se realiza la tradicional fondu\u00e9 de chocolate.<\/p>\n\n\n\n<p>Una de las tradiciones de la fiesta es la fondu\u00e9 de chocolate. Esta constituye un momento muy esperado por el p\u00fablico cada tarde. Los asistentes reciben unos pinches con frutas frescas que luego pueden sumergir en la paila con chocolate caliente.<\/p>\n\n\n\n<p><strong>Con entrada libre y gratuita, hay&nbsp;espect\u00e1culos para toda la familia. <\/strong>Entre los espect\u00e1culos musicales destacan la presentaci\u00f3n de producciones folkl\u00f3ricas, latinoamericanas, mexicanas, tango y jazz, a cargo de reconocidos artistas.&nbsp;<\/p>\n\n\n\n<h4 class=\"wp-block-heading\">38\u00ba Festival Nacional de Tango<\/h4>\n\n\n\n<p>La ciudad  de La Falda lanz\u00f3 la edici\u00f3n 2022 del evento m\u00e1s importante de su calendario anual. <strong>El 38\u00b0 Festival Nacional de Tango tendr\u00e1 lugar los pr\u00f3ximos 22 y 23 de julio en el Anfiteatro Carlos Gardel, La Falda. <\/strong><\/p>\n\n\n\n<p>La grilla art\u00edstica tendr\u00e1 el d\u00eda viernes 22 de julio a Ra\u00fal Lavi\u00e9, Rodolfo Tuli\u00e1n, la orquesta escuela municipal de Tango de La Falda, algunas nuevas figuras que se suman, Mar\u00eda Jos\u00e9 Demare, Franco Luciani y Jos\u00e9 Col\u00e1ngelo, entre otros. <\/p>\n\n\n\n<p>El s\u00e1bado 23 de julio, actuar\u00e1n en el escenario el cordob\u00e9s Marcelo Santos, artistas locales, In\u00e9s Cuello y el Quinteto La Grela, Tango Loco, Sexteto Mayor y el enorme honor de la actuaci\u00f3n de Piro con Susana Rinaldi.  Los conductores de las noches de gala este a\u00f1o ser\u00e1n ser\u00e1n: Silvio Sold\u00e1n y Carmen Barbieri.<\/p>\n\n\n\n<p>Como todos los a\u00f1os, la ciudad se pone en \u201cModo Tango\u201d durante todo el mes de julio, con actividades recreativas para disfrutar en el marco de este importante evento internacional. <strong>Concurso de vidrieras y fachadas de tango, Tango Caf\u00e9, Milongas, Expo-Tango, Teatro, V\u00eda Tango, Seminarios y talleres de tango, Certamen de Voces en las noches de Subsedes, Ruta Internacional del Tango y Milongas Callejeras<\/strong> son algunas de las actividades que se podr\u00e1n disfrutar en La Falda.<\/p>\n\n\n\n<h4 class=\"wp-block-heading\">Feria del Libro Infantil <\/h4>\n\n\n\n<p> La Feria del libro infantil vuelve a C\u00f3rdoba capital, despu\u00e9s de cuatro a\u00f1os.<br \/>En su 12\u00ba edici\u00f3n, la feria abrir\u00e1 sus puertas del 7<strong> al 24 de julio de 14 a 21 los d\u00edas de semana y de 11 a 21 los s\u00e1bados y domingos en el Centro Cultural C\u00f3rdoba. <\/strong><\/p>\n\n\n\n<p>Con entrada libre y gratuita, habr\u00e1 funciones de teatro, m\u00fasica y t\u00edteres a las 15 y a las 18. Adem\u00e1s, habr\u00e1 un rinc\u00f3n de letras a las 16 y tambi\u00e9n se podr\u00e1 disfrutar de espect\u00e1culos callejeros los viernes, s\u00e1bados y domingos a partir de las 14.<\/p>\n\n\n\n<p><strong><em><a href=\"https:\/\/www.alquilerargentina.com\/C%C3%B3rdoba\/\">\u00bfBusc\u00e1s alojamiento en C\u00f3rdoba? Ingres\u00e1 aqu\u00ed para ver toda la oferta disponible.<\/a><\/em><\/strong><\/p>\n\n\n\n<figure class=\"wp-block-image\"><img loading=\"lazy\" decoding=\"async\" width=\"1000\" height=\"700\" src=\"https:\/\/blog2.alquilerargentina.com\/wp-content\/uploads\/2021\/07\/Vacaciones-de-invierno-2021-portada.jpg\" alt=\"\" class=\"wp-image-42047\" srcset=\"https:\/\/blog3.alquilerargentina.com\/wp-content\/uploads\/2021\/07\/Vacaciones-de-invierno-2021-portada.jpg 1000w, https:\/\/blog3.alquilerargentina.com\/wp-content\/uploads\/2021\/07\/Vacaciones-de-invierno-2021-portada-300x210.jpg 300w, https:\/\/blog3.alquilerargentina.com\/wp-content\/uploads\/2021\/07\/Vacaciones-de-invierno-2021-portada-768x538.jpg 768w\" sizes=\"(max-width: 1000px) 100vw, 1000px\" \/><\/figure>\n\n\n\n<h3 class=\"wp-block-heading\">Catamarca<\/h3>\n\n\n\n<p>Desde el <strong>11 al 22 de julio<\/strong> ser\u00e1 el receso invernal en Catamarca que adem\u00e1s vivir\u00e1 una de las fiestas m\u00e1s importantes de la provincia. <\/p>\n\n\n\n<h4 class=\"wp-block-heading\">Fiesta Nacional del Poncho<\/h4>\n\n\n\n<p>La Fiesta Nacional del Poncho en Catamarca es considerada la fiesta de invierno m\u00e1s grande de Argentina. <strong>Ser\u00e1 desde el 15 de julio hasta el 24 inclusive. <\/strong> Desde el a\u00f1o 1991 se realiza ininterrumpidamente en el Predio Ferial Catamarca. <\/p>\n\n\n\n<p>Convoca todos los a\u00f1os a artesanos, productores, emprendedores y numerosos conciertos que atraen todos los a\u00f1os a miles de turistas del Norte Argentino. Ponchos, fajas, tapices, mantas, alfombras entre otros tejidos regionales son la excusa perfecta para disfrutar de esta celebraci\u00f3n en familia.<\/p>\n\n\n\n<p><em><strong><a href=\"https:\/\/www.alquilerargentina.com\/Catamarca\/\">Encontr\u00e1 todos los alojamientos disponibles en Catamarca para tus vacaciones haciendo click aqu\u00ed<\/a><\/strong><\/em><\/p>\n\n\n\n<h3 class=\"wp-block-heading\">Tucum\u00e1n<\/h3>\n\n\n\n<p><strong>Tucum\u00e1n tambi\u00e9n tendr\u00e1 sus vacaciones desde el 11 al 22 de julio. <\/strong>Durante el receso se realiza una de las fiestas nacionales m\u00e1s importantes y antiguas del pa\u00eds. <\/p>\n\n\n\n<h4 class=\"wp-block-heading\">42\u00aa Fiesta Nacional de la feria de Simoca<\/h4>\n\n\n\n<p>Esta fiesta nacional tendr\u00e1 lugar todos los s\u00e1bados del mes de julio.  <br \/>Se trata de una de las ferias m\u00e1s antiguas del norte de Argentina que logra resaltar las mejores tradiciones de la<strong> Capital Nacional del Sulky. <\/strong><\/p>\n\n\n\n<p>Se sirven las comidas t\u00edpicas y se presentaran los mejores hacedores en musica y danza del folclore tucumano. Los festejos comienzan a primeras horas de la ma\u00f1ana y finalizan cuando llega la noche. <br \/><br \/><\/p>\n\n\n\n<h3 class=\"wp-block-heading\">Salta<\/h3>\n\n\n\n<p><strong>Salta tendr\u00e1 su receso invernal desde el 11 al 22 de julio <\/strong>y tambi\u00e9n celebrar\u00e1 uno de los festivales gastron\u00f3micos m\u00e1s importantes de Argentina. <\/p>\n\n\n\n<h4 class=\"wp-block-heading\">Festival del Tamal de Chicoana<\/h4>\n\n\n\n<p>Desde el 22 al 24 de julio se realizar\u00e1 el 39\u00ba <strong>Encuentro Nacional de Doma y Festival del Tamal en Chicoana. <\/strong>Se trata de uno de los festivales folkl\u00f3ricos m\u00e1s importantes del pa\u00eds donde contemplar la cultura gaucha. En la gastronom\u00eda se destacan los tamales y el asado. <br \/><br \/>Durante las dos jornadas hay espect\u00e1culos musicales, jineteadas, domas y desfiles. <\/p>\n\n\n\n<p><em><strong><a href=\"https:\/\/www.alquilerargentina.com\/Salta\/\">Encontr\u00e1 el alojamiento ideal en Salta, haciendo click aqu\u00ed <\/a><\/strong><\/em><\/p>\n\n\n\n<figure class=\"wp-block-image\"><img loading=\"lazy\" decoding=\"async\" width=\"1000\" height=\"700\" src=\"https:\/\/blog2.alquilerargentina.com\/wp-content\/uploads\/2019\/01\/vacaciones-con-chicos-consejos-explorar.jpg\" alt=\"\" class=\"wp-image-30023\" srcset=\"https:\/\/blog3.alquilerargentina.com\/wp-content\/uploads\/2019\/01\/vacaciones-con-chicos-consejos-explorar.jpg 1000w, https:\/\/blog3.alquilerargentina.com\/wp-content\/uploads\/2019\/01\/vacaciones-con-chicos-consejos-explorar-300x210.jpg 300w, https:\/\/blog3.alquilerargentina.com\/wp-content\/uploads\/2019\/01\/vacaciones-con-chicos-consejos-explorar-768x538.jpg 768w\" sizes=\"(max-width: 1000px) 100vw, 1000px\" \/><figcaption><br \/><\/figcaption><\/figure>\n\n\n\n<h3 class=\"wp-block-heading\">Santa Fe<\/h3>\n\n\n\n<p><strong>Desde el 11 al 18 de julio ser\u00e1n las vacaciones de invierno <\/strong>en la provincia de Santa Fe. <\/p>\n\n\n\n<h4 class=\"wp-block-heading\">Festival de Teatro en Rafaela<\/h4>\n\n\n\n<p><strong> El Festival de Teatro Rafaela 2022 llega con su 17ma edici\u00f3n, que se extender\u00e1 desde el s\u00e1bado 9 al domingo 17 de julio.&nbsp;<\/strong> <\/p>\n\n\n\n<p>El FTR22 vuelve renovado, con una programaci\u00f3n distribuida en nueve d\u00edas que tendr\u00e1 lugar en las diferentes salas de la ciudad pero tambi\u00e9n en plazas, espacios al aire libre y otros lugares no convencionales. <\/p>\n\n\n\n<p>Este a\u00f1o llegan al FTR propuestas esc\u00e9nicas de la Ciudad de Buenos Aires, Rosario, Santa Fe, C\u00f3rdoba, Tucum\u00e1n, Neuqu\u00e9n, La Plata y El Bols\u00f3n, las cuales se suman a las ocho producciones locales que contemplan la grilla.<\/p>\n\n\n\n<p><\/p>\n\n\n\n<h3 class=\"wp-block-heading\">Buenos Aires<\/h3>\n\n\n\n<p>Buenos Aires tendr\u00e1 sus vacaciones en la segunda mitad de julio, <strong>a partir del 18 hasta el 29 respectivamente. <\/strong><\/p>\n\n\n\n<h4 class=\"wp-block-heading\">EnduroPale Argentina 2022 <\/h4>\n\n\n\n<p>Se desarrollar\u00e1 en Mar del Plata la cuarta edici\u00f3n del EnduroPale Argentina 2022, una competencia de motos y cuatriciclos sobre una pista artificial. El <strong>evento ser\u00e1 los d\u00edas 29, 30 y 31 de julio. <\/strong><br \/><\/p>\n\n\n\n<p><strong>El EPA 2022 es una carrera esperada por todos los aficionados al enduro arenero.<\/strong> Luego de las espectaculares ediciones disputadas en 2016, 2017 y 2018 donde un parque de casi 300 pilotos dio su apoyo con un marco de publico que supero las 40.000 personas, la expectativa en torno a esta cuarta presentaci\u00f3n no deja lugar a dudas que nos encontramos frente otra gran carrera ya que se disputar\u00e1 en una de las ciudades m\u00e1s emblem\u00e1ticas de toda la costa atl\u00e1ntica.<\/p>\n\n\n\n<p><strong><em><a href=\"https:\/\/www.alquilerargentina.com\/Buenos-Aires\/\">\u00bfBusc\u00e1s alojamiento en Buenos Aires? Ingres\u00e1 aqu\u00ed y encontr\u00e1 toda la oferta disponible. <\/a><\/em><\/strong><\/p>\n\n\n\n<p><br \/><br \/><\/p>\n","protected":false},"excerpt":{"rendered":"<p>A partir del 11 de julio comienzan las vacaciones de invierno para gran parte del pa\u00eds y en esta nota queremos compartirte las mejores propuestas durante el mes de julio. C\u00f3rdoba En la provincia de C\u00f3rdoba las vacaciones comienzan el 11 de julio hasta el 22 de julio. Estas son algunas de las propuestas tur\u00edsticas&#8230;<\/p>\n","protected":false},"author":1,"featured_media":43081,"comment_status":"open","ping_status":"open","sticky":false,"template":"","format":"standard","meta":{"footnotes":""},"categories":[7877],"tags":[],"_links":{"self":[{"href":"https:\/\/www.alquilerargentina.com\/blog\/wp-json\/wp\/v2\/posts\/44238"}],"collection":[{"href":"https:\/\/www.alquilerargentina.com\/blog\/wp-json\/wp\/v2\/posts"}],"about":[{"href":"https:\/\/www.alquilerargentina.com\/blog\/wp-json\/wp\/v2\/types\/post"}],"author":[{"embeddable":true,"href":"https:\/\/www.alquilerargentina.com\/blog\/wp-json\/wp\/v2\/users\/1"}],"replies":[{"embeddable":true,"href":"https:\/\/www.alquilerargentina.com\/blog\/wp-json\/wp\/v2\/comments?post=44238"}],"version-history":[{"count":8,"href":"https:\/\/www.alquilerargentina.com\/blog\/wp-json\/wp\/v2\/posts\/44238\/revisions"}],"predecessor-version":[{"id":44246,"href":"https:\/\/www.alquilerargentina.com\/blog\/wp-json\/wp\/v2\/posts\/44238\/revisions\/44246"}],"wp:featuredmedia":[{"embeddable":true,"href":"https:\/\/www.alquilerargentina.com\/blog\/wp-json\/wp\/v2\/media\/43081"}],"wp:attachment":[{"href":"https:\/\/www.alquilerargentina.com\/blog\/wp-json\/wp\/v2\/media?parent=44238"}],"wp:term":[{"taxonomy":"category","embeddable":true,"href":"https:\/\/www.alquilerargentina.com\/blog\/wp-json\/wp\/v2\/categories?post=44238"},{"taxonomy":"post_tag","embeddable":true,"href":"https:\/\/www.alquilerargentina.com\/blog\/wp-json\/wp\/v2\/tags?post=44238"}],"curies":[{"name":"wp","href":"https:\/\/api.w.org\/{rel}","templated":true}]}}