{"id":44063,"date":"2022-05-30T13:46:12","date_gmt":"2022-05-30T16:46:12","guid":{"rendered":"https:\/\/blog.alquilerargentina.com\/?p=44063"},"modified":"2022-05-30T13:56:44","modified_gmt":"2022-05-30T16:56:44","slug":"puerto-madryn-en-junio-comienza-la-temporada-de-avistaje-de-ballenas","status":"publish","type":"post","link":"https:\/\/www.alquilerargentina.com\/blog\/novedades\/puerto-madryn-en-junio-comienza-la-temporada-de-avistaje-de-ballenas.html","title":{"rendered":"Puerto Madryn: en junio comienza la temporada de avistaje de ballenas"},"content":{"rendered":"\n<p>El  s\u00e1bado 15 de junio comenzar\u00e1 la Temporada de Ballenas en el \u00c1rea Natural Protegida Pen\u00ednsula Vald\u00e9s. <\/p>\n\n\n\n<figure class=\"wp-block-image\"><img loading=\"lazy\" decoding=\"async\" width=\"1024\" height=\"685\" src=\"https:\/\/blog.alquilerargentina.com\/wp-content\/uploads\/2022\/05\/abigail-lynn-9JrBiphz0e0-unsplash-1024x685.jpg\" alt=\"\" class=\"wp-image-44064\" srcset=\"https:\/\/blog3.alquilerargentina.com\/wp-content\/uploads\/2022\/05\/abigail-lynn-9JrBiphz0e0-unsplash-1024x685.jpg 1024w, https:\/\/blog3.alquilerargentina.com\/wp-content\/uploads\/2022\/05\/abigail-lynn-9JrBiphz0e0-unsplash-300x201.jpg 300w, https:\/\/blog3.alquilerargentina.com\/wp-content\/uploads\/2022\/05\/abigail-lynn-9JrBiphz0e0-unsplash-768x514.jpg 768w, https:\/\/blog3.alquilerargentina.com\/wp-content\/uploads\/2022\/05\/abigail-lynn-9JrBiphz0e0-unsplash.jpg 1920w\" sizes=\"(max-width: 1024px) 100vw, 1024px\" \/><\/figure>\n\n\n\n<p><strong>Las ballenas francas australes arriban cada a\u00f1o a las costas de Pen\u00ednsula Vald\u00e9s<\/strong>&nbsp;para cumplir con un nuevo ciclo de reproducci\u00f3n: hembras que dan a luz a sus cr\u00edas, hembras y machos adultos que llegan a aparearse, juveniles que socializan y otras hembras adultas que traen consigo a la cr\u00eda para su destete.<\/p>\n\n\n\n<p><strong>Las ballenas no forman manadas sino que se desplazan en forma solitaria. <\/strong>Se las puede ver en parejas de c\u00f3pula o madre-cr\u00eda. Saltan con frecuencia, permanecen largo rato con la cola fuera del agua, golpean la superficie con las aletas y cola provocando explosiones de espuma de mar. Y son muy curiosas.<\/p>\n\n\n\n<blockquote class=\"wp-block-quote is-layout-flow wp-block-quote-is-layout-flow\"><p><em>El avistaje de ballenas embarcado se realiza de junio a principios de diciembre desde Puerto Pir\u00e1mides, en Pen\u00ednsula Vald\u00e9s, <strong>sitio declarado Patrimonio Natural de la Humanidad por la UNESCO en 1999.<\/strong> Tiene una duraci\u00f3n aproximada de una hora y media.<\/em><\/p><\/blockquote>\n\n\n\n<p>Los prestadores de este servicio son monitoreados por el Ministerio de Turismo y \u00c1reas Protegidas de la provincia para garantizar la sustentabilidad de la actividad y que las ballenas no se sientan invadidas por el hombre.<\/p>\n\n\n\n<h2 class=\"wp-block-heading\">Las Grutas: avistaron las primeras ballenas Franca Austral del 2022<\/h2>\n\n\n\n<p>Durante los \u00faltimos d\u00edas del mes de mayo, <strong>buzos que realizaban pr\u00e1cticas en Las Grutas hallaron ballenas no muy lejos de la costa. Por estos d\u00edas se contabilizaron al menos 80 ejemplares en las Playas del Doradillo.<\/strong><\/p>\n\n\n\n<p>La temporada activa de avistaje de fauna marina comiena a partir de agosto, que es cuando se estima al m\u00e1ximo la observaci\u00f3n de las ballenas francas australes. <\/p>\n\n\n\n<p><\/p>\n","protected":false},"excerpt":{"rendered":"<p>El s\u00e1bado 15 de junio comenzar\u00e1 la Temporada de Ballenas en el \u00c1rea Natural Protegida Pen\u00ednsula Vald\u00e9s. Las ballenas francas australes arriban cada a\u00f1o a las costas de Pen\u00ednsula Vald\u00e9s&nbsp;para cumplir con un nuevo ciclo de reproducci\u00f3n: hembras que dan a luz a sus cr\u00edas, hembras y machos adultos que llegan a aparearse, juveniles que&#8230;<\/p>\n","protected":false},"author":1,"featured_media":44064,"comment_status":"open","ping_status":"open","sticky":false,"template":"","format":"standard","meta":{"footnotes":""},"categories":[7877,55],"tags":[],"_links":{"self":[{"href":"https:\/\/www.alquilerargentina.com\/blog\/wp-json\/wp\/v2\/posts\/44063"}],"collection":[{"href":"https:\/\/www.alquilerargentina.com\/blog\/wp-json\/wp\/v2\/posts"}],"about":[{"href":"https:\/\/www.alquilerargentina.com\/blog\/wp-json\/wp\/v2\/types\/post"}],"author":[{"embeddable":true,"href":"https:\/\/www.alquilerargentina.com\/blog\/wp-json\/wp\/v2\/users\/1"}],"replies":[{"embeddable":true,"href":"https:\/\/www.alquilerargentina.com\/blog\/wp-json\/wp\/v2\/comments?post=44063"}],"version-history":[{"count":2,"href":"https:\/\/www.alquilerargentina.com\/blog\/wp-json\/wp\/v2\/posts\/44063\/revisions"}],"predecessor-version":[{"id":44067,"href":"https:\/\/www.alquilerargentina.com\/blog\/wp-json\/wp\/v2\/posts\/44063\/revisions\/44067"}],"wp:featuredmedia":[{"embeddable":true,"href":"https:\/\/www.alquilerargentina.com\/blog\/wp-json\/wp\/v2\/media\/44064"}],"wp:attachment":[{"href":"https:\/\/www.alquilerargentina.com\/blog\/wp-json\/wp\/v2\/media?parent=44063"}],"wp:term":[{"taxonomy":"category","embeddable":true,"href":"https:\/\/www.alquilerargentina.com\/blog\/wp-json\/wp\/v2\/categories?post=44063"},{"taxonomy":"post_tag","embeddable":true,"href":"https:\/\/www.alquilerargentina.com\/blog\/wp-json\/wp\/v2\/tags?post=44063"}],"curies":[{"name":"wp","href":"https:\/\/api.w.org\/{rel}","templated":true}]}}