{"id":43874,"date":"2022-04-04T10:50:55","date_gmt":"2022-04-04T13:50:55","guid":{"rendered":"http:\/\/blog.alquilerargentina.com\/?p=43874"},"modified":"2022-04-04T10:50:56","modified_gmt":"2022-04-04T13:50:56","slug":"se-viene-el-festival-gastronomico-peperina-en-alta-gracia","status":"publish","type":"post","link":"https:\/\/www.alquilerargentina.com\/blog\/novedades\/noticias\/se-viene-el-festival-gastronomico-peperina-en-alta-gracia.html","title":{"rendered":"Se viene el Festival gastron\u00f3mico Peperina en Alta Gracia"},"content":{"rendered":"\n<p>En Semana Santa, llega a Alta Gracia el Festival Gastron\u00f3mico<br \/>m\u00e1s importante del interior del pa\u00eds.<\/p>\n\n\n\n<figure class=\"wp-block-image\"><img decoding=\"async\" src=\"https:\/\/altagracia.gob.ar\/wp-content\/uploads\/2017\/03\/WhatsApp-Image-2017-03-31-at-13.11.06.jpeg\" alt=\"\"\/><\/figure>\n\n\n\n<p>Del<strong> 14 al 16 de abril se realiza la tercera edici\u00f3n de PEPERINA,<\/strong> el evento que re\u00fane a los chefs m\u00e1s destacados y lo mejor de la gastronom\u00eda regional. A solo 30 minutos de la ciudad de C\u00f3rdoba, durante Semana Santa se podr\u00e1 disfrutar de clases magistrales, degustaciones, buena m\u00fasica y los mejores platos a precio de feria, con entrada libre y gratuita.<\/p>\n\n\n\n<p>Este a\u00f1o, la grilla contin\u00faa sumando reconocidos representantes de la cocina argentina como <strong>Narda Lepes, Dolli Irigoyen, Soledad Nardelli, Mart\u00edn Molteni, Juan Braceli, Osvaldo Gross y referentes de la gastronom\u00eda local como Roal Zuzulich, Eg\u00fci Mart\u00edn y Maximiliano Buchiell, <\/strong>que se destacan por sus platos en todo el pa\u00eds.<\/p>\n\n\n\n<p><strong>M\u00e1s de 100 stands re\u00fanen diversas alternativas: restaurantes, food trucks, agroecol\u00f3gicos y productos regionales<\/strong>. Una propuesta diferente, un encuentro de primer nivel para degustar los sabores de las sierras y conocer los tips y secretos de los maestros cocineros.<\/p>\n\n\n\n<p><strong>La entrada es libre y gratuita. Compartimos a continuaci\u00f3n la grilla de clases magistrales que habr\u00e1 durante el evento. <\/strong><\/p>\n\n\n\n<figure class=\"wp-block-image\"><img loading=\"lazy\" decoding=\"async\" width=\"1024\" height=\"1024\" src=\"http:\/\/blog.alquilerargentina.com\/wp-content\/uploads\/2022\/04\/277821637_1949402955260504_6053688329544487104_n-1024x1024.jpg\" alt=\"\" class=\"wp-image-43875\" srcset=\"https:\/\/blog3.alquilerargentina.com\/wp-content\/uploads\/2022\/04\/277821637_1949402955260504_6053688329544487104_n-1024x1024.jpg 1024w, https:\/\/blog3.alquilerargentina.com\/wp-content\/uploads\/2022\/04\/277821637_1949402955260504_6053688329544487104_n-150x150.jpg 150w, https:\/\/blog3.alquilerargentina.com\/wp-content\/uploads\/2022\/04\/277821637_1949402955260504_6053688329544487104_n-300x300.jpg 300w, https:\/\/blog3.alquilerargentina.com\/wp-content\/uploads\/2022\/04\/277821637_1949402955260504_6053688329544487104_n-768x768.jpg 768w, https:\/\/blog3.alquilerargentina.com\/wp-content\/uploads\/2022\/04\/277821637_1949402955260504_6053688329544487104_n-320x320.jpg 320w, https:\/\/blog3.alquilerargentina.com\/wp-content\/uploads\/2022\/04\/277821637_1949402955260504_6053688329544487104_n-80x80.jpg 80w, https:\/\/blog3.alquilerargentina.com\/wp-content\/uploads\/2022\/04\/277821637_1949402955260504_6053688329544487104_n-380x380.jpg 380w, https:\/\/blog3.alquilerargentina.com\/wp-content\/uploads\/2022\/04\/277821637_1949402955260504_6053688329544487104_n-67x67.jpg 67w, https:\/\/blog3.alquilerargentina.com\/wp-content\/uploads\/2022\/04\/277821637_1949402955260504_6053688329544487104_n.jpg 1080w\" sizes=\"(max-width: 1024px) 100vw, 1024px\" \/><\/figure>\n\n\n\n<figure class=\"wp-block-image\"><img loading=\"lazy\" decoding=\"async\" width=\"1024\" height=\"1024\" src=\"http:\/\/blog.alquilerargentina.com\/wp-content\/uploads\/2022\/04\/277844022_5128725903832943_8750541764238988363_n-1024x1024.jpg\" alt=\"\" class=\"wp-image-43876\" srcset=\"https:\/\/blog3.alquilerargentina.com\/wp-content\/uploads\/2022\/04\/277844022_5128725903832943_8750541764238988363_n-1024x1024.jpg 1024w, https:\/\/blog3.alquilerargentina.com\/wp-content\/uploads\/2022\/04\/277844022_5128725903832943_8750541764238988363_n-150x150.jpg 150w, https:\/\/blog3.alquilerargentina.com\/wp-content\/uploads\/2022\/04\/277844022_5128725903832943_8750541764238988363_n-300x300.jpg 300w, https:\/\/blog3.alquilerargentina.com\/wp-content\/uploads\/2022\/04\/277844022_5128725903832943_8750541764238988363_n-768x768.jpg 768w, https:\/\/blog3.alquilerargentina.com\/wp-content\/uploads\/2022\/04\/277844022_5128725903832943_8750541764238988363_n-320x320.jpg 320w, https:\/\/blog3.alquilerargentina.com\/wp-content\/uploads\/2022\/04\/277844022_5128725903832943_8750541764238988363_n-80x80.jpg 80w, https:\/\/blog3.alquilerargentina.com\/wp-content\/uploads\/2022\/04\/277844022_5128725903832943_8750541764238988363_n-380x380.jpg 380w, https:\/\/blog3.alquilerargentina.com\/wp-content\/uploads\/2022\/04\/277844022_5128725903832943_8750541764238988363_n-67x67.jpg 67w, https:\/\/blog3.alquilerargentina.com\/wp-content\/uploads\/2022\/04\/277844022_5128725903832943_8750541764238988363_n.jpg 1080w\" sizes=\"(max-width: 1024px) 100vw, 1024px\" \/><\/figure>\n\n\n\n<p><strong><em><a href=\"https:\/\/www.alquilerargentina.com\/C%C3%B3rdoba\/Alta-Gracia\/\">\u00bfQuer\u00e9s disfrutar del Festival Peperina en Alta Gracia? Hac\u00e9 click ac\u00e1 y conoc\u00e9 todos los alojamientos disponibles para Semana Santa en esta ciudad.<\/a><\/em><\/strong><\/p>\n","protected":false},"excerpt":{"rendered":"<p>En Semana Santa, llega a Alta Gracia el Festival Gastron\u00f3micom\u00e1s importante del interior del pa\u00eds. Del 14 al 16 de abril se realiza la tercera edici\u00f3n de PEPERINA, el evento que re\u00fane a los chefs m\u00e1s destacados y lo mejor de la gastronom\u00eda regional. A solo 30 minutos de la ciudad de C\u00f3rdoba, durante Semana&#8230;<\/p>\n","protected":false},"author":1,"featured_media":43877,"comment_status":"open","ping_status":"open","sticky":false,"template":"","format":"standard","meta":{"footnotes":""},"categories":[7877],"tags":[],"_links":{"self":[{"href":"https:\/\/www.alquilerargentina.com\/blog\/wp-json\/wp\/v2\/posts\/43874"}],"collection":[{"href":"https:\/\/www.alquilerargentina.com\/blog\/wp-json\/wp\/v2\/posts"}],"about":[{"href":"https:\/\/www.alquilerargentina.com\/blog\/wp-json\/wp\/v2\/types\/post"}],"author":[{"embeddable":true,"href":"https:\/\/www.alquilerargentina.com\/blog\/wp-json\/wp\/v2\/users\/1"}],"replies":[{"embeddable":true,"href":"https:\/\/www.alquilerargentina.com\/blog\/wp-json\/wp\/v2\/comments?post=43874"}],"version-history":[{"count":1,"href":"https:\/\/www.alquilerargentina.com\/blog\/wp-json\/wp\/v2\/posts\/43874\/revisions"}],"predecessor-version":[{"id":43878,"href":"https:\/\/www.alquilerargentina.com\/blog\/wp-json\/wp\/v2\/posts\/43874\/revisions\/43878"}],"wp:featuredmedia":[{"embeddable":true,"href":"https:\/\/www.alquilerargentina.com\/blog\/wp-json\/wp\/v2\/media\/43877"}],"wp:attachment":[{"href":"https:\/\/www.alquilerargentina.com\/blog\/wp-json\/wp\/v2\/media?parent=43874"}],"wp:term":[{"taxonomy":"category","embeddable":true,"href":"https:\/\/www.alquilerargentina.com\/blog\/wp-json\/wp\/v2\/categories?post=43874"},{"taxonomy":"post_tag","embeddable":true,"href":"https:\/\/www.alquilerargentina.com\/blog\/wp-json\/wp\/v2\/tags?post=43874"}],"curies":[{"name":"wp","href":"https:\/\/api.w.org\/{rel}","templated":true}]}}