{"id":43020,"date":"2021-12-22T10:20:32","date_gmt":"2021-12-22T13:20:32","guid":{"rendered":"http:\/\/blog.alquilerargentina.com\/?p=43020"},"modified":"2021-12-22T10:20:46","modified_gmt":"2021-12-22T13:20:46","slug":"verano-en-cordoba-lanzan-un-marketplace-de-experiencias","status":"publish","type":"post","link":"https:\/\/www.alquilerargentina.com\/blog\/novedades\/noticias\/verano-en-cordoba-lanzan-un-marketplace-de-experiencias.html","title":{"rendered":"Verano en C\u00f3rdoba: lanzan un marketplace de experiencias"},"content":{"rendered":"\n<p>La Agencia de C\u00f3rdoba Turismo (ACT) y la C\u00e1mara de Turismo de la provincia implementaron <strong>un nuevo <a href=\"https:\/\/experienciascordoba.tur.ar\/\">marketplace digital<\/a> tur\u00edstico que permite a los usuarios adquirir productos y servicios en una gu\u00eda de prestadores. <\/strong><\/p>\n\n\n\n<figure class=\"wp-block-image\"><img loading=\"lazy\" decoding=\"async\" width=\"1024\" height=\"683\" src=\"http:\/\/blog.alquilerargentina.com\/wp-content\/uploads\/2021\/12\/hector-ramon-perez-hqmsm0KzAh0-unsplash-1024x683.jpg\" alt=\"Verano en C\u00f3rdoba\" class=\"wp-image-43021\" srcset=\"https:\/\/blog3.alquilerargentina.com\/wp-content\/uploads\/2021\/12\/hector-ramon-perez-hqmsm0KzAh0-unsplash-1024x683.jpg 1024w, https:\/\/blog3.alquilerargentina.com\/wp-content\/uploads\/2021\/12\/hector-ramon-perez-hqmsm0KzAh0-unsplash-300x200.jpg 300w, https:\/\/blog3.alquilerargentina.com\/wp-content\/uploads\/2021\/12\/hector-ramon-perez-hqmsm0KzAh0-unsplash-768x512.jpg 768w, https:\/\/blog3.alquilerargentina.com\/wp-content\/uploads\/2021\/12\/hector-ramon-perez-hqmsm0KzAh0-unsplash.jpg 1920w\" sizes=\"(max-width: 1024px) 100vw, 1024px\" \/><\/figure>\n\n\n\n<p>Este proyecto fue financiado por el Consejo Federal de Inversiones y tiene por objetivo conjugar a los diversos actores del sector como agentes de viajes, hoteleros, gu\u00edas, artesanos, gastron\u00f3micos, productos y prestadores de servicios tur\u00edsticos en una gu\u00eda detallada con posibilidad de contrataci\u00f3n online. <\/p>\n\n\n\n<h2 class=\"wp-block-heading\">C\u00f3rdoba como principal destino tur\u00edstico<\/h2>\n\n\n\n<p><strong>Bajo el slogan \u00ab#C\u00f3rdobaTodoElA\u00f1o, <\/strong>la provincia busca posicionarse como uno de los principales destinos tur\u00edsticos del pa\u00eds. En la actualidad, cuenta con aproxidamanete nas 170.00 plazas formales de alojamiento entre caba\u00f1as, casas de alquiler y hoteles.<\/p>\n\n\n\n<p>El Valle de Punilla es uno de los destinos m\u00e1s solicitados. <strong>Del total de plazas mencionado, unas 55.000 se encuentran en Villa Carlos Paz.<\/strong>  Esta ciudad ofrece cada a\u00f1o una interesante oferta teatral y para 2022 se proyectan unas 20 obras en escena. <\/p>\n\n\n\n<p>Carloz Paz cuenta con muchos otros atractivos como la aerosilla, los paseos sobre el Lago San Roque, excursiones serranas y su famoso Reloj Cu-cu.<\/p>\n\n\n\n<p>Es en este valle tambi\u00e9n donde se realizan las tradicionales fiestas de verano como el Festival Nacional de Folklore Cosquin (entre el 22 y 30 de enero) y el Cosqu\u00edn rock (12 y 13 de febrero)<\/p>\n\n\n\n<p><\/p>\n\n\n\n<figure class=\"wp-block-image\"><img loading=\"lazy\" decoding=\"async\" width=\"1024\" height=\"768\" src=\"http:\/\/blog.alquilerargentina.com\/wp-content\/uploads\/2021\/12\/hector-ramon-perez-Q-mVo-QYtWc-unsplash-1024x768.jpg\" alt=\"\" class=\"wp-image-43022\" srcset=\"https:\/\/blog3.alquilerargentina.com\/wp-content\/uploads\/2021\/12\/hector-ramon-perez-Q-mVo-QYtWc-unsplash-1024x768.jpg 1024w, https:\/\/blog3.alquilerargentina.com\/wp-content\/uploads\/2021\/12\/hector-ramon-perez-Q-mVo-QYtWc-unsplash-300x225.jpg 300w, https:\/\/blog3.alquilerargentina.com\/wp-content\/uploads\/2021\/12\/hector-ramon-perez-Q-mVo-QYtWc-unsplash-768x576.jpg 768w, https:\/\/blog3.alquilerargentina.com\/wp-content\/uploads\/2021\/12\/hector-ramon-perez-Q-mVo-QYtWc-unsplash.jpg 1920w\" sizes=\"(max-width: 1024px) 100vw, 1024px\" \/><\/figure>\n\n\n\n<h2 class=\"wp-block-heading\">Otros valles serranos<\/h2>\n\n\n\n<p>El Valle de Calamuchita, al sur de la provincia, tambi\u00e9n es muy concurrido todos los veranos. All\u00ed se encuentra Villa General Belgrano, un pintoresco pueblo con identidad centroeuropea, famoso por su gastronom\u00eda y sus f\u00e1bricas de cervezas artesanales. <\/p>\n\n\n\n<p>Calamuchita tambi\u00e9n es sin\u00f3nimo de naturaleza y es ideal para quienes buscan unas vacaciones disfrutando de cascadas, ollas, r\u00edos y paseos por senderos. <\/p>\n\n\n\n<p><strong>Una de las sorpresas tur\u00edsticas de los \u00faltimos a\u00f1os es la apuesta que est\u00e1n realizando las comunas del Valle de Paravachasca para atraer turistas. <\/strong>Desde la hermosa ciudad de Alta Gracia hasta Potrero de Garay, son cada vez m\u00e1s las propuestas para el viajero: parques recreativos, balnearios, turismo religioso, y senderismo son algunas. <\/p>\n\n\n\n<p><strong><a href=\"https:\/\/bit.ly\/3qbuCR6\">\u00bfBusc\u00e1s alojamiento en C\u00f3rdoba? \u00a1Hac\u00e9 click ac\u00e1 y descubr\u00ed toda la oferta disponible!<\/a><\/strong><\/p>\n\n\n\n<p><\/p>\n","protected":false},"excerpt":{"rendered":"<p>La Agencia de C\u00f3rdoba Turismo (ACT) y la C\u00e1mara de Turismo de la provincia implementaron un nuevo marketplace digital tur\u00edstico que permite a los usuarios adquirir productos y servicios en una gu\u00eda de prestadores. Este proyecto fue financiado por el Consejo Federal de Inversiones y tiene por objetivo conjugar a los diversos actores del sector&#8230;<\/p>\n","protected":false},"author":1,"featured_media":43021,"comment_status":"open","ping_status":"open","sticky":false,"template":"","format":"standard","meta":{"footnotes":""},"categories":[7877],"tags":[],"_links":{"self":[{"href":"https:\/\/www.alquilerargentina.com\/blog\/wp-json\/wp\/v2\/posts\/43020"}],"collection":[{"href":"https:\/\/www.alquilerargentina.com\/blog\/wp-json\/wp\/v2\/posts"}],"about":[{"href":"https:\/\/www.alquilerargentina.com\/blog\/wp-json\/wp\/v2\/types\/post"}],"author":[{"embeddable":true,"href":"https:\/\/www.alquilerargentina.com\/blog\/wp-json\/wp\/v2\/users\/1"}],"replies":[{"embeddable":true,"href":"https:\/\/www.alquilerargentina.com\/blog\/wp-json\/wp\/v2\/comments?post=43020"}],"version-history":[{"count":1,"href":"https:\/\/www.alquilerargentina.com\/blog\/wp-json\/wp\/v2\/posts\/43020\/revisions"}],"predecessor-version":[{"id":43023,"href":"https:\/\/www.alquilerargentina.com\/blog\/wp-json\/wp\/v2\/posts\/43020\/revisions\/43023"}],"wp:featuredmedia":[{"embeddable":true,"href":"https:\/\/www.alquilerargentina.com\/blog\/wp-json\/wp\/v2\/media\/43021"}],"wp:attachment":[{"href":"https:\/\/www.alquilerargentina.com\/blog\/wp-json\/wp\/v2\/media?parent=43020"}],"wp:term":[{"taxonomy":"category","embeddable":true,"href":"https:\/\/www.alquilerargentina.com\/blog\/wp-json\/wp\/v2\/categories?post=43020"},{"taxonomy":"post_tag","embeddable":true,"href":"https:\/\/www.alquilerargentina.com\/blog\/wp-json\/wp\/v2\/tags?post=43020"}],"curies":[{"name":"wp","href":"https:\/\/api.w.org\/{rel}","templated":true}]}}