{"id":42569,"date":"2021-10-06T15:13:40","date_gmt":"2021-10-06T18:13:40","guid":{"rendered":"http:\/\/blog.alquilerargentina.com\/?p=42569"},"modified":"2021-10-06T15:42:39","modified_gmt":"2021-10-06T18:42:39","slug":"reabrio-el-paso-cristo-redentor","status":"publish","type":"post","link":"https:\/\/www.alquilerargentina.com\/blog\/novedades\/noticias\/reabrio-el-paso-cristo-redentor.html","title":{"rendered":"Reabri\u00f3 el Paso Cristo Redentor"},"content":{"rendered":"\n<p><em>Finalmente se habilit\u00f3 el<strong> Paso Cristo Redentor <\/strong>el cual une Argentina con Chile y que desde el inicio de la pandemia fue <strong>cerrado para fines tur\u00edsticos.<\/strong><\/em><\/p>\n\n\n\n<figure class=\"wp-block-image\"><img loading=\"lazy\" decoding=\"async\" width=\"1000\" height=\"700\" src=\"http:\/\/blog.alquilerargentina.com\/wp-content\/uploads\/2021\/10\/paso-cristo-redentor-portada-2.jpg\" alt=\"\" class=\"wp-image-42576\" srcset=\"https:\/\/blog3.alquilerargentina.com\/wp-content\/uploads\/2021\/10\/paso-cristo-redentor-portada-2.jpg 1000w, https:\/\/blog3.alquilerargentina.com\/wp-content\/uploads\/2021\/10\/paso-cristo-redentor-portada-2-300x210.jpg 300w, https:\/\/blog3.alquilerargentina.com\/wp-content\/uploads\/2021\/10\/paso-cristo-redentor-portada-2-768x538.jpg 768w\" sizes=\"(max-width: 1000px) 100vw, 1000px\" \/><\/figure>\n\n\n\n<p>Por primera vez<em> desde el inicio de la pandemia,<\/em> este mi\u00e9rcoles se habilit\u00f3 un cruce para ingresar por v\u00eda terrestre a la Argentina. Se trata del <strong>Paso internacional Cristo Redentor, q<\/strong>ue une la provincia de Mendoza con Chile.<\/p>\n\n\n\n<p>El anuncio formal fue hecho por la Canciller\u00eda Argentina y el Ministerio de Turismo de Mendoza. Por ahora, el paso est\u00e1 inhabilitado para el turismo internacional.<\/p>\n\n\n\n<p>La medida hab\u00eda sido tomada por el Gobierno nacional el lunes 6 cuando anunci\u00f3 la reapertura del aeropuerto mendocino Francisco Gabrielli (El Plumerillo), para vuelos internacionales. Una decisi\u00f3n que si bien fue anunciada ese d\u00eda, a\u00fan no se aplicaba porque se deb\u00edan ajustar parte de los protocolos sanitarios.<\/p>\n\n\n\n<figure class=\"wp-block-image\"><img loading=\"lazy\" decoding=\"async\" width=\"1000\" height=\"700\" src=\"http:\/\/blog.alquilerargentina.com\/wp-content\/uploads\/2021\/10\/paso-cristo-redentor-1-1.jpg\" alt=\"\" class=\"wp-image-42578\" srcset=\"https:\/\/blog3.alquilerargentina.com\/wp-content\/uploads\/2021\/10\/paso-cristo-redentor-1-1.jpg 1000w, https:\/\/blog3.alquilerargentina.com\/wp-content\/uploads\/2021\/10\/paso-cristo-redentor-1-1-300x210.jpg 300w, https:\/\/blog3.alquilerargentina.com\/wp-content\/uploads\/2021\/10\/paso-cristo-redentor-1-1-768x538.jpg 768w\" sizes=\"(max-width: 1000px) 100vw, 1000px\" \/><\/figure>\n\n\n\n<blockquote class=\"wp-block-quote is-layout-flow wp-block-quote-is-layout-flow\"><p><em><strong>Ahora, y de acuerdo a la Decisi\u00f3n Administrativa 898\/2021, el Ejecutivo autoriz\u00f3 la apertura de ambos corredores para el ingreso a la Argentina: por aire y por tierra.<\/strong><\/em><\/p><\/blockquote>\n\n\n\n<p><strong>Los vuelos desde <a href=\"https:\/\/www.alquilerargentina.com\/Mendoza\/?itm_source=blog&amp;itm_medium=noticias&amp;itm_campaign=apertura_cristo_redentor&amp;itm_content=mendoza\">Mendoza <\/a>a Santiago <\/strong>contar\u00e1n con una frecuencia semanal: los s\u00e1bados.<\/p>\n\n\n\n<h3 class=\"wp-block-heading\">Quienes pueden ingresar y con qu\u00e9 requisitos<\/h3>\n\n\n\n<ul><li>\u200b\u200bEl primer grupo habilitado para utilizar el Paso son los argentinos y los extranjeros residentes en Argentina.<\/li><li>El segundo grupo: los extranjeros familiares directos (hijos, padres, c\u00f3nyuges, parejas y hermanos) de ciudadanos argentinos y extranjeros residentes en el pa\u00eds, que por su nacionalidad no requieren visa para ingresar a la Argentina. Sobre el tema se se\u00f1al\u00f3, que ciudadanos chilenos, colombianos y venezolanos no requieren visa de turismo.<\/li><li>El tercero de los grupos habilitados son los transportistas o tripulantes de cualquier nacionalidad en el ejercicio de su actividad.<\/li><li>El cuarto grupo: los extranjeros declarados \u00aben tr\u00e1nsito\u00bb hacia otros pa\u00edses con una permanencia en el aeropuerto internacional menor a la 24 horas.<\/li><li>Y hay un quinto grupo, que es para los extranjeros autorizados expresamente por la Direcci\u00f3n Nacional de Migraciones, para desarrollar una actividad laboral o comercial; o para cumplir con una misi\u00f3n oficial diplom\u00e1tica; o para participar de eventos deportivos.<\/li><\/ul>\n\n\n\n<figure class=\"wp-block-image\"><img loading=\"lazy\" decoding=\"async\" width=\"1000\" height=\"700\" src=\"http:\/\/blog.alquilerargentina.com\/wp-content\/uploads\/2021\/10\/paso-cristo-redentor-foto-2.jpg\" alt=\"\" class=\"wp-image-42580\" srcset=\"https:\/\/blog3.alquilerargentina.com\/wp-content\/uploads\/2021\/10\/paso-cristo-redentor-foto-2.jpg 1000w, https:\/\/blog3.alquilerargentina.com\/wp-content\/uploads\/2021\/10\/paso-cristo-redentor-foto-2-300x210.jpg 300w, https:\/\/blog3.alquilerargentina.com\/wp-content\/uploads\/2021\/10\/paso-cristo-redentor-foto-2-768x538.jpg 768w\" sizes=\"(max-width: 1000px) 100vw, 1000px\" \/><\/figure>\n\n\n\n<h3 class=\"wp-block-heading\">Requisitos y obligaciones<\/h3>\n\n\n\n<ul><li>Quienes ingresen a Mendoza deber\u00e1n presentar resultados negativos de test PCR realizado 72 horas previas a viajar.<\/li><li>Luego, deber\u00e1n realizar en el Complejo Fronterizo Horcones un test de ant\u00edgenos, para lo cual se dispuso de un laboratorio en el lugar. El costo del an\u00e1lisis corre por cuenta del viajero, y el precio del test es de $ 2.500.<\/li><li>A su vez, deber\u00e1n realizar otra prueba a los 7 d\u00edas de arribo, la cual tambi\u00e9n corre por cuenta del viajante que ingres\u00f3 al pa\u00eds.<\/li><li>Tambi\u00e9n habr\u00e1 que presentar una declaraci\u00f3n Jurada Electr\u00f3nica de ingreso-egreso al pa\u00eds en el sitio web de Migraciones Argentina. Hay que completarla con un m\u00e1ximo de 48 horas previo al viaje. Adem\u00e1s, hay que presentar el \u00abseguro de Viajero\u00bb, que incluya expresamente la cobertura para la atenci\u00f3n de coronavirus en caso de no ser argentino o no ser extranjero residente en Argentina.<\/li><li>El \u00faltimo e imprescindible requisito es que toda persona que ingrese al pa\u00eds deber\u00e1 hacer una cuarentena de 10 d\u00edas.<\/li><\/ul>\n","protected":false},"excerpt":{"rendered":"<p>Finalmente se habilit\u00f3 el Paso Cristo Redentor el cual une Argentina con Chile y que desde el inicio de la pandemia fue cerrado para fines tur\u00edsticos. Por primera vez desde el inicio de la pandemia, este mi\u00e9rcoles se habilit\u00f3 un cruce para ingresar por v\u00eda terrestre a la Argentina. Se trata del Paso internacional Cristo&#8230;<\/p>\n","protected":false},"author":1,"featured_media":42579,"comment_status":"open","ping_status":"open","sticky":false,"template":"","format":"standard","meta":{"footnotes":""},"categories":[7877],"tags":[],"_links":{"self":[{"href":"https:\/\/www.alquilerargentina.com\/blog\/wp-json\/wp\/v2\/posts\/42569"}],"collection":[{"href":"https:\/\/www.alquilerargentina.com\/blog\/wp-json\/wp\/v2\/posts"}],"about":[{"href":"https:\/\/www.alquilerargentina.com\/blog\/wp-json\/wp\/v2\/types\/post"}],"author":[{"embeddable":true,"href":"https:\/\/www.alquilerargentina.com\/blog\/wp-json\/wp\/v2\/users\/1"}],"replies":[{"embeddable":true,"href":"https:\/\/www.alquilerargentina.com\/blog\/wp-json\/wp\/v2\/comments?post=42569"}],"version-history":[{"count":10,"href":"https:\/\/www.alquilerargentina.com\/blog\/wp-json\/wp\/v2\/posts\/42569\/revisions"}],"predecessor-version":[{"id":42595,"href":"https:\/\/www.alquilerargentina.com\/blog\/wp-json\/wp\/v2\/posts\/42569\/revisions\/42595"}],"wp:featuredmedia":[{"embeddable":true,"href":"https:\/\/www.alquilerargentina.com\/blog\/wp-json\/wp\/v2\/media\/42579"}],"wp:attachment":[{"href":"https:\/\/www.alquilerargentina.com\/blog\/wp-json\/wp\/v2\/media?parent=42569"}],"wp:term":[{"taxonomy":"category","embeddable":true,"href":"https:\/\/www.alquilerargentina.com\/blog\/wp-json\/wp\/v2\/categories?post=42569"},{"taxonomy":"post_tag","embeddable":true,"href":"https:\/\/www.alquilerargentina.com\/blog\/wp-json\/wp\/v2\/tags?post=42569"}],"curies":[{"name":"wp","href":"https:\/\/api.w.org\/{rel}","templated":true}]}}