{"id":41127,"date":"2024-11-12T10:37:40","date_gmt":"2024-11-12T13:37:40","guid":{"rendered":"http:\/\/blog.alquilerargentina.com\/?p=41127"},"modified":"2024-11-12T11:49:45","modified_gmt":"2024-11-12T14:49:45","slug":"semana-santa-4-cerros-en-cordoba-para-disfrutar-en-familia","status":"publish","type":"post","link":"https:\/\/www.alquilerargentina.com\/blog\/paseos-y-excursiones\/semana-santa-4-cerros-en-cordoba-para-disfrutar-en-familia.html","title":{"rendered":"4 cerros en C\u00f3rdoba para disfrutar en familia"},"content":{"rendered":"\r\n<p><em>Llega\u00a0 el \u00faltimo finde largo de noviembre y C\u00f3rdoba se prepara para recibir turistas de todo el pa\u00eds. <\/em><em>En este art\u00edculo vas a conocer <strong>4 cerros cordobeses <\/strong>de f\u00e1cil ascenso para recorrer con toda la familia y disfrutar de paisajes incre\u00edbles. <\/em><\/p>\r\n\r\n\r\n\r\n<figure class=\"wp-block-image\"><img loading=\"lazy\" decoding=\"async\" width=\"1000\" height=\"700\" class=\"wp-image-41141\" src=\"http:\/\/blog.alquilerargentina.com\/wp-content\/uploads\/2021\/03\/4-cerros-de-C\u00f3rdoba-portada-2.jpg\" alt=\"\" srcset=\"https:\/\/blog3.alquilerargentina.com\/wp-content\/uploads\/2021\/03\/4-cerros-de-C\u00f3rdoba-portada-2.jpg 1000w, https:\/\/blog3.alquilerargentina.com\/wp-content\/uploads\/2021\/03\/4-cerros-de-C\u00f3rdoba-portada-2-300x210.jpg 300w, https:\/\/blog3.alquilerargentina.com\/wp-content\/uploads\/2021\/03\/4-cerros-de-C\u00f3rdoba-portada-2-768x538.jpg 768w\" sizes=\"(max-width: 1000px) 100vw, 1000px\" \/><\/figure>\r\n\r\n\r\n\r\n<p>Te invitamos a que encuentres tu momento en la naturaleza, recorriendo algunos de los cerros m\u00e1s bellos de la provincia de C\u00f3rdoba<\/p>\r\n\r\n\r\n\r\n<h3 class=\"wp-block-heading\">Cerro de la Cruz<\/h3>\r\n\r\n\r\n\r\n<p>El<strong> Cerro de la Cruz e<\/strong>s un icono de San Marcos Sierras. Desde su cima se puede observar el panorama completo del valle que alberga al pueblo, la quebrada del R\u00edo San Marcos y hasta el espejo de agua del Dique Cruz del Eje.<\/p>\r\n\r\n\r\n\r\n<figure class=\"wp-block-image\"><img loading=\"lazy\" decoding=\"async\" width=\"1000\" height=\"700\" class=\"wp-image-41140\" src=\"http:\/\/blog.alquilerargentina.com\/wp-content\/uploads\/2021\/03\/4-cerros-de-C\u00f3rdoba-cerro-de-la-cruz2.jpg\" alt=\"\" srcset=\"https:\/\/blog3.alquilerargentina.com\/wp-content\/uploads\/2021\/03\/4-cerros-de-C\u00f3rdoba-cerro-de-la-cruz2.jpg 1000w, https:\/\/blog3.alquilerargentina.com\/wp-content\/uploads\/2021\/03\/4-cerros-de-C\u00f3rdoba-cerro-de-la-cruz2-300x210.jpg 300w, https:\/\/blog3.alquilerargentina.com\/wp-content\/uploads\/2021\/03\/4-cerros-de-C\u00f3rdoba-cerro-de-la-cruz2-768x538.jpg 768w\" sizes=\"(max-width: 1000px) 100vw, 1000px\" \/><\/figure>\r\n\r\n\r\n\r\n<p>El ascenso es de baja dificultad; lleva de 20 a 30 minutos al igual que el descenso del mismo. En su recorrido se puede disfrutar de un sinf\u00edn de alternativas que permiten el contacto directo con la naturaleza.<\/p>\r\n\r\n\r\n\r\n<h3 class=\"wp-block-heading\">Cerro Wank<\/h3>\r\n\r\n\r\n\r\n<p>El Cerro Wank se encuentra ubicado en uno de los destinos m\u00e1s lindos del <a href=\"https:\/\/www.alquilerargentina.com\/C%C3%B3rdoba\/Valle-De-Calamuchita\/?itm_source=blog&amp;itm_medium=paseos&amp;itm_campaign=cerros_c%C3%B3rdoba_semana_santa&amp;itm_content=valle_de_calamuchita\" target=\"_blank\" rel=\"noreferrer noopener\" aria-label=\" (abre en una nueva pesta\u00f1a)\">Valle de Calamuchita<\/a>, <a href=\"https:\/\/www.alquilerargentina.com\/C%C3%B3rdoba\/La-Cumbrecita\/?itm_source=blog&amp;itm_medium=paseos&amp;itm_campaign=cerros_c%C3%B3rdoba_semana_santa&amp;itm_content=la_cumbrecita\">La Cumbrecita<\/a>. Se caracteriza por contar con un ascenso de poca dificultad y es ideal para recorrerlo en familia.<\/p>\r\n\r\n\r\n\r\n<figure class=\"wp-block-image\"><img loading=\"lazy\" decoding=\"async\" width=\"1000\" height=\"700\" class=\"wp-image-41139\" src=\"http:\/\/blog.alquilerargentina.com\/wp-content\/uploads\/2021\/03\/4-cerros-de-C\u00f3rdoba-cerro-wank.jpg\" alt=\"\" srcset=\"https:\/\/blog3.alquilerargentina.com\/wp-content\/uploads\/2021\/03\/4-cerros-de-C\u00f3rdoba-cerro-wank.jpg 1000w, https:\/\/blog3.alquilerargentina.com\/wp-content\/uploads\/2021\/03\/4-cerros-de-C\u00f3rdoba-cerro-wank-300x210.jpg 300w, https:\/\/blog3.alquilerargentina.com\/wp-content\/uploads\/2021\/03\/4-cerros-de-C\u00f3rdoba-cerro-wank-768x538.jpg 768w\" sizes=\"(max-width: 1000px) 100vw, 1000px\" \/><\/figure>\r\n\r\n\r\n\r\n<p>El recorrido comienza en una pasarela de madera que atraviesa el arroyo Almbach, que se ubica frente a la confiter\u00eda Liesbeth.<\/p>\r\n\r\n\r\n\r\n<p>Todo el sendero cuenta con indicaciones claras en carteles de madera, flechas y mojones de piedra que permiten ubicarse f\u00e1cilmente. El recorrido completo consta de 3 kil\u00f3metros y se realiza en 40 minutos de ida y 40 minutos de regreso.<\/p>\r\n\r\n\r\n\r\n<p>Al ascender podr\u00e1s recorrer un hermoso bosque de abedules y encontrar diversos puntos con vistas panor\u00e1micas al pueblo. <\/p>\r\n\r\n\r\n\r\n<p>En la cima, que se encuentra a 1715 metros sobre el nivel del mar, es posible apreciar una fant\u00e1stica vista de las Sierras Grandes y del Valle de Calamuchita.<\/p>\r\n\r\n\r\n\r\n<p>&nbsp;<\/p>\r\n\r\n\r\n\r\n<h3 class=\"wp-block-heading\">Cerro Pan de Az\u00facar<\/h3>\r\n\r\n\r\n\r\n<p>Se encuentra ubicado en las Sierras Chicas, al este del <a href=\"https:\/\/www.alquilerargentina.com\/C%C3%B3rdoba\/Valle-De-Punilla?itm_source=blog&amp;itm_medium=paseos&amp;itm_campaign=cerros_c%C3%B3rdoba_semana_santa&amp;itm_content=valle_de_punilla\" target=\"_blank\" rel=\"noreferrer noopener\" aria-label=\"Valle de Punilla. (abre en una nueva pesta\u00f1a)\">Valle de Punilla.<\/a> Se puede hacer caminando sin ning\u00fan costo o tomar la aerosilla.<\/p>\r\n\r\n\r\n\r\n<figure class=\"wp-block-image\"><img loading=\"lazy\" decoding=\"async\" width=\"1000\" height=\"700\" class=\"wp-image-41142\" src=\"http:\/\/blog.alquilerargentina.com\/wp-content\/uploads\/2021\/03\/4-cerros-de-C\u00f3rdoba-pan-de-azucar.jpg\" alt=\"\" srcset=\"https:\/\/blog3.alquilerargentina.com\/wp-content\/uploads\/2021\/03\/4-cerros-de-C\u00f3rdoba-pan-de-azucar.jpg 1000w, https:\/\/blog3.alquilerargentina.com\/wp-content\/uploads\/2021\/03\/4-cerros-de-C\u00f3rdoba-pan-de-azucar-300x210.jpg 300w, https:\/\/blog3.alquilerargentina.com\/wp-content\/uploads\/2021\/03\/4-cerros-de-C\u00f3rdoba-pan-de-azucar-768x538.jpg 768w\" sizes=\"(max-width: 1000px) 100vw, 1000px\" \/><\/figure>\r\n\r\n\r\n\r\n<p>Para llegar a la cima, el recorrido no dura m\u00e1s de una hora. Al igual que los otros cerros, tiene una vistas impresionantes de sus alrededores. El sendero est\u00e1 muy bien demarcado.<\/p>\r\n\r\n\r\n\r\n<h3 class=\"wp-block-heading\">Cerro Colorado<\/h3>\r\n\r\n\r\n\r\n<p>Est\u00e1 ubicado en el departamento con el mismo nombre, al norte de la provincia. Es uno de los m\u00e1s bajos y de muy f\u00e1cil acceso.<\/p>\r\n\r\n\r\n\r\n<figure class=\"wp-block-image\"><img loading=\"lazy\" decoding=\"async\" width=\"1000\" height=\"700\" class=\"wp-image-41147\" src=\"http:\/\/blog.alquilerargentina.com\/wp-content\/uploads\/2021\/03\/4-cerros-de-C\u00f3rdoba-cerro-colorado-1.jpg\" alt=\"\" srcset=\"https:\/\/blog3.alquilerargentina.com\/wp-content\/uploads\/2021\/03\/4-cerros-de-C\u00f3rdoba-cerro-colorado-1.jpg 1000w, https:\/\/blog3.alquilerargentina.com\/wp-content\/uploads\/2021\/03\/4-cerros-de-C\u00f3rdoba-cerro-colorado-1-300x210.jpg 300w, https:\/\/blog3.alquilerargentina.com\/wp-content\/uploads\/2021\/03\/4-cerros-de-C\u00f3rdoba-cerro-colorado-1-768x538.jpg 768w\" sizes=\"(max-width: 1000px) 100vw, 1000px\" \/><\/figure>\r\n\r\n\r\n\r\n<p>Una de sus riquezas es que se puede explorar uno de los centros pict\u00f3ricos de arte rupestre m\u00e1s destacados del pa\u00eds: 35000 representaciones de los pueblos sanavir\u00f3n y comeching\u00f3n de hasta 2000 a\u00f1os de antig\u00fcedad. El ascenso dura menos de una hora y es ideal para disfrutar en familia.<\/p>\r\n\r\n\r\n\r\n<p>\u00a1Si est\u00e1s pensando en visitar la provincia de C\u00f3rdoba este verano, pod\u00e9s encontrar los mejores alojamientos <a href=\"https:\/\/www.alquilerargentina.com\/C%C3%B3rdoba\/?utm_source=blog&amp;utm_medium=org%C3%A1nico&amp;utm_campaign=Cerros+c%C3%B3rdoba&amp;utm_content=c%C3%B3rdoba\">haciendo click aqu\u00ed !<\/a><\/p>\r\n\r\n\r\n\r\n<p><strong><em>En C\u00f3rdoba la naturaleza se vive y siente. No dejes de disfrutar de ella conociendo alguno de estos cerros. <\/em><\/strong><\/p>\r\n","protected":false},"excerpt":{"rendered":"<p>Llega\u00a0 el \u00faltimo finde largo de noviembre y C\u00f3rdoba se prepara para recibir turistas de todo el pa\u00eds. En este art\u00edculo vas a conocer 4 cerros cordobeses de f\u00e1cil ascenso para recorrer con toda la familia y disfrutar de paisajes incre\u00edbles. Te invitamos a que encuentres tu momento en la naturaleza, recorriendo algunos de los&#8230;<\/p>\n","protected":false},"author":1,"featured_media":41143,"comment_status":"open","ping_status":"open","sticky":false,"template":"","format":"standard","meta":{"footnotes":""},"categories":[3588],"tags":[],"_links":{"self":[{"href":"https:\/\/www.alquilerargentina.com\/blog\/wp-json\/wp\/v2\/posts\/41127"}],"collection":[{"href":"https:\/\/www.alquilerargentina.com\/blog\/wp-json\/wp\/v2\/posts"}],"about":[{"href":"https:\/\/www.alquilerargentina.com\/blog\/wp-json\/wp\/v2\/types\/post"}],"author":[{"embeddable":true,"href":"https:\/\/www.alquilerargentina.com\/blog\/wp-json\/wp\/v2\/users\/1"}],"replies":[{"embeddable":true,"href":"https:\/\/www.alquilerargentina.com\/blog\/wp-json\/wp\/v2\/comments?post=41127"}],"version-history":[{"count":17,"href":"https:\/\/www.alquilerargentina.com\/blog\/wp-json\/wp\/v2\/posts\/41127\/revisions"}],"predecessor-version":[{"id":45275,"href":"https:\/\/www.alquilerargentina.com\/blog\/wp-json\/wp\/v2\/posts\/41127\/revisions\/45275"}],"wp:featuredmedia":[{"embeddable":true,"href":"https:\/\/www.alquilerargentina.com\/blog\/wp-json\/wp\/v2\/media\/41143"}],"wp:attachment":[{"href":"https:\/\/www.alquilerargentina.com\/blog\/wp-json\/wp\/v2\/media?parent=41127"}],"wp:term":[{"taxonomy":"category","embeddable":true,"href":"https:\/\/www.alquilerargentina.com\/blog\/wp-json\/wp\/v2\/categories?post=41127"},{"taxonomy":"post_tag","embeddable":true,"href":"https:\/\/www.alquilerargentina.com\/blog\/wp-json\/wp\/v2\/tags?post=41127"}],"curies":[{"name":"wp","href":"https:\/\/api.w.org\/{rel}","templated":true}]}}