{"id":40754,"date":"2021-02-17T12:13:10","date_gmt":"2021-02-17T15:13:10","guid":{"rendered":"http:\/\/blog.alquilerargentina.com\/?p=40754"},"modified":"2021-02-17T12:13:13","modified_gmt":"2021-02-17T15:13:13","slug":"las-termas-de-entre-rios-en-verano","status":"publish","type":"post","link":"https:\/\/www.alquilerargentina.com\/blog\/paseos-y-excursiones\/las-termas-de-entre-rios-en-verano.html","title":{"rendered":"Las termas de Entre R\u00edos en verano"},"content":{"rendered":"\n<p><em>Las&nbsp;<strong>vacaciones de verano<\/strong> est\u00e1n a punto de finalizar y los distintos rincones de nuestro pa\u00eds siguen ofreciendo las mejores propuestas para recibir al turista y garantizar una excelente temporada en el marco de la<strong> nueva normalidad. <\/strong><\/em><\/p>\n\n\n\n<figure class=\"wp-block-image\"><img loading=\"lazy\" decoding=\"async\" width=\"1000\" height=\"700\" src=\"http:\/\/blog.alquilerargentina.com\/wp-content\/uploads\/2021\/02\/Termas-Entre-R\u00edos-verano-portada-2.jpg\" alt=\"\" class=\"wp-image-40762\" srcset=\"https:\/\/blog3.alquilerargentina.com\/wp-content\/uploads\/2021\/02\/Termas-Entre-R\u00edos-verano-portada-2.jpg 1000w, https:\/\/blog3.alquilerargentina.com\/wp-content\/uploads\/2021\/02\/Termas-Entre-R\u00edos-verano-portada-2-300x210.jpg 300w, https:\/\/blog3.alquilerargentina.com\/wp-content\/uploads\/2021\/02\/Termas-Entre-R\u00edos-verano-portada-2-768x538.jpg 768w\" sizes=\"(max-width: 1000px) 100vw, 1000px\" \/><\/figure>\n\n\n\n<p>M\u00e1s all\u00e1 de la estaci\u00f3n del a\u00f1o, las termas ganan protagonismo y siempre son una excelente alternativa para disfrutar de las <strong>vacaciones de verano. <\/strong>En Entre R\u00edos, los complejos son ideales y ofrecen diferentes alternativas para todas las edades. En esta nota descubr\u00ed caracter\u00edsticas, novedades y tarifas para que puedas elegir t\u00fa favorita y dar una vuelta por las<em> termas de <a href=\"https:\/\/www.alquilerargentina.com\/Entre-R%C3%ADos\/?itm_source=blog&amp;itm_medium=destinos&amp;itm_campaign=termas_entre_r%C3%ADosl&amp;itm_content=entrer%C3%ADos\" target=\"_blank\" rel=\"noreferrer noopener\" aria-label=\"Entre R\u00edos  (abre en una nueva pesta\u00f1a)\">Entre R\u00edos <\/a>en verano. <\/em><\/p>\n\n\n\n<h2 class=\"wp-block-heading\">Col\u00f3n<\/h2>\n\n\n\n<p>Para la provincia de <a href=\"https:\/\/www.alquilerargentina.com\/Entre-R%C3%ADos\/?itm_source=blog&amp;itm_medium=destinos&amp;itm_campaign=termas_entre_r%C3%ADosl&amp;itm_content=entrer%C3%ADos\" target=\"_blank\" rel=\"noreferrer noopener\" aria-label=\"Entre R\u00edos, l (abre en una nueva pesta\u00f1a)\">Entre R\u00edos, l<\/a>a construcci\u00f3n de la represa hidroel\u00e9ctrica de Salto Grande, a orillas del r\u00edo Uruguay, fue clave para la creaci\u00f3n de las termas. Durante las excavaciones se encontraron algunas napas de agua caliente que luego sirvieron para que los peque\u00f1os pueblos de la zona encontraran nuevos atractivos tur\u00edsticos.<\/p>\n\n\n\n<figure class=\"wp-block-image\"><img loading=\"lazy\" decoding=\"async\" width=\"1000\" height=\"700\" src=\"http:\/\/blog.alquilerargentina.com\/wp-content\/uploads\/2021\/02\/Termas-Entre-R\u00edos-verano-colon.jpg\" alt=\"\" class=\"wp-image-40768\" srcset=\"https:\/\/blog3.alquilerargentina.com\/wp-content\/uploads\/2021\/02\/Termas-Entre-R\u00edos-verano-colon.jpg 1000w, https:\/\/blog3.alquilerargentina.com\/wp-content\/uploads\/2021\/02\/Termas-Entre-R\u00edos-verano-colon-300x210.jpg 300w, https:\/\/blog3.alquilerargentina.com\/wp-content\/uploads\/2021\/02\/Termas-Entre-R\u00edos-verano-colon-768x538.jpg 768w\" sizes=\"(max-width: 1000px) 100vw, 1000px\" \/><\/figure>\n\n\n\n<p>Uno de los complejos m\u00e1s importantes es el complejo termal de <strong><a href=\"https:\/\/www.alquilerargentina.com\/Entre-R%C3%ADos\/Col%C3%B3n\/\/?itm_source=blog&amp;itm_medium=destinos&amp;itm_campaign=termas_entre_r%C3%ADosl&amp;itm_content=col%C3%B3n\" target=\"_blank\" rel=\"noreferrer noopener\" aria-label=\"Col\u00f3n (abre en una nueva pesta\u00f1a)\">Col\u00f3n<\/a><\/strong>. Emplazado en pleno corredor tur\u00edstico del R\u00edo Uruguay, brinda a los visitantes la posibilidad de disfrutar de la naturaleza y la relajaci\u00f3n durante todo el a\u00f1o.<\/p>\n\n\n\n<p>Se destaca de otros complejos por sus aguas mesotermales-bicarbonatadas-s\u00f3dicas (presencia de sodio, cloruro, potasio y fosfato). Poseen alrededor de 36 grados de temperatura y son recomendadas en aplicaciones terap\u00e9uticas, tanto en la ingesta como en las inmersiones.<\/p>\n\n\n\n<h2 class=\"wp-block-heading\">Federaci\u00f3n<\/h2>\n\n\n\n<p>En <strong><a href=\"https:\/\/www.alquilerargentina.com\/Entre-R%C3%ADos\/Federacion\/?itm_source=blog&amp;itm_medium=destinos&amp;itm_campaign=termas_entre_r%C3%ADosl&amp;itm_content=federaci%C3%B3n\" target=\"_blank\" rel=\"noreferrer noopener\" aria-label=\"Federaci\u00f3n (abre en una nueva pesta\u00f1a)\">Federaci\u00f3n<\/a><\/strong> las termas cada vez suma m\u00e1s adeptos. Se caracteriza por su entorno natural, tranquilidad y por estar rodeado de modernos servicios hoteleros y gastron\u00f3micos.<\/p>\n\n\n\n<blockquote class=\"wp-block-quote is-layout-flow wp-block-quote-is-layout-flow\"><p><em>El recurso termal presenta una temperatura de surgencia que se mantiene en forma constante a 42\u00b0C, clasific\u00e1ndolas como aguas hipertermales.<\/em><\/p><\/blockquote>\n\n\n\n<figure class=\"wp-block-image\"><img loading=\"lazy\" decoding=\"async\" width=\"1000\" height=\"700\" src=\"http:\/\/blog.alquilerargentina.com\/wp-content\/uploads\/2021\/02\/Termas-Entre-R\u00edos-verano-fereacion.jpg\" alt=\"\" class=\"wp-image-40761\" srcset=\"https:\/\/blog3.alquilerargentina.com\/wp-content\/uploads\/2021\/02\/Termas-Entre-R\u00edos-verano-fereacion.jpg 1000w, https:\/\/blog3.alquilerargentina.com\/wp-content\/uploads\/2021\/02\/Termas-Entre-R\u00edos-verano-fereacion-300x210.jpg 300w, https:\/\/blog3.alquilerargentina.com\/wp-content\/uploads\/2021\/02\/Termas-Entre-R\u00edos-verano-fereacion-768x538.jpg 768w\" sizes=\"(max-width: 1000px) 100vw, 1000px\" \/><\/figure>\n\n\n\n<p>La p\u00e1gina web de las termas public\u00f3 un c\u00f3digo de convivencia para ofrecer mayor seguridad: por ejemplo, permanecer en el lugar de acampe elegido, evitando circular innecesariamente por el predio, utilizar elementos de alimentaci\u00f3n y refrigeraci\u00f3n individuales, que no se puedan compartir, evitar compartir protectores solares, reducir la cantidad de art\u00edculos personales que ingresen a las instalaciones. <\/p>\n\n\n\n<p>Est\u00e1 prohibido el ingreso con mascotas, equipos de m\u00fasica, juguetes y elementos de flotaci\u00f3n, sombrillas. Habr\u00e1 que respetar el tiempo de permanencia en cada una de las piletas, seg\u00fan las disposici\u00f3n de los guardavidas. Finalmente, el ingreso a la pileta deber\u00e1 hacerse por el lugar se\u00f1alizado, siguiendo un orden y respetando el distanciamiento. Las entradas pueden adquirirse online.<\/p>\n\n\n\n<h2 class=\"wp-block-heading\">Villa Elisa<\/h2>\n\n\n\n<p>Otra opci\u00f3n es<a href=\"https:\/\/www.alquilerargentina.com\/Entre-R%C3%ADos\/Villa-Elisa\/?itm_source=blog&amp;itm_medium=destinos&amp;itm_campaign=termas_entre_r%C3%ADosl&amp;itm_content=villa_elisa\" target=\"_blank\" rel=\"noreferrer noopener\" aria-label=\" Villa Elisa. (abre en una nueva pesta\u00f1a)\"> <\/a><strong><a href=\"https:\/\/www.alquilerargentina.com\/Entre-R%C3%ADos\/Villa-Elisa\/?itm_source=blog&amp;itm_medium=destinos&amp;itm_campaign=termas_entre_r%C3%ADosl&amp;itm_content=villa_elisa\" target=\"_blank\" rel=\"noreferrer noopener\" aria-label=\" Villa Elisa. (abre en una nueva pesta\u00f1a)\">Villa Elisa<\/a><\/strong><a href=\"https:\/\/www.alquilerargentina.com\/Entre-R%C3%ADos\/Villa-Elisa\/?itm_source=blog&amp;itm_medium=destinos&amp;itm_campaign=termas_entre_r%C3%ADosl&amp;itm_content=villa_elisa\" target=\"_blank\" rel=\"noreferrer noopener\" aria-label=\" Villa Elisa. (abre en una nueva pesta\u00f1a)\">.<\/a> El complejo se emplaza en un predio de 41 hect\u00e1reas, ubicado a  km del centro de la ciudad. Cuenta con piscinas de aguas termales saladas de diferentes temperaturas, tanto de uso pasivo como recreativo, dos semicubiertas y calefaccionadas. Tambi\u00e9n vas a poder encontrarte con la novedosa piscina que produce olas, y la simp\u00e1tica plaza acu\u00e1tica para los m\u00e1s chicos, las cuales completan una variedad de opciones para todos los gustos y edades.<\/p>\n\n\n\n<figure class=\"wp-block-image\"><img loading=\"lazy\" decoding=\"async\" width=\"1000\" height=\"700\" src=\"http:\/\/blog.alquilerargentina.com\/wp-content\/uploads\/2021\/02\/Termas-Entre-R\u00edos-verano-villa-elia.jpg\" alt=\"\" class=\"wp-image-40767\" srcset=\"https:\/\/blog3.alquilerargentina.com\/wp-content\/uploads\/2021\/02\/Termas-Entre-R\u00edos-verano-villa-elia.jpg 1000w, https:\/\/blog3.alquilerargentina.com\/wp-content\/uploads\/2021\/02\/Termas-Entre-R\u00edos-verano-villa-elia-300x210.jpg 300w, https:\/\/blog3.alquilerargentina.com\/wp-content\/uploads\/2021\/02\/Termas-Entre-R\u00edos-verano-villa-elia-768x538.jpg 768w\" sizes=\"(max-width: 1000px) 100vw, 1000px\" \/><\/figure>\n\n\n\n<p>Para lograr un relax absoluto, disfrut\u00e1 de un moderno spa termal con un amplio men\u00fa de servicios de salud y belleza. Recorr\u00e9 senderos internos para realizar caminatas, paseos en bicicleta, un lago destinado a la recreaci\u00f3n n\u00e1utica, campo de golf y canchas de tenis.<\/p>\n\n\n\n<p>El complejo adem\u00e1s, ofrece servicios de enfermer\u00eda, varios locales de artesan\u00edas, proveedur\u00eda, actividades recreativas dirigidas, propuestas gastron\u00f3micas y sal\u00f3n para eventos.<\/p>\n\n\n\n<h2 class=\"wp-block-heading\">La Paz<\/h2>\n\n\n\n<p>Finalmente en la ciudad de <strong><a href=\"https:\/\/www.alquilerargentina.com\/Entre-R%C3%ADos\/La-Paz\/?itm_source=blog&amp;itm_medium=destinos&amp;itm_campaign=termas_entre_r%C3%ADosl&amp;itm_content=la_paz\" target=\"_blank\" rel=\"noreferrer noopener\" aria-label=\"La Paz, (abre en una nueva pesta\u00f1a)\">La Paz,<\/a><\/strong> en un predio de 12 hect\u00e1reas se encuentra el complejo de termas, en las que se destaca los paisajes panor\u00e1mico el r\u00edo Paran\u00e1 y sus islas. Cuenta de 11 piletas de distintas medidas y profundidades, cuidadosamente dise\u00f1adas, y temperaturas variables entre 35\u00ba y 42\u00ba. Adem\u00e1s cuenta de vestuarios-sanitarios, enfermer\u00edas, maxi kioscos, playas de estacionamiento para veh\u00edculos y colectivos dentro del predio.<\/p>\n\n\n\n<figure class=\"wp-block-image\"><img loading=\"lazy\" decoding=\"async\" width=\"1000\" height=\"700\" src=\"http:\/\/blog.alquilerargentina.com\/wp-content\/uploads\/2021\/02\/Termas-Entre-R\u00edos-verano-la-paz.jpg\" alt=\"\" class=\"wp-image-40766\" srcset=\"https:\/\/blog3.alquilerargentina.com\/wp-content\/uploads\/2021\/02\/Termas-Entre-R\u00edos-verano-la-paz.jpg 1000w, https:\/\/blog3.alquilerargentina.com\/wp-content\/uploads\/2021\/02\/Termas-Entre-R\u00edos-verano-la-paz-300x210.jpg 300w, https:\/\/blog3.alquilerargentina.com\/wp-content\/uploads\/2021\/02\/Termas-Entre-R\u00edos-verano-la-paz-768x538.jpg 768w\" sizes=\"(max-width: 1000px) 100vw, 1000px\" \/><\/figure>\n\n\n\n<p>Est\u00e1n rodeadas de naturaleza, destacando la tranquilidad y la hospitalidad de la gente local, invitando a disfrutar de unos mates, la calma, el silencio y la satisfacci\u00f3n de estar relajados.<\/p>\n\n\n\n<h2 class=\"wp-block-heading\">Termas de San Jos\u00e9<\/h2>\n\n\n\n<p>Esta localidad forma parte de la micro regi\u00f3n conocida tur\u00edsticamente como \u00abTierra de Palmares\u00bb y es el paso obligado entre la ciudad entrerriana de Col\u00f3n y Villa Elisa. San Jos\u00e9 tambi\u00e9n posee su propio complejo termal y por ello es destino elegido por quienes se encuentran alojados en la ciudad de Col\u00f3n.<\/p>\n\n\n\n<figure class=\"wp-block-image\"><img loading=\"lazy\" decoding=\"async\" width=\"1000\" height=\"700\" src=\"http:\/\/blog.alquilerargentina.com\/wp-content\/uploads\/2021\/02\/Termas-Entre-R\u00edos-verano-san-jose.jpg\" alt=\"\" class=\"wp-image-40765\" srcset=\"https:\/\/blog3.alquilerargentina.com\/wp-content\/uploads\/2021\/02\/Termas-Entre-R\u00edos-verano-san-jose.jpg 1000w, https:\/\/blog3.alquilerargentina.com\/wp-content\/uploads\/2021\/02\/Termas-Entre-R\u00edos-verano-san-jose-300x210.jpg 300w, https:\/\/blog3.alquilerargentina.com\/wp-content\/uploads\/2021\/02\/Termas-Entre-R\u00edos-verano-san-jose-768x538.jpg 768w\" sizes=\"(max-width: 1000px) 100vw, 1000px\" \/><\/figure>\n\n\n\n<p>En los \u00faltimos a\u00f1os y luego del \u00e9xito del parque acu\u00e1tico, muchos pobladores de <strong><a rel=\"noreferrer noopener\" aria-label=\"San Jos\u00e9 (abre en una nueva pesta\u00f1a)\" href=\"https:\/\/www.alquilerargentina.com\/Entre-R%C3%ADos\/San-Jos%C3%A9\/?itm_source=blog&amp;itm_medium=destinos&amp;itm_campaign=termas_entre_r%C3%ADosl&amp;itm_content=san_jos%C3%A9\" target=\"_blank\">San Jos\u00e9<\/a><\/strong> han decidido montar sus propios complejos tur\u00edsticos y caba\u00f1as, que se suman a los ya existentes en las vecinas <a href=\"https:\/\/www.alquilerargentina.com\/Entre-R%C3%ADos\/Col%C3%B3n\/\/?itm_source=blog&amp;itm_medium=destinos&amp;itm_campaign=termas_entre_r%C3%ADosl&amp;itm_content=col%C3%B3n\" target=\"_blank\" rel=\"noreferrer noopener\" aria-label=\" (abre en una nueva pesta\u00f1a)\">Col\u00f3n<\/a> y <a rel=\"noreferrer noopener\" aria-label=\"Villa Elisa. (abre en una nueva pesta\u00f1a)\" href=\"https:\/\/www.alquilerargentina.com\/Entre-R%C3%ADos\/Villa-Elisa\/?itm_source=blog&amp;itm_medium=destinos&amp;itm_campaign=termas_entre_r%C3%ADosl&amp;itm_content=villa_elisa\" target=\"_blank\">Villa Elisa.<\/a><\/p>\n\n\n\n<p><strong><a href=\"https:\/\/www.alquilerargentina.com\/Entre-R%C3%ADos\/?itm_source=blog&amp;itm_medium=destinos&amp;itm_campaign=termas_entre_r%C3%ADosl&amp;itm_content=entrer%C3%ADos\" target=\"_blank\" rel=\"noreferrer noopener\" aria-label=\"Este verano visit\u00e1 Entre R\u00edos y disfrut\u00e1 de las termas (abre en una nueva pesta\u00f1a)\">Este verano visit\u00e1 Entre R\u00edos y disfrut\u00e1 de las termas<\/a><\/strong><\/p>\n","protected":false},"excerpt":{"rendered":"<p>Las&nbsp;vacaciones de verano est\u00e1n a punto de finalizar y los distintos rincones de nuestro pa\u00eds siguen ofreciendo las mejores propuestas para recibir al turista y garantizar una excelente temporada en el marco de la nueva normalidad. M\u00e1s all\u00e1 de la estaci\u00f3n del a\u00f1o, las termas ganan protagonismo y siempre son una excelente alternativa para disfrutar&#8230;<\/p>\n","protected":false},"author":1,"featured_media":40770,"comment_status":"open","ping_status":"open","sticky":false,"template":"","format":"standard","meta":{"footnotes":""},"categories":[3588],"tags":[],"_links":{"self":[{"href":"https:\/\/www.alquilerargentina.com\/blog\/wp-json\/wp\/v2\/posts\/40754"}],"collection":[{"href":"https:\/\/www.alquilerargentina.com\/blog\/wp-json\/wp\/v2\/posts"}],"about":[{"href":"https:\/\/www.alquilerargentina.com\/blog\/wp-json\/wp\/v2\/types\/post"}],"author":[{"embeddable":true,"href":"https:\/\/www.alquilerargentina.com\/blog\/wp-json\/wp\/v2\/users\/1"}],"replies":[{"embeddable":true,"href":"https:\/\/www.alquilerargentina.com\/blog\/wp-json\/wp\/v2\/comments?post=40754"}],"version-history":[{"count":13,"href":"https:\/\/www.alquilerargentina.com\/blog\/wp-json\/wp\/v2\/posts\/40754\/revisions"}],"predecessor-version":[{"id":40775,"href":"https:\/\/www.alquilerargentina.com\/blog\/wp-json\/wp\/v2\/posts\/40754\/revisions\/40775"}],"wp:featuredmedia":[{"embeddable":true,"href":"https:\/\/www.alquilerargentina.com\/blog\/wp-json\/wp\/v2\/media\/40770"}],"wp:attachment":[{"href":"https:\/\/www.alquilerargentina.com\/blog\/wp-json\/wp\/v2\/media?parent=40754"}],"wp:term":[{"taxonomy":"category","embeddable":true,"href":"https:\/\/www.alquilerargentina.com\/blog\/wp-json\/wp\/v2\/categories?post=40754"},{"taxonomy":"post_tag","embeddable":true,"href":"https:\/\/www.alquilerargentina.com\/blog\/wp-json\/wp\/v2\/tags?post=40754"}],"curies":[{"name":"wp","href":"https:\/\/api.w.org\/{rel}","templated":true}]}}