{"id":40554,"date":"2021-01-22T10:00:09","date_gmt":"2021-01-22T13:00:09","guid":{"rendered":"http:\/\/blog.alquilerargentina.com\/?p=40554"},"modified":"2021-01-22T09:40:14","modified_gmt":"2021-01-22T12:40:14","slug":"el-parque-nacional-traslasierra-sumo-17-mil-hectareas","status":"publish","type":"post","link":"https:\/\/www.alquilerargentina.com\/blog\/paseos-y-excursiones\/el-parque-nacional-traslasierra-sumo-17-mil-hectareas.html","title":{"rendered":"El Parque Nacional Traslasierra sum\u00f3 17 mil hect\u00e1reas"},"content":{"rendered":"\n<p><em>El<strong> Parque Nacional Traslasierra,<\/strong> el segundo de la provincia de <strong><a href=\"https:\/\/www.alquilerargentina.com\/C%C3%B3rdoba\/?itm_source=blog&amp;itm_medium_paseos&amp;itm_campaign=parque_%20nacional_traslasierra&amp;itm_content=c%C3%B3rdoba\" target=\"_blank\" rel=\"noreferrer noopener\" aria-label=\"C\u00f3rdoba, (abre en una nueva pesta\u00f1a)\">C\u00f3rdoba,<\/a> <\/strong>sum\u00f3 nuevas <strong>hect\u00e1reas<\/strong> a las 27.000 que ya pose\u00eda. <\/em><\/p>\n\n\n\n<figure class=\"wp-block-image\"><img loading=\"lazy\" decoding=\"async\" width=\"1000\" height=\"700\" src=\"http:\/\/blog.alquilerargentina.com\/wp-content\/uploads\/2021\/01\/Nuevas-hectareas-en-el-Parque-Nacional-Traslasierra-1.jpg\" alt=\"\" class=\"wp-image-40560\" srcset=\"https:\/\/blog3.alquilerargentina.com\/wp-content\/uploads\/2021\/01\/Nuevas-hectareas-en-el-Parque-Nacional-Traslasierra-1.jpg 1000w, https:\/\/blog3.alquilerargentina.com\/wp-content\/uploads\/2021\/01\/Nuevas-hectareas-en-el-Parque-Nacional-Traslasierra-1-300x210.jpg 300w, https:\/\/blog3.alquilerargentina.com\/wp-content\/uploads\/2021\/01\/Nuevas-hectareas-en-el-Parque-Nacional-Traslasierra-1-768x538.jpg 768w\" sizes=\"(max-width: 1000px) 100vw, 1000px\" \/><\/figure>\n\n\n\n<p>La organizaci\u00f3n Aves Argentinas, a trav\u00e9s de sus redes sociales, inform\u00f3 que el<em> Parque Nacional Traslasierra sum\u00f3 17 mil nuevas hect\u00e1reas<\/em> logrando as\u00ed un total de 44<strong> hect\u00e1reas<\/strong> en esta segunda etapa.<\/p>\n\n\n\n<p>Durante un acto realizado en la sede del Juzgado 32 del Poder Judicial de la <a href=\"https:\/\/www.alquilerargentina.com\/C%C3%B3rdoba\/?itm_source=blog&amp;itm_medium_paseos&amp;itm_campaign=parque_%20nacional_traslasierra&amp;itm_content=c%C3%B3rdoba\" target=\"_blank\" rel=\"noreferrer noopener\" aria-label=\"Provincia de C\u00f3rdoba, (abre en una nueva pesta\u00f1a)\">Provincia de C\u00f3rdoba,<\/a> el presidente de la Administraci\u00f3n de Parques Nacionales (APN), Daniel Somma, suscribi\u00f3 el acta de toma de posesi\u00f3n de una fracci\u00f3n de 16.850 hect\u00e1reas para sumar a las 27.160 con las que ya contaba el \u00e1rea protegida nacional, ampliando as\u00ed la superficie a unas 44.000 hect\u00e1reas. <\/p>\n\n\n\n<figure class=\"wp-block-image\"><img loading=\"lazy\" decoding=\"async\" width=\"1000\" height=\"700\" src=\"http:\/\/blog.alquilerargentina.com\/wp-content\/uploads\/2021\/01\/Nuevas-hectareas-en-el-Parque-Nacional-Traslasierra-2.jpg\" alt=\"\" class=\"wp-image-40561\" srcset=\"https:\/\/blog3.alquilerargentina.com\/wp-content\/uploads\/2021\/01\/Nuevas-hectareas-en-el-Parque-Nacional-Traslasierra-2.jpg 1000w, https:\/\/blog3.alquilerargentina.com\/wp-content\/uploads\/2021\/01\/Nuevas-hectareas-en-el-Parque-Nacional-Traslasierra-2-300x210.jpg 300w, https:\/\/blog3.alquilerargentina.com\/wp-content\/uploads\/2021\/01\/Nuevas-hectareas-en-el-Parque-Nacional-Traslasierra-2-768x538.jpg 768w\" sizes=\"(max-width: 1000px) 100vw, 1000px\" \/><\/figure>\n\n\n\n<p>Este nuevo territorio proteger\u00e1 una parte importante del <strong>Gran Chaco Americano, <\/strong>que alberga una inmensa biodiversidad as\u00ed como tambi\u00e9n el patrimonio hist\u00f3rico de la ancestral cultura comechingona. El \u00e1rea que se integra contiene el casco de la Estancia Pinas, accesos y cursos de agua, recursos que contribuyen al mejor manejo del Parque.<\/p>\n\n\n\n<blockquote class=\"twitter-tweet\"><p lang=\"es\" dir=\"ltr\">\u00a1El <a href=\"https:\/\/twitter.com\/hashtag\/ParqueNacionalTraslasierra?src=hash&amp;ref_src=twsrc%5Etfw\">#ParqueNacionalTraslasierra<\/a> ampl\u00eda su territorio! Celebramos este logro junto al <a href=\"https:\/\/twitter.com\/gobdecordoba?ref_src=twsrc%5Etfw\">@gobdecordoba<\/a>, el Gobierno Nacional, <a href=\"https:\/\/twitter.com\/ParquesOficial?ref_src=twsrc%5Etfw\">@ParquesOficial<\/a> , los pobladores locales y <a href=\"https:\/\/twitter.com\/WyssCampaign?ref_src=twsrc%5Etfw\">@WyssCampaign<\/a>. Luego tres a\u00f1os, el Parque Nacional Traslasierra, en C\u00f3rdoba, suma 17.000 nuevas hect\u00e1reas. <a href=\"https:\/\/t.co\/6VJvQWKEah\">pic.twitter.com\/6VJvQWKEah<\/a><\/p>\u2014 Aves Argentinas (@AvesArgentinas) <a href=\"https:\/\/twitter.com\/AvesArgentinas\/status\/1338611634139443202?ref_src=twsrc%5Etfw\">December 14, 2020<\/a><\/blockquote> <script async=\"\" src=\"https:\/\/platform.twitter.com\/widgets.js\" charset=\"utf-8\"><\/script>\n\n\n\n<p>Este proceso cont\u00f3 con una clara definici\u00f3n pol\u00edtica y estrat\u00e9gica por parte del Gobierno de la <a href=\"https:\/\/www.alquilerargentina.com\/C%C3%B3rdoba\/?itm_source=blog&amp;itm_medium_paseos&amp;itm_campaign=parque_%20nacional_traslasierra&amp;itm_content=c%C3%B3rdoba\" target=\"_blank\" rel=\"noreferrer noopener\" aria-label=\"P (abre en una nueva pesta\u00f1a)\">P<\/a><a rel=\"noreferrer noopener\" aria-label=\"rovincia de C\u00f3rdoba  (abre en una nueva pesta\u00f1a)\" href=\"https:\/\/www.alquilerargentina.com\/C%C3%B3rdoba\/?itm_source=blog&amp;itm_medium_paseos&amp;itm_campaign=parque_%20nacional_traslasierra&amp;itm_content=c%C3%B3rdoba\" target=\"_blank\">rovincia de C\u00f3rdoba <\/a>y de sus organismos intervinientes como el Ministerio de Coordinaci\u00f3n, la Secretar\u00eda de Ambiente, Legisladores, entre otros. <\/p>\n\n\n\n<p>La Fundaci\u00f3n Wyss, a trav\u00e9s de Aves Argentinas, aport\u00f3 los recursos financieros necesarios para la concreci\u00f3n del Parque Nacional, en el marco de un trabajo conjunto liderado por la<a href=\"https:\/\/www.alquilerargentina.com\/C%C3%B3rdoba\/?itm_source=blog&amp;itm_medium_paseos&amp;itm_campaign=parque_%20nacional_traslasierra&amp;itm_content=c%C3%B3rdoba\" target=\"_blank\" rel=\"noreferrer noopener\" aria-label=\" Provincia de C\u00f3rdoba (abre en una nueva pesta\u00f1a)\"> Provincia de C\u00f3rdoba<\/a> y la Administraci\u00f3n de Parques Nacionales. La Campa\u00f1a Wyss por la Naturaleza est\u00e1 comprometida en abordar la crisis mundial de la naturaleza, ayudando a proteger el 30% de las tierras, las aguas y los oc\u00e9anos del planeta para 2030.<\/p>\n\n\n\n<figure class=\"wp-block-image\"><img loading=\"lazy\" decoding=\"async\" width=\"1000\" height=\"700\" src=\"http:\/\/blog.alquilerargentina.com\/wp-content\/uploads\/2021\/01\/Nuevas-hectareas-en-el-Parque-Nacional-Traslasierra-4.jpg\" alt=\"\" class=\"wp-image-40562\" srcset=\"https:\/\/blog3.alquilerargentina.com\/wp-content\/uploads\/2021\/01\/Nuevas-hectareas-en-el-Parque-Nacional-Traslasierra-4.jpg 1000w, https:\/\/blog3.alquilerargentina.com\/wp-content\/uploads\/2021\/01\/Nuevas-hectareas-en-el-Parque-Nacional-Traslasierra-4-300x210.jpg 300w, https:\/\/blog3.alquilerargentina.com\/wp-content\/uploads\/2021\/01\/Nuevas-hectareas-en-el-Parque-Nacional-Traslasierra-4-768x538.jpg 768w\" sizes=\"(max-width: 1000px) 100vw, 1000px\" \/><\/figure>\n\n\n\n<p><a href=\"https:\/\/www.alquilerargentina.com\/C%C3%B3rdoba\/?itm_source=blog&amp;itm_medium_paseos&amp;itm_campaign=parque_%20nacional_traslasierra&amp;itm_content=c%C3%B3rdoba\" target=\"_blank\" rel=\"noreferrer noopener\" aria-label=\"C\u00f3rdoba  (abre en una nueva pesta\u00f1a)\">C\u00f3rdoba <\/a>cuenta con los Parques Nacionales Traslasierra y Quebrada del Condorito, que junto con el camino de Los T\u00faneles y la Reserva Natural Chancan\u00ed conforman un importante circuito de turismo de naturaleza. All\u00ed tambi\u00e9n se encuentra el futuro Parque Nacional Ansenuza, que ya cuenta con los recursos financieros necesarios para su creaci\u00f3n, y ser\u00e1 tambi\u00e9n una pieza fundamental en el sistema Nacional de \u00c1reas Protegidas, siendo el tercer Parque Nacional de la Provincia, adem\u00e1s del de mayor extensi\u00f3n de los tres.<\/p>\n\n\n\n<p>La informaci\u00f3n fue ratificada por el Ministerio de Coordinaci\u00f3n de la provincia que confirm\u00f3 que con el documento que incorpora exactamente 16.845 hect\u00e1reas, se firm\u00f3 otro acuerdo por el cual se finaliza el juicio de expropiaci\u00f3n para la constituci\u00f3n del Parque Nacional Traslasierra, Estancia Pinas, cuyo territorio protegido se extiende a lo largo de los departamentos Pocho y Minas, limitando al oeste con <a href=\"https:\/\/www.alquilerargentina.com\/La-Rioja\/?itm_source=blog&amp;itm_medium_paseos&amp;itm_campaign=parque_%20nacional_traslasierra&amp;itm_content=la_rioja\" target=\"_blank\" rel=\"noreferrer noopener\" aria-label=\"La Rioja. (abre en una nueva pesta\u00f1a)\">La Rioja.<\/a><\/p>\n","protected":false},"excerpt":{"rendered":"<p>El Parque Nacional Traslasierra, el segundo de la provincia de C\u00f3rdoba, sum\u00f3 nuevas hect\u00e1reas a las 27.000 que ya pose\u00eda. La organizaci\u00f3n Aves Argentinas, a trav\u00e9s de sus redes sociales, inform\u00f3 que el Parque Nacional Traslasierra sum\u00f3 17 mil nuevas hect\u00e1reas logrando as\u00ed un total de 44 hect\u00e1reas en esta segunda etapa. Durante un acto&#8230;<\/p>\n","protected":false},"author":1,"featured_media":40559,"comment_status":"open","ping_status":"open","sticky":false,"template":"","format":"standard","meta":{"footnotes":""},"categories":[3588],"tags":[],"_links":{"self":[{"href":"https:\/\/www.alquilerargentina.com\/blog\/wp-json\/wp\/v2\/posts\/40554"}],"collection":[{"href":"https:\/\/www.alquilerargentina.com\/blog\/wp-json\/wp\/v2\/posts"}],"about":[{"href":"https:\/\/www.alquilerargentina.com\/blog\/wp-json\/wp\/v2\/types\/post"}],"author":[{"embeddable":true,"href":"https:\/\/www.alquilerargentina.com\/blog\/wp-json\/wp\/v2\/users\/1"}],"replies":[{"embeddable":true,"href":"https:\/\/www.alquilerargentina.com\/blog\/wp-json\/wp\/v2\/comments?post=40554"}],"version-history":[{"count":7,"href":"https:\/\/www.alquilerargentina.com\/blog\/wp-json\/wp\/v2\/posts\/40554\/revisions"}],"predecessor-version":[{"id":40565,"href":"https:\/\/www.alquilerargentina.com\/blog\/wp-json\/wp\/v2\/posts\/40554\/revisions\/40565"}],"wp:featuredmedia":[{"embeddable":true,"href":"https:\/\/www.alquilerargentina.com\/blog\/wp-json\/wp\/v2\/media\/40559"}],"wp:attachment":[{"href":"https:\/\/www.alquilerargentina.com\/blog\/wp-json\/wp\/v2\/media?parent=40554"}],"wp:term":[{"taxonomy":"category","embeddable":true,"href":"https:\/\/www.alquilerargentina.com\/blog\/wp-json\/wp\/v2\/categories?post=40554"},{"taxonomy":"post_tag","embeddable":true,"href":"https:\/\/www.alquilerargentina.com\/blog\/wp-json\/wp\/v2\/tags?post=40554"}],"curies":[{"name":"wp","href":"https:\/\/api.w.org\/{rel}","templated":true}]}}