{"id":40356,"date":"2021-01-06T10:00:41","date_gmt":"2021-01-06T13:00:41","guid":{"rendered":"http:\/\/blog.alquilerargentina.com\/?p=40356"},"modified":"2020-12-31T10:04:35","modified_gmt":"2020-12-31T13:04:35","slug":"ruta-40-un-recorrido-imperdible-2da-parte","status":"publish","type":"post","link":"https:\/\/www.alquilerargentina.com\/blog\/paseos-y-excursiones\/ruta-40-un-recorrido-imperdible-2da-parte.html","title":{"rendered":"Ruta 40: un recorrido imperdible (2da parte)"},"content":{"rendered":"\n<p><em>Hace un tiempo publicamos la primer parte de este recorrido inolvidable e impresionante. Les traemos la segunda parte, para que sigan disfrutando y conociendo la <strong>Ruta Nacional 40. <\/strong><\/em><\/p>\n\n\n\n<h2 class=\"wp-block-heading\" id=\"mce_3\">Continuamos&#8230;<\/h2>\n\n\n\n<p>En la primera parte hab\u00edamos finalizado en el <strong>Parque Nacional Patagonia <\/strong>y continuamos en la ruta, para conocer grand\u00edsimos lugares y paisajes. <\/p>\n\n\n\n<p> Por eso, luego de atravesar el <strong>pueblo de R\u00edo Mayo<\/strong>, el r\u00edo de mismo nombre y tambi\u00e9n el r\u00edo Senguer, en la provincia de<a rel=\"noreferrer noopener\" aria-label=\" Chubut (abre en una nueva pesta\u00f1a)\" href=\"https:\/\/www.alquilerargentina.com\/Chubut\/?itm_source=blog&amp;itm_medium=paseos&amp;itm_campaign=recorrido_ruta_40&amp;itm_content=chubut\" target=\"_blank\"> <\/a><strong><a rel=\"noreferrer noopener\" aria-label=\" Chubut (abre en una nueva pesta\u00f1a)\" href=\"https:\/\/www.alquilerargentina.com\/Chubut\/?itm_source=blog&amp;itm_medium=paseos&amp;itm_campaign=recorrido_ruta_40&amp;itm_content=chubut\" target=\"_blank\">Chubut<\/a><\/strong>, la 40 se dirige al norte hacia <strong><a href=\"https:\/\/www.alquilerargentina.com\/Chubut\/Esquel\/?itm_source=blog&amp;itm_medium=paseos&amp;itm_campaign=recorrido_ruta_40&amp;itm_content=esquel\" target=\"_blank\" rel=\"noreferrer noopener\" aria-label=\"Esquel, (abre en una nueva pesta\u00f1a)\">Esquel<\/a><\/strong><a href=\"https:\/\/www.alquilerargentina.com\/Chubut\/Esquel\/?itm_source=blog&amp;itm_medium=paseos&amp;itm_campaign=recorrido_ruta_40&amp;itm_content=esquel\" target=\"_blank\" rel=\"noreferrer noopener\" aria-label=\"Esquel, (abre en una nueva pesta\u00f1a)\">,<\/a> otra parada imperdible y casi obligada, dir\u00edamos, de esta traves\u00eda.  <\/p>\n\n\n\n<figure class=\"wp-block-image\"><img decoding=\"async\" src=\"http:\/\/blog.alquilerargentina.com\/wp-content\/uploads\/2019\/09\/esque.jpg\" alt=\"La imagen tiene un atributo ALT vac\u00edo; su nombre de archivo es esque.jpg\"\/><\/figure>\n\n\n\n<p>Aqu\u00ed desviando por la ruta 259 hacia el oeste, llegamos hasta <strong><a rel=\"noreferrer noopener\" aria-label=\"Trevelin, (abre en una nueva pesta\u00f1a)\" href=\"https:\/\/www.alquilerargentina.com\/Chubut\/Trevelin\/?itm_source=blog&amp;itm_medium=paseos&amp;itm_campaign=recorrido_ruta_40&amp;itm_content=trevelin\" target=\"_blank\">Trevelin<\/a><\/strong><a rel=\"noreferrer noopener\" aria-label=\"Trevelin, (abre en una nueva pesta\u00f1a)\" href=\"https:\/\/www.alquilerargentina.com\/Chubut\/Trevelin\/?itm_source=blog&amp;itm_medium=paseos&amp;itm_campaign=recorrido_ruta_40&amp;itm_content=trevelin\" target=\"_blank\">,<\/a> para conocer historias de la colonizaci\u00f3n galesa y las <strong>cascadas Nant y Fall<\/strong>, y luego tomar la ruta 71 para atravesar el <strong>Parque Nacional Los Alerces<\/strong>, <strong>Patrimonio de la Humanidad por la Unesco<\/strong>. D\u00e9jense sorprender aqu\u00ed con el <strong>Alerzal Milenario<\/strong>, un bosque de alerces con ejemplares de m\u00e1s de 2.600 a\u00f1os, que parece m\u00e1s de ciencia ficci\u00f3n que realidad. <\/p>\n\n\n\n<figure class=\"wp-block-image\"><img decoding=\"async\" src=\"http:\/\/blog.alquilerargentina.com\/wp-content\/uploads\/2019\/09\/pase.jpg\" alt=\"La imagen tiene un atributo ALT vac\u00edo; su nombre de archivo es pase.jpg\"\/><\/figure>\n\n\n\n<p>Poco antes del pueblo de <strong><a rel=\"noreferrer noopener\" aria-label=\"Epuy\u00e9n (abre en una nueva pesta\u00f1a)\" href=\"https:\/\/www.alquilerargentina.com\/Chubut\/Epuyen\/?itm_source=blog&amp;itm_medium=paseos&amp;itm_campaign=recorrido_ruta_40&amp;itm_content=epuyen\" target=\"_blank\">Epuy\u00e9n<\/a><\/strong>, la 71 lo devolver\u00e1 a la 40 para seguir rumbo norte a<a rel=\"noreferrer noopener\" aria-label=\" El Hoyo (abre en una nueva pesta\u00f1a)\" href=\"https:\/\/www.alquilerargentina.com\/Chubut\/El-Hoyo\/?itm_source=blog&amp;itm_medium=paseos&amp;itm_campaign=recorrido_ruta_40&amp;itm_content=el_hoyo\" target=\"_blank\"> <\/a><strong><a rel=\"noreferrer noopener\" aria-label=\" El Hoyo (abre en una nueva pesta\u00f1a)\" href=\"https:\/\/www.alquilerargentina.com\/Chubut\/El-Hoyo\/?itm_source=blog&amp;itm_medium=paseos&amp;itm_campaign=recorrido_ruta_40&amp;itm_content=el_hoyo\" target=\"_blank\">El Hoyo<\/a><\/strong> que es <em>capital nacional de la fruta fina<\/em> y <strong><a href=\"https:\/\/www.alquilerargentina.com\/Chubut\/Lago-Puelo\/?itm_source=blog&amp;itm_medium=paseos&amp;itm_campaign=recorrido_ruta_40&amp;itm_content=lago_puelo\" target=\"_blank\" rel=\"noreferrer noopener\" aria-label=\"Lago Puelo,  (abre en una nueva pesta\u00f1a)\">Lago Puelo<\/a><\/strong><a href=\"https:\/\/www.alquilerargentina.com\/Chubut\/Lago-Puelo\/?itm_source=blog&amp;itm_medium=paseos&amp;itm_campaign=recorrido_ruta_40&amp;itm_content=lago_puelo\" target=\"_blank\" rel=\"noreferrer noopener\" aria-label=\"Lago Puelo,  (abre en una nueva pesta\u00f1a)\">, <\/a>un hermoso pueblo a orillas de un lago tan verde como hipn\u00f3tico. <\/p>\n\n\n\n<h2 class=\"wp-block-heading\" id=\"mce_8\">Legado gal\u00e9s<\/h2>\n\n\n\n<p>Unos kil\u00f3metros m\u00e1s y estar\u00e1n en<a rel=\"noreferrer noopener\" aria-label=\" R\u00edo Negro, (abre en una nueva pesta\u00f1a)\" href=\"https:\/\/www.alquilerargentina.com\/R%C3%ADo-Negro\/?itm_source=blog&amp;itm_medium=paseos&amp;itm_campaign=recorrido_ruta_40&amp;itm_content=r%C3%ADo_negro\" target=\"_blank\"> <\/a><strong><a rel=\"noreferrer noopener\" aria-label=\" R\u00edo Negro, (abre en una nueva pesta\u00f1a)\" href=\"https:\/\/www.alquilerargentina.com\/R%C3%ADo-Negro\/?itm_source=blog&amp;itm_medium=paseos&amp;itm_campaign=recorrido_ruta_40&amp;itm_content=r%C3%ADo_negro\" target=\"_blank\">R\u00edo Negro<\/a><\/strong><a rel=\"noreferrer noopener\" aria-label=\" R\u00edo Negro, (abre en una nueva pesta\u00f1a)\" href=\"https:\/\/www.alquilerargentina.com\/R%C3%ADo-Negro\/?itm_source=blog&amp;itm_medium=paseos&amp;itm_campaign=recorrido_ruta_40&amp;itm_content=r%C3%ADo_negro\" target=\"_blank\">,<\/a> para llegar a <strong>plaza Pagano<\/strong> de <strong><a href=\"https:\/\/www.alquilerargentina.com\/R%C3%ADo-Negro\/El-Bols%C3%B3n\/?itm_source=blog&amp;itm_medium=paseos&amp;itm_campaign=recorrido_ruta_40&amp;itm_content=el_bols%C3%B3n\" target=\"_blank\" rel=\"noreferrer noopener\" aria-label=\"El Bols\u00f3n (abre en una nueva pesta\u00f1a)\">El Bols\u00f3n<\/a><\/strong>, famosa por su feria de artesan\u00edas, sus cervezas artesanales, sus frambuesas y m\u00faltiples atractivos: el <strong>cerro Piltriquitr\u00f3n<\/strong>, el <strong>Bosque Tallado<\/strong>, el&nbsp;<strong>valle del r\u00edo Azul<\/strong>&nbsp;o la <strong>cascada Escondida<\/strong>. Todos dignos de ser conocidos. <\/p>\n\n\n\n<figure class=\"wp-block-image\"><img decoding=\"async\" src=\"http:\/\/blog.alquilerargentina.com\/wp-content\/uploads\/2019\/09\/pla.jpg\" alt=\"La imagen tiene un atributo ALT vac\u00edo; su nombre de archivo es pla.jpg\"\/><\/figure>\n\n\n\n<p>Al regresar a la ruta, el trazado los guiar\u00e1 hacia <strong><a href=\"https:\/\/www.alquilerargentina.com\/R%C3%ADo-Negro\/San-Carlos-De-Bariloche\/?itm_source=blog&amp;itm_medium=paseos&amp;itm_campaign=recorrido_ruta_40&amp;itm_content=san_carlos_de_bariloche\" target=\"_blank\" rel=\"noreferrer noopener\" aria-label=\"Bariloche (abre en una nueva pesta\u00f1a)\">Bariloche<\/a><\/strong>, pasando por las orillas de los lagos <strong>Guillelmo, Mascardi y Guti\u00e9rrez<\/strong>. Luego de divisar a lo lejos las pistas de <strong>Cerro Catedral<\/strong>, el mayor centro de esqu\u00ed de Sudam\u00e9rica, se topar\u00e1 con uno de los lugares m\u00e1s hermosos del pa\u00eds y principal centro tur\u00edstico de la Patagonia, a orillas del <strong>lago Nahuel Huapi<\/strong>.  <\/p>\n\n\n\n<figure class=\"wp-block-image\"><img decoding=\"async\" src=\"http:\/\/blog.alquilerargentina.com\/wp-content\/uploads\/2019\/09\/cerro.jpg\" alt=\"La imagen tiene un atributo ALT vac\u00edo; su nombre de archivo es cerro.jpg\"\/><\/figure>\n\n\n\n<p>La 40 sigue, porque si escribi\u00e9ramos de Bariloche no terminamos m\u00e1s, hasta el extremo este del <strong>lago Nahuel Huapi<\/strong>; cruza el <strong>r\u00edo Limay<\/strong>, entra a <strong><a rel=\"noreferrer noopener\" aria-label=\"Neuqu\u00e9n  (abre en una nueva pesta\u00f1a)\" href=\"https:\/\/www.alquilerargentina.com\/Neuqu%C3%A9n\/?itm_source=blog&amp;itm_medium=paseos&amp;itm_campaign=recorrido_ruta_40&amp;itm_content=neuqu%C3%A9n\" target=\"_blank\">Neuqu\u00e9n<\/a><\/strong><a rel=\"noreferrer noopener\" aria-label=\"Neuqu\u00e9n  (abre en una nueva pesta\u00f1a)\" href=\"https:\/\/www.alquilerargentina.com\/Neuqu%C3%A9n\/?itm_source=blog&amp;itm_medium=paseos&amp;itm_campaign=recorrido_ruta_40&amp;itm_content=neuqu%C3%A9n\" target=\"_blank\"> <\/a>para girar a la izquierda y encarar rumbo a<a href=\"https:\/\/www.alquilerargentina.com\/Neuqu%C3%A9n\/Villa-La-Angostura\/?itm_source=blog&amp;itm_medium=paseos&amp;itm_campaign=recorrido_ruta_40&amp;itm_content=villa_la_angostura\" target=\"_blank\" rel=\"noreferrer noopener\" aria-label=\" Villa La Angostura (abre en una nueva pesta\u00f1a)\"> <\/a><strong><a href=\"https:\/\/www.alquilerargentina.com\/Neuqu%C3%A9n\/Villa-La-Angostura\/?itm_source=blog&amp;itm_medium=paseos&amp;itm_campaign=recorrido_ruta_40&amp;itm_content=villa_la_angostura\" target=\"_blank\" rel=\"noreferrer noopener\" aria-label=\" Villa La Angostura (abre en una nueva pesta\u00f1a)\">Villa La Angostura<\/a><\/strong> e iniciar uno de sus tramos m\u00e1s pintorescos: entre bosques de coihues y \u00f1ires y junto al <strong>Parque Nacional Arrayanes&nbsp;<\/strong>se inicia la famosa&nbsp;<strong>Ruta de los 7 Lagos.<\/strong><\/p>\n\n\n\n<figure class=\"wp-block-image\"><img decoding=\"async\" src=\"http:\/\/blog.alquilerargentina.com\/wp-content\/uploads\/2019\/09\/paq.jpg\" alt=\"La imagen tiene un atributo ALT vac\u00edo; su nombre de archivo es paq.jpg\"\/><\/figure>\n\n\n\n<p>Hay que hacer un apartado ac\u00e1, ya que es un tramo sin igual de la ruta que atraviesa el <strong>Parque Nacional Lan\u00edn<\/strong> y va serpenteando entre los lagos Correntoso, Espejo Grande, Escondido, Villarino, Falkner, Mach\u00f3nico y L\u00e1car, que llegan a ocho si sumamos el Nahuel Huapi, y a varios m\u00e1s con unos desv\u00edos breves hacia el Totoral, el Traful, el Hermoso, el Meliquina, y cerca de San Mart\u00edn de los Andes por la ruta 62, el Lolog. Impagable&#8230; <\/p>\n\n\n\n<h2 class=\"wp-block-heading\" id=\"mce_13\">El reino de las araucarias<\/h2>\n\n\n\n<p> Luego de pasar<a rel=\"noreferrer noopener\" aria-label=\" Jun\u00edn de los Andes (abre en una nueva pesta\u00f1a)\" href=\"https:\/\/www.alquilerargentina.com\/Neuqu%C3%A9n\/Junin-De-Los-Andes\/?itm_source=blog&amp;itm_medium=paseos&amp;itm_campaign=recorrido_ruta_40&amp;itm_content=junin_de_los_andes\" target=\"_blank\"> <\/a><strong><a rel=\"noreferrer noopener\" aria-label=\" Jun\u00edn de los Andes (abre en una nueva pesta\u00f1a)\" href=\"https:\/\/www.alquilerargentina.com\/Neuqu%C3%A9n\/Junin-De-Los-Andes\/?itm_source=blog&amp;itm_medium=paseos&amp;itm_campaign=recorrido_ruta_40&amp;itm_content=junin_de_los_andes\" target=\"_blank\">Jun\u00edn de los Andes<\/a><\/strong>, al norte, la ruta se abre hacia el este para llegar a <strong><a rel=\"noreferrer noopener\" aria-label=\"Zapala (abre en una nueva pesta\u00f1a)\" href=\"https:\/\/www.alquilerargentina.com\/Neuqu%C3%A9n\/Zapala\/?itm_source=blog&amp;itm_medium=paseos&amp;itm_campaign=recorrido_ruta_40&amp;itm_content=zapala\" target=\"_blank\">Zapala<\/a><\/strong>, as\u00ed que deben desviarse por la 23 para visitar el circuito <strong>Ruta del Pehu\u00e9n<\/strong>&nbsp;que conforman&nbsp;por <strong><a rel=\"noreferrer noopener\" aria-label=\"Alumin\u00e9 (abre en una nueva pesta\u00f1a)\" href=\"https:\/\/www.alquilerargentina.com\/Neuqu%C3%A9n\/Alumine\/?itm_source=blog&amp;itm_medium=paseos&amp;itm_campaign=recorrido_ruta_40&amp;itm_content=alumine\" target=\"_blank\">Alumin\u00e9<\/a>,<a rel=\"noreferrer noopener\" aria-label=\" Villa Pehuenia  (abre en una nueva pesta\u00f1a)\" href=\"https:\/\/www.alquilerargentina.com\/Neuqu%C3%A9n\/Villa-Pehuenia\/?itm_source=blog&amp;itm_medium=paseos&amp;itm_campaign=recorrido_ruta_40&amp;itm_content=villa_pehuenia\" target=\"_blank\"> Villa Pehuenia <\/a>y <a href=\"https:\/\/www.alquilerargentina.com\/Neuqu%C3%A9n\/Moquehue\/?itm_source=blog&amp;itm_medium=paseos&amp;itm_campaign=recorrido_ruta_40&amp;itm_content=moquehue\" target=\"_blank\" rel=\"noreferrer noopener\" aria-label=\"Moquehue, (abre en una nueva pesta\u00f1a)\">Moquehue<\/a><\/strong><a href=\"https:\/\/www.alquilerargentina.com\/Neuqu%C3%A9n\/Moquehue\/?itm_source=blog&amp;itm_medium=paseos&amp;itm_campaign=recorrido_ruta_40&amp;itm_content=moquehue\" target=\"_blank\" rel=\"noreferrer noopener\" aria-label=\"Moquehue, (abre en una nueva pesta\u00f1a)\">,<\/a> uno de los paisajes m\u00e1s bellos del pa\u00eds, con los \u00fanicos bosques nativos del mundo de araucarias araucanas. <\/p>\n\n\n\n<figure class=\"wp-block-image\"><img decoding=\"async\" src=\"http:\/\/blog.alquilerargentina.com\/wp-content\/uploads\/2019\/09\/rut.jpg\" alt=\"La imagen tiene un atributo ALT vac\u00edo; su nombre de archivo es rut.jpg\"\/><\/figure>\n\n\n\n<p>Si tom\u00f3 este desv\u00edo, puede volver a la ruta en<strong><a href=\"https:\/\/www.alquilerargentina.com\/Neuqu%C3%A9n\/Las-Lajas\/\/?itm_source=blog&amp;itm_medium=paseos&amp;itm_campaign=recorrido_ruta_40&amp;itm_content=las_lajas\" target=\"_blank\" rel=\"noreferrer noopener\" aria-label=\" Las Lajas,  (abre en una nueva pesta\u00f1a)\"> Las Lajas,<\/a><\/strong><a href=\"https:\/\/www.alquilerargentina.com\/Neuqu%C3%A9n\/Las-Lajas\/\/?itm_source=blog&amp;itm_medium=paseos&amp;itm_campaign=recorrido_ruta_40&amp;itm_content=las_lajas\" target=\"_blank\" rel=\"noreferrer noopener\" aria-label=\" Las Lajas,  (abre en una nueva pesta\u00f1a)\"> <\/a>para seguir trepando por el norte de <strong><a rel=\"noreferrer noopener\" aria-label=\"Neuqu\u00e9n. (abre en una nueva pesta\u00f1a)\" href=\"https:\/\/www.alquilerargentina.com\/Neuqu%C3%A9n\/?itm_source=blog&amp;itm_medium=paseos&amp;itm_campaign=recorrido_ruta_40&amp;itm_content=neuqu%C3%A9n\" target=\"_blank\">Neuqu\u00e9n<\/a><\/strong><a rel=\"noreferrer noopener\" aria-label=\"Neuqu\u00e9n. (abre en una nueva pesta\u00f1a)\" href=\"https:\/\/www.alquilerargentina.com\/Neuqu%C3%A9n\/?itm_source=blog&amp;itm_medium=paseos&amp;itm_campaign=recorrido_ruta_40&amp;itm_content=neuqu%C3%A9n\" target=\"_blank\">.<\/a> Tal vez se tope con un enorme reba\u00f1o de ovejas por ser la \u00fanica zona del pa\u00eds en que se conserva la trashumancia, esa antigua forma de pastoreo que traslada el ganado a tierras altas y bajas, seg\u00fan la \u00e9poca del a\u00f1o. <\/p>\n\n\n\n<h2 class=\"wp-block-heading\" id=\"mce_16\">Entrando en tierras cuyanas<\/h2>\n\n\n\n<p>Lo primero que ver\u00e1n en la tierras mendocinas es la hermosa <strong>Reserva provincial La Payunia. <\/strong>M\u00e1s de 800 conos volc\u00e1nicos, para una las zonas del planeta con mayor densidad de volcanes, un paisaje lunar que culmina con el <strong>Pay\u00fan Liso<\/strong>, de 3.715 metros. <\/p>\n\n\n\n<figure class=\"wp-block-image\"><img decoding=\"async\" src=\"http:\/\/blog.alquilerargentina.com\/wp-content\/uploads\/2019\/09\/payu.jpg\" alt=\"La imagen tiene un atributo ALT vac\u00edo; su nombre de archivo es payu.jpg\"\/><\/figure>\n\n\n\n<p>M\u00e1s al norte ruta pasa muy cerca de <strong><a href=\"https:\/\/www.alquilerargentina.com\/Mendoza\/San-Rafael\/?itm_source=blog&amp;itm_medium=paseos&amp;itm_campaign=recorrido_ruta_40&amp;itm_content=san_rafael\" target=\"_blank\" rel=\"noreferrer noopener\" aria-label=\"San Rafael  (abre en una nueva pesta\u00f1a)\">San Rafael <\/a><\/strong>y sus lugares emblem\u00e1ticos como <strong>laguna y salinas del Diamante, embalses Nihuil y Agua de Toro<\/strong>, y el extraordinario <strong>Ca\u00f1\u00f3n del Atuel<\/strong>, con sus sorprendentes figuras talladas en piedra. Pero adem\u00e1s aqu\u00ed comienza la <strong>ruta del vino de Mendoza<\/strong>, que contin\u00faa 100 km m\u00e1s al norte, en el Valle de Uco: un para\u00edso de vi\u00f1edos y modernas bodegas al pie del <strong>Cord\u00f3n del Plata<\/strong>, que finalizan con los casi 6.800 metros del <strong>volc\u00e1n Tupungato<\/strong>. <\/p>\n\n\n\n<figure class=\"wp-block-image\"><img decoding=\"async\" src=\"http:\/\/blog.alquilerargentina.com\/wp-content\/uploads\/2019\/09\/vino.jpg\" alt=\"La imagen tiene un atributo ALT vac\u00edo; su nombre de archivo es vino.jpg\"\/><\/figure>\n\n\n\n<p><strong><a rel=\"noreferrer noopener\" aria-label=\"Ugarteche (abre en una nueva pesta\u00f1a)\" href=\"https:\/\/www.alquilerargentina.com\/Mendoza\/Ugarteche\/?itm_source=blog&amp;itm_medium=paseos&amp;itm_campaign=recorrido_ruta_40&amp;itm_content=ugarteche\" target=\"_blank\">Ugarteche<\/a>, <a rel=\"noreferrer noopener\" aria-label=\"Agrelo (abre en una nueva pesta\u00f1a)\" href=\"https:\/\/www.alquilerargentina.com\/Mendoza\/Agrelo\/?itm_source=blog&amp;itm_medium=paseos&amp;itm_campaign=recorrido_ruta_40&amp;itm_content=agrelo\" target=\"_blank\">Agrelo<\/a>, <a rel=\"noreferrer noopener\" aria-label=\"Luj\u00e1n de Cuyo, (abre en una nueva pesta\u00f1a)\" href=\"https:\/\/www.alquilerargentina.com\/Mendoza\/Lujan-De-Cuyo\/?itm_source=blog&amp;itm_medium=paseos&amp;itm_campaign=recorrido_ruta_40&amp;itm_content=lujan_de_cuyo\" target=\"_blank\">Luj\u00e1n de Cuyo,<\/a> <a href=\"https:\/\/www.alquilerargentina.com\/Mendoza\/Godoy-Cruz\/?itm_source=blog&amp;itm_medium=paseos&amp;itm_campaign=recorrido_ruta_40&amp;itm_content=godoy_cruz\">Godoy Cruz,<\/a> <a href=\"https:\/\/www.alquilerargentina.com\/Mendoza\/Maipu\/\/?itm_source=blog&amp;itm_medium=paseos&amp;itm_campaign=recorrido_ruta_40&amp;itm_content=maipu\" target=\"_blank\" rel=\"noreferrer noopener\" aria-label=\"Maip\u00fa (abre en una nueva pesta\u00f1a)\">Maip\u00fa<\/a><\/strong> son las principales zonas vi\u00f1ateras de la provincia, repletas de bodegas que reciben a turistas, ya sean amantes del vino o no, pero si les aseguramos que se enamorar\u00e1n de estos lugares.<\/p>\n\n\n\n<p>Si antes de llegar a<a href=\"https:\/\/www.alquilerargentina.com\/Mendoza\/Agrelo\/?itm_source=blog&amp;itm_medium=paseos&amp;itm_campaign=recorrido_ruta_40&amp;itm_content=agrelo\" target=\"_blank\" rel=\"noreferrer noopener\" aria-label=\" Agrelo  (abre en una nueva pesta\u00f1a)\"> Agrelo <\/a>toma la ruta 7 a mano izquierda, disfrutar\u00e1 de <strong>la ruta de Alta Monta\u00f1a<\/strong>&nbsp;hasta el <strong>Cristo Redentor<\/strong>, en la frontera con Chile, pasando por <strong>Puente del Inca<\/strong> y divisando el&nbsp;<strong>cerro Aconcagua<\/strong>, el techo de Am\u00e9rica. <\/p>\n\n\n\n<figure class=\"wp-block-image\"><img decoding=\"async\" src=\"http:\/\/blog.alquilerargentina.com\/wp-content\/uploads\/2019\/09\/leon.jpg\" alt=\"La imagen tiene un atributo ALT vac\u00edo; su nombre de archivo es leon.jpg\"\/><\/figure>\n\n\n\n<p>De <a rel=\"noreferrer noopener\" aria-label=\"Mendoza a (abre en una nueva pesta\u00f1a)\" href=\"https:\/\/www.alquilerargentina.com\/Mendoza\/?itm_source=blog&amp;itm_medium=paseos&amp;itm_campaign=recorrido_ruta_40&amp;itm_content=mendoza\" target=\"_blank\">Mendoza<\/a> a <strong><a href=\"https:\/\/www.alquilerargentina.com\/San-Juan\/?itm_source=blog&amp;itm_medium=paseos&amp;itm_campaign=recorrido_ruta_40&amp;itm_content=san_juan\" target=\"_blank\" rel=\"noreferrer noopener\" aria-label=\"San Juan (abre en una nueva pesta\u00f1a)\">San Juan<\/a><\/strong>&nbsp;son 170 km al pie de la Cordillera, con m\u00e1s bodegas y desv\u00edos como el&nbsp;<strong>Parque Nacional El Leoncito<\/strong>, con su observatorio astron\u00f3mico, o el <strong>dique Ullum<\/strong>, un oasis hermoso para refrescarse o practicar deportes como kayak o windsurf.  <\/p>\n\n\n\n<figure class=\"wp-block-image\"><img decoding=\"async\" src=\"http:\/\/blog.alquilerargentina.com\/wp-content\/uploads\/2019\/09\/eg.jpg\" alt=\"La imagen tiene un atributo ALT vac\u00edo; su nombre de archivo es eg.jpg\"\/><\/figure>\n","protected":false},"excerpt":{"rendered":"<p>Hace un tiempo publicamos la primer parte de este recorrido inolvidable e impresionante. Les traemos la segunda parte, para que sigan disfrutando y conociendo la Ruta Nacional 40. Continuamos&#8230; En la primera parte hab\u00edamos finalizado en el Parque Nacional Patagonia y continuamos en la ruta, para conocer grand\u00edsimos lugares y paisajes. Por eso, luego de&#8230;<\/p>\n","protected":false},"author":1,"featured_media":40359,"comment_status":"open","ping_status":"open","sticky":false,"template":"","format":"standard","meta":{"footnotes":""},"categories":[3588],"tags":[],"_links":{"self":[{"href":"https:\/\/www.alquilerargentina.com\/blog\/wp-json\/wp\/v2\/posts\/40356"}],"collection":[{"href":"https:\/\/www.alquilerargentina.com\/blog\/wp-json\/wp\/v2\/posts"}],"about":[{"href":"https:\/\/www.alquilerargentina.com\/blog\/wp-json\/wp\/v2\/types\/post"}],"author":[{"embeddable":true,"href":"https:\/\/www.alquilerargentina.com\/blog\/wp-json\/wp\/v2\/users\/1"}],"replies":[{"embeddable":true,"href":"https:\/\/www.alquilerargentina.com\/blog\/wp-json\/wp\/v2\/comments?post=40356"}],"version-history":[{"count":5,"href":"https:\/\/www.alquilerargentina.com\/blog\/wp-json\/wp\/v2\/posts\/40356\/revisions"}],"predecessor-version":[{"id":40400,"href":"https:\/\/www.alquilerargentina.com\/blog\/wp-json\/wp\/v2\/posts\/40356\/revisions\/40400"}],"wp:featuredmedia":[{"embeddable":true,"href":"https:\/\/www.alquilerargentina.com\/blog\/wp-json\/wp\/v2\/media\/40359"}],"wp:attachment":[{"href":"https:\/\/www.alquilerargentina.com\/blog\/wp-json\/wp\/v2\/media?parent=40356"}],"wp:term":[{"taxonomy":"category","embeddable":true,"href":"https:\/\/www.alquilerargentina.com\/blog\/wp-json\/wp\/v2\/categories?post=40356"},{"taxonomy":"post_tag","embeddable":true,"href":"https:\/\/www.alquilerargentina.com\/blog\/wp-json\/wp\/v2\/tags?post=40356"}],"curies":[{"name":"wp","href":"https:\/\/api.w.org\/{rel}","templated":true}]}}