{"id":40342,"date":"2021-01-04T10:00:37","date_gmt":"2021-01-04T13:00:37","guid":{"rendered":"http:\/\/blog.alquilerargentina.com\/?p=40342"},"modified":"2020-12-31T09:53:24","modified_gmt":"2020-12-31T12:53:24","slug":"el-09-de-enero-vuelve-el-tren-de-las-nubes","status":"publish","type":"post","link":"https:\/\/www.alquilerargentina.com\/blog\/paseos-y-excursiones\/el-09-de-enero-vuelve-el-tren-de-las-nubes.html","title":{"rendered":"El 09 de enero vuelve el Tren de las Nubes"},"content":{"rendered":"\n<p><em>Sin duda alguna, la provincia de<strong> <a href=\"https:\/\/www.alquilerargentina.com\/Salta\/?itm_source=blog&amp;itm_medium=paseos&amp;itm_campaign=vuelve_el_tren_de_las_nubes&amp;itm_content=salta\" target=\"_blank\" rel=\"noreferrer noopener\" aria-label=\"Salta  (abre en una nueva pesta\u00f1a)\">Salta<\/a><\/strong><a href=\"https:\/\/www.alquilerargentina.com\/Salta\/?itm_source=blog&amp;itm_medium=paseos&amp;itm_campaign=vuelve_el_tren_de_las_nubes&amp;itm_content=salta\" target=\"_blank\" rel=\"noreferrer noopener\" aria-label=\"Salta  (abre en una nueva pesta\u00f1a)\"> <\/a>es uno de los destinos imperdibles de Argentina. Con sus paisajes, cultura y tradici\u00f3n es due\u00f1a de uno de los atractivos m\u00e1s impresionantes:<strong> el tren de las Nubes.<\/strong> <\/em><\/p>\n\n\n\n<figure class=\"wp-block-image\"><img loading=\"lazy\" decoding=\"async\" width=\"1000\" height=\"700\" src=\"http:\/\/blog.alquilerargentina.com\/wp-content\/uploads\/2020\/12\/vuelve-el-tren-de-las-nuebes-foto-1.jpg\" alt=\"\" class=\"wp-image-40348\" srcset=\"https:\/\/blog3.alquilerargentina.com\/wp-content\/uploads\/2020\/12\/vuelve-el-tren-de-las-nuebes-foto-1.jpg 1000w, https:\/\/blog3.alquilerargentina.com\/wp-content\/uploads\/2020\/12\/vuelve-el-tren-de-las-nuebes-foto-1-300x210.jpg 300w, https:\/\/blog3.alquilerargentina.com\/wp-content\/uploads\/2020\/12\/vuelve-el-tren-de-las-nuebes-foto-1-768x538.jpg 768w\" sizes=\"(max-width: 1000px) 100vw, 1000px\" \/><\/figure>\n\n\n\n<p>Si este verano 2021 tu destino es<strong> <a href=\"https:\/\/www.alquilerargentina.com\/Salta\/?itm_source=blog&amp;itm_medium=paseos&amp;itm_campaign=vuelve_el_tren_de_las_nubes&amp;itm_content=salta\" target=\"_blank\" rel=\"noreferrer noopener\" aria-label=\"Salta (abre en una nueva pesta\u00f1a)\">Salta<\/a>,<\/strong> a partir del <em>9 de enero volver\u00e1 a funcionar el Tren de las Nubes<\/em>, una de las principales atracciones tur\u00edsticas de la provincia. <\/p>\n\n\n\n<p>El nuevo trayecto comenzar\u00e1 en la ciudad de<a href=\"https:\/\/www.alquilerargentina.com\/Salta\/?itm_source=blog&amp;itm_medium=paseos&amp;itm_campaign=vuelve_el_tren_de_las_nubes&amp;itm_content=salta\" target=\"_blank\" rel=\"noreferrer noopener\" aria-label=\" Salta, (abre en una nueva pesta\u00f1a)\"> Salta,<\/a> desde donde partir\u00e1 un bus que recorrer\u00e1 los primeros 150 kil\u00f3metros, hasta San Antonio de los Cobres, ubicada a 3.700 metros sobre el nivel del mar.<\/p>\n\n\n\n<p>Los \u00faltimos 20 kil\u00f3metros se har\u00e1n en el tren y llevar\u00e1n a los visitantes hasta el punto m\u00e1s alto de la excursi\u00f3n, el viaducto La Polvorilla, a 4.220 metros de altura.<\/p>\n\n\n\n<figure class=\"wp-block-image\"><img loading=\"lazy\" decoding=\"async\" width=\"1000\" height=\"700\" src=\"http:\/\/blog.alquilerargentina.com\/wp-content\/uploads\/2020\/12\/vuelve-el-tren-de-las-nuebes-foto-2.jpg\" alt=\"\" class=\"wp-image-40351\" srcset=\"https:\/\/blog3.alquilerargentina.com\/wp-content\/uploads\/2020\/12\/vuelve-el-tren-de-las-nuebes-foto-2.jpg 1000w, https:\/\/blog3.alquilerargentina.com\/wp-content\/uploads\/2020\/12\/vuelve-el-tren-de-las-nuebes-foto-2-300x210.jpg 300w, https:\/\/blog3.alquilerargentina.com\/wp-content\/uploads\/2020\/12\/vuelve-el-tren-de-las-nuebes-foto-2-768x538.jpg 768w\" sizes=\"(max-width: 1000px) 100vw, 1000px\" \/><\/figure>\n\n\n\n<p>El servicio comenzar\u00e1 con una salida semanal. De a poco volver\u00e1 a la frecuencia habitual de tres por semana. Recomendaron a los interesados comprar los pasajes en la web y descargar el ticket en el celular.<\/p>\n\n\n\n<p>Los pasajes ya est\u00e1n a la venta en la web del Tren de las Nubes y tienen un 30% de descuento si son adquiridos antes del 30 de diciembre. Adem\u00e1s, est\u00e1n incluidos en el programa PreViaje, que otorga un reintegro del 50% para ser utilizado en otros productos o prestaciones tur\u00edsticas.<\/p>\n\n\n\n<blockquote class=\"wp-block-quote is-layout-flow wp-block-quote-is-layout-flow\"><p><strong><em>El monto del tramo completo (bus + tren) ronda los $4.600 y el del tren solo los $2.600 Sin embargo, los precios depender\u00e1n de las fechas de viaje.<\/em><\/strong><\/p><\/blockquote>\n\n\n\n<figure class=\"wp-block-image\"><img loading=\"lazy\" decoding=\"async\" width=\"1000\" height=\"700\" src=\"http:\/\/blog.alquilerargentina.com\/wp-content\/uploads\/2020\/12\/vuelve-el-tren-de-las-nuebes-foto-4.jpg\" alt=\"\" class=\"wp-image-40350\" srcset=\"https:\/\/blog3.alquilerargentina.com\/wp-content\/uploads\/2020\/12\/vuelve-el-tren-de-las-nuebes-foto-4.jpg 1000w, https:\/\/blog3.alquilerargentina.com\/wp-content\/uploads\/2020\/12\/vuelve-el-tren-de-las-nuebes-foto-4-300x210.jpg 300w, https:\/\/blog3.alquilerargentina.com\/wp-content\/uploads\/2020\/12\/vuelve-el-tren-de-las-nuebes-foto-4-768x538.jpg 768w\" sizes=\"(max-width: 1000px) 100vw, 1000px\" \/><\/figure>\n\n\n\n<blockquote class=\"wp-block-quote is-layout-flow wp-block-quote-is-layout-flow\"><p><em><strong>El recorrido ofrece servicio de desayuno campestre y merienda, gu\u00edas tur\u00edsticos biling\u00fces, asistencia m\u00e9dica, estafeta postal a bordo, correo, snack bar, venta de souvenirs y wifi en Alfarcito, en San Antonio de los Cobres y en el viaducto la Polvorilla.<\/strong><\/em><\/p><\/blockquote>\n\n\n\n<h3 class=\"wp-block-heading\">Protocolos<\/h3>\n\n\n\n<ul><li>Se recomienda comprar los pasajes desde la web y descargar el ticket en el celular y en caso de presentar s\u00edntomas compatibles con Covid-19 no realizar el viaje.<\/li><li>Asimismo, se deber\u00e1 arribar a la estaci\u00f3n una hora antes de la partida, donde se tomar\u00e1 la temperatura a los pasajeros, quienes en todo momento deber\u00e1n usar barbijo o tapabocas.<\/li><li>Adem\u00e1s, tanto en la estaci\u00f3n como a bordo del tren, que funcionar\u00e1 con un 60% de su capacidad habitual, deber\u00e1n respetar el distanciamiento de un 1,50 m entre personas y en caso de ir al ba\u00f1o esperar la se\u00f1al lum\u00ednica de libre para evitar formar filas.<\/li><li>En tanto se aconseja el lavado frecuente de manos y el uso de alcohol en gel que estar\u00e1 disponible en las instalaciones.<\/li><\/ul>\n","protected":false},"excerpt":{"rendered":"<p>Sin duda alguna, la provincia de Salta es uno de los destinos imperdibles de Argentina. Con sus paisajes, cultura y tradici\u00f3n es due\u00f1a de uno de los atractivos m\u00e1s impresionantes: el tren de las Nubes. Si este verano 2021 tu destino es Salta, a partir del 9 de enero volver\u00e1 a funcionar el Tren de&#8230;<\/p>\n","protected":false},"author":1,"featured_media":40349,"comment_status":"open","ping_status":"open","sticky":false,"template":"","format":"standard","meta":{"footnotes":""},"categories":[3588],"tags":[],"_links":{"self":[{"href":"https:\/\/www.alquilerargentina.com\/blog\/wp-json\/wp\/v2\/posts\/40342"}],"collection":[{"href":"https:\/\/www.alquilerargentina.com\/blog\/wp-json\/wp\/v2\/posts"}],"about":[{"href":"https:\/\/www.alquilerargentina.com\/blog\/wp-json\/wp\/v2\/types\/post"}],"author":[{"embeddable":true,"href":"https:\/\/www.alquilerargentina.com\/blog\/wp-json\/wp\/v2\/users\/1"}],"replies":[{"embeddable":true,"href":"https:\/\/www.alquilerargentina.com\/blog\/wp-json\/wp\/v2\/comments?post=40342"}],"version-history":[{"count":7,"href":"https:\/\/www.alquilerargentina.com\/blog\/wp-json\/wp\/v2\/posts\/40342\/revisions"}],"predecessor-version":[{"id":40353,"href":"https:\/\/www.alquilerargentina.com\/blog\/wp-json\/wp\/v2\/posts\/40342\/revisions\/40353"}],"wp:featuredmedia":[{"embeddable":true,"href":"https:\/\/www.alquilerargentina.com\/blog\/wp-json\/wp\/v2\/media\/40349"}],"wp:attachment":[{"href":"https:\/\/www.alquilerargentina.com\/blog\/wp-json\/wp\/v2\/media?parent=40342"}],"wp:term":[{"taxonomy":"category","embeddable":true,"href":"https:\/\/www.alquilerargentina.com\/blog\/wp-json\/wp\/v2\/categories?post=40342"},{"taxonomy":"post_tag","embeddable":true,"href":"https:\/\/www.alquilerargentina.com\/blog\/wp-json\/wp\/v2\/tags?post=40342"}],"curies":[{"name":"wp","href":"https:\/\/api.w.org\/{rel}","templated":true}]}}