{"id":40225,"date":"2020-12-26T17:00:37","date_gmt":"2020-12-26T20:00:37","guid":{"rendered":"http:\/\/blog.alquilerargentina.com\/?p=40225"},"modified":"2020-12-23T09:37:13","modified_gmt":"2020-12-23T12:37:13","slug":"el-documental-que-termina-con-el-misterio-de-nahuelito","status":"publish","type":"post","link":"https:\/\/www.alquilerargentina.com\/blog\/paseos-y-excursiones\/el-documental-que-termina-con-el-misterio-de-nahuelito.html","title":{"rendered":"El documental que termina con el misterio de Nahuelito"},"content":{"rendered":"\n<p><em><strong><a rel=\"noreferrer noopener\" aria-label=\"Bariloche (abre en una nueva pesta\u00f1a)\" href=\"https:\/\/www.alquilerargentina.com\/R%C3%ADo-Negro\/San-Carlos-De-Bariloche\/?itm_source=blog&amp;itm_medium=paseos&amp;itm_campaign=documental_nahuelito&amp;itm_content=san_carlos_de_bariloche\" target=\"_blank\">Bariloche<\/a><\/strong> es una localidad situada en la provincia de <a rel=\"noreferrer noopener\" aria-label=\"R\u00edo Negro. (abre en una nueva pesta\u00f1a)\" href=\"https:\/\/www.alquilerargentina.com\/R%C3%ADo-Negro\/\/?itm_source=blog&amp;itm_medium=paseos&amp;itm_campaign=documental_nahuelito&amp;itm_content=r%C3%ADo_negro\" target=\"_blank\">R\u00edo Negro.<\/a> Con una ubicaci\u00f3n privilegiada sobre la <strong>Patagonia,<\/strong> esta ciudad se enmarca con paisajes y vistas naturales dentro del Parque Nacional Nahuel Huapi junto a la Cordillera de los Andes.  <\/em><\/p>\n\n\n\n<figure class=\"wp-block-image\"><img loading=\"lazy\" decoding=\"async\" width=\"1000\" height=\"700\" src=\"http:\/\/blog.alquilerargentina.com\/wp-content\/uploads\/2020\/12\/documental-nahuelito-foto-2.jpg\" alt=\"\" class=\"wp-image-40234\" srcset=\"https:\/\/blog3.alquilerargentina.com\/wp-content\/uploads\/2020\/12\/documental-nahuelito-foto-2.jpg 1000w, https:\/\/blog3.alquilerargentina.com\/wp-content\/uploads\/2020\/12\/documental-nahuelito-foto-2-300x210.jpg 300w, https:\/\/blog3.alquilerargentina.com\/wp-content\/uploads\/2020\/12\/documental-nahuelito-foto-2-768x538.jpg 768w\" sizes=\"(max-width: 1000px) 100vw, 1000px\" \/><\/figure>\n\n\n\n<p>En sus historias de vida y sucesos emblem\u00e1ticos que han sido parte de <strong><a href=\"https:\/\/www.alquilerargentina.com\/R%C3%ADo-Negro\/San-Carlos-De-Bariloche\/?itm_source=blog&amp;itm_medium=paseos&amp;itm_campaign=documental_nahuelito&amp;itm_content=san_carlos_de_bariloche\" target=\"_blank\" rel=\"noreferrer noopener\" aria-label=\"Bariloche, (abre en una nueva pesta\u00f1a)\">Bariloche<\/a><\/strong><a href=\"https:\/\/www.alquilerargentina.com\/R%C3%ADo-Negro\/San-Carlos-De-Bariloche\/?itm_source=blog&amp;itm_medium=paseos&amp;itm_campaign=documental_nahuelito&amp;itm_content=san_carlos_de_bariloche\" target=\"_blank\" rel=\"noreferrer noopener\" aria-label=\"Bariloche, (abre en una nueva pesta\u00f1a)\">,<\/a> se destaca la leyenda que transcurre ni m\u00e1s ni menos que en las profundidades del Lago Nahuel Huapi \u00bfMito o realidad?; Conoc\u00e9 m\u00e1s sobre <em>el documental que termina con el misterio de Nahuelito.<\/em><\/p>\n\n\n\n<p>Hay quienes cuentan que este mito aborigen es incluso previo al surgimiento de <a href=\"https:\/\/www.alquilerargentina.com\/R%C3%ADo-Negro\/San-Carlos-De-Bariloche\/?itm_source=blog&amp;itm_medium=paseos&amp;itm_campaign=documental_nahuelito&amp;itm_content=san_carlos_de_bariloche\" target=\"_blank\" rel=\"noreferrer noopener\" aria-label=\"Bariloche (abre en una nueva pesta\u00f1a)\">Bariloche<\/a> como ciudad y atractivo tur\u00edstico. Seg\u00fan las tribus mapuches y tehuelches, comunidades originarias de la regi\u00f3n patag\u00f3nica, en el interior del lago se encuentra una criatura con forma de una especie caracter\u00edstica del per\u00edodo Jur\u00e1sico. Algo as\u00ed como un mal llamado dinosaurio marino.<\/p>\n\n\n\n<figure class=\"wp-block-image\"><img loading=\"lazy\" decoding=\"async\" width=\"1000\" height=\"700\" src=\"http:\/\/blog.alquilerargentina.com\/wp-content\/uploads\/2020\/12\/documental-nahuelito-foto-4.jpg\" alt=\"\" class=\"wp-image-40236\" srcset=\"https:\/\/blog3.alquilerargentina.com\/wp-content\/uploads\/2020\/12\/documental-nahuelito-foto-4.jpg 1000w, https:\/\/blog3.alquilerargentina.com\/wp-content\/uploads\/2020\/12\/documental-nahuelito-foto-4-300x210.jpg 300w, https:\/\/blog3.alquilerargentina.com\/wp-content\/uploads\/2020\/12\/documental-nahuelito-foto-4-768x538.jpg 768w\" sizes=\"(max-width: 1000px) 100vw, 1000px\" \/><\/figure>\n\n\n\n<p>Ahora, es inminente la llegada de una producci\u00f3n audiovisual que se sumergir\u00e1 de lleno en los mitos y verdades de la criatura acu\u00e1tica que supuestamente habita el lago Nahuel Huapi. Miguel \u00c1ngel Rossi, director del largometraje dijo tener la certeza de que hay un habitante en el lago, y que le gustar\u00eda mostrar por donde va ese misterio.<\/p>\n\n\n\n<blockquote class=\"wp-block-quote is-layout-flow wp-block-quote-is-layout-flow\"><p><em><strong>La pel\u00edcula de g\u00e9nero documental con t\u00e9cnicas de docu-ficci\u00f3n que tendr\u00e1 como protagonista la historia de \u2018Nahuelito\u2018, un extra\u00f1o habitante de la localidad de San Carlos de Bariloche se titula \u00abBajo superficie, el habitante oculto del Nahuel Huapi\u201c<\/strong><\/em><\/p><\/blockquote>\n\n\n\n<figure class=\"wp-block-image\"><img loading=\"lazy\" decoding=\"async\" width=\"1000\" height=\"700\" src=\"http:\/\/blog.alquilerargentina.com\/wp-content\/uploads\/2020\/12\/documental-nahuelito-foto-3.jpg\" alt=\"\" class=\"wp-image-40235\" srcset=\"https:\/\/blog3.alquilerargentina.com\/wp-content\/uploads\/2020\/12\/documental-nahuelito-foto-3.jpg 1000w, https:\/\/blog3.alquilerargentina.com\/wp-content\/uploads\/2020\/12\/documental-nahuelito-foto-3-300x210.jpg 300w, https:\/\/blog3.alquilerargentina.com\/wp-content\/uploads\/2020\/12\/documental-nahuelito-foto-3-768x538.jpg 768w\" sizes=\"(max-width: 1000px) 100vw, 1000px\" \/><\/figure>\n\n\n\n<p>El director dio a conocer que desde siempre se interes\u00f3 en Nahuelito, los testimonios de los vecinos y trabajos de investigaci\u00f3n. Entre ellos testimonios de personal de seguridad, prefectura y cient\u00edficos que hace 25 a\u00f1os est\u00e1n estudiando las aguas del Nahuel Huapi y sus especies.<\/p>\n\n\n\n<p>Miguel \u00c1ngel se sumerge con sus c\u00e1maras para develar cu\u00e1nto de leyenda y cu\u00e1nto de verdad existe alrededor de ese habitante oculto y mayormente desconocido del que todos hablan, de cuya existencia existen infinidad de testimonios y registros m\u00e1s o menos confusos. El documental tambi\u00e9n incluye im\u00e1genes de filmaciones realizadas a 400 metros de profundidad con un robot submarino.<\/p>\n\n\n\n<blockquote class=\"wp-block-quote is-layout-flow wp-block-quote-is-layout-flow\"><p><em><strong> Existen varios videos con que desde hace varios a\u00f1os reflejan \u00bbalgo\u00bb en el lago Nahuel Huapi. Nunca se obtuvo una imagen n\u00edtida pero hay numerosos testimonios que aseguran haberlo visto. <\/strong><\/em><\/p><\/blockquote>\n\n\n\n<figure class=\"wp-block-embed-youtube wp-block-embed is-type-video is-provider-youtube wp-embed-aspect-4-3 wp-has-aspect-ratio\"><div class=\"wp-block-embed__wrapper\">\nhttps:\/\/www.youtube.com\/watch?v=quQxXT6Nse4&#038;feature=emb_title\n<\/div><\/figure>\n","protected":false},"excerpt":{"rendered":"<p>Bariloche es una localidad situada en la provincia de R\u00edo Negro. Con una ubicaci\u00f3n privilegiada sobre la Patagonia, esta ciudad se enmarca con paisajes y vistas naturales dentro del Parque Nacional Nahuel Huapi junto a la Cordillera de los Andes. En sus historias de vida y sucesos emblem\u00e1ticos que han sido parte de Bariloche, se&#8230;<\/p>\n","protected":false},"author":1,"featured_media":40233,"comment_status":"open","ping_status":"open","sticky":false,"template":"","format":"standard","meta":{"footnotes":""},"categories":[3588],"tags":[],"_links":{"self":[{"href":"https:\/\/www.alquilerargentina.com\/blog\/wp-json\/wp\/v2\/posts\/40225"}],"collection":[{"href":"https:\/\/www.alquilerargentina.com\/blog\/wp-json\/wp\/v2\/posts"}],"about":[{"href":"https:\/\/www.alquilerargentina.com\/blog\/wp-json\/wp\/v2\/types\/post"}],"author":[{"embeddable":true,"href":"https:\/\/www.alquilerargentina.com\/blog\/wp-json\/wp\/v2\/users\/1"}],"replies":[{"embeddable":true,"href":"https:\/\/www.alquilerargentina.com\/blog\/wp-json\/wp\/v2\/comments?post=40225"}],"version-history":[{"count":10,"href":"https:\/\/www.alquilerargentina.com\/blog\/wp-json\/wp\/v2\/posts\/40225\/revisions"}],"predecessor-version":[{"id":40254,"href":"https:\/\/www.alquilerargentina.com\/blog\/wp-json\/wp\/v2\/posts\/40225\/revisions\/40254"}],"wp:featuredmedia":[{"embeddable":true,"href":"https:\/\/www.alquilerargentina.com\/blog\/wp-json\/wp\/v2\/media\/40233"}],"wp:attachment":[{"href":"https:\/\/www.alquilerargentina.com\/blog\/wp-json\/wp\/v2\/media?parent=40225"}],"wp:term":[{"taxonomy":"category","embeddable":true,"href":"https:\/\/www.alquilerargentina.com\/blog\/wp-json\/wp\/v2\/categories?post=40225"},{"taxonomy":"post_tag","embeddable":true,"href":"https:\/\/www.alquilerargentina.com\/blog\/wp-json\/wp\/v2\/tags?post=40225"}],"curies":[{"name":"wp","href":"https:\/\/api.w.org\/{rel}","templated":true}]}}