{"id":39338,"date":"2020-10-28T08:36:47","date_gmt":"2020-10-28T11:36:47","guid":{"rendered":"http:\/\/blog.alquilerargentina.com\/?p=39338"},"modified":"2020-10-28T08:36:50","modified_gmt":"2020-10-28T11:36:50","slug":"un-museo-para-conocer-en-sierra-de-la-ventana","status":"publish","type":"post","link":"https:\/\/www.alquilerargentina.com\/blog\/paseos-y-excursiones\/un-museo-para-conocer-en-sierra-de-la-ventana.html","title":{"rendered":"Un museo para conocer en Sierra de la Ventana"},"content":{"rendered":"\n<p><em><strong><a rel=\"noreferrer noopener\" aria-label=\"Sierra de la Ventana, (abre en una nueva pesta\u00f1a)\" href=\"https:\/\/www.alquilerargentina.com\/Buenos-Aires\/Sierra-De-La-Ventana\/?itm_source=blog&amp;itm_medium=paseos&amp;itm_campaign=Museo_Ferroviario_Sierra_de_la_Ventana&amp;itm_content=Sierra_de_la_Ventana\" target=\"_blank\">Sierra de la Ventana,<\/a> <\/strong>en el sudoeste de la provincia de <a href=\"https:\/\/www.alquilerargentina.com\/Buenos-Aires\/?itm_source=blog&amp;itm_medium=paseos&amp;itm_campaign=Museo_Ferroviario_Sierra_de_la_Ventana&amp;itm_content=Buenos_Aires\" target=\"_blank\" rel=\"noreferrer noopener\" aria-label=\"Buenos Aires, (abre en una nueva pesta\u00f1a)\">Buenos Aires,<\/a> es un destino para visitar durante cualquier momento del a\u00f1o en que se pueda hacer una <strong>escapada.<\/strong><\/em><\/p>\n\n\n\n<figure class=\"wp-block-image\"><img loading=\"lazy\" decoding=\"async\" width=\"1000\" height=\"700\" src=\"http:\/\/blog.alquilerargentina.com\/wp-content\/uploads\/2020\/10\/Museo-Ferroviario-Sierra-de-la-Ventana-foto-1.jpg\" alt=\"\" class=\"wp-image-39351\" srcset=\"https:\/\/blog3.alquilerargentina.com\/wp-content\/uploads\/2020\/10\/Museo-Ferroviario-Sierra-de-la-Ventana-foto-1.jpg 1000w, https:\/\/blog3.alquilerargentina.com\/wp-content\/uploads\/2020\/10\/Museo-Ferroviario-Sierra-de-la-Ventana-foto-1-300x210.jpg 300w, https:\/\/blog3.alquilerargentina.com\/wp-content\/uploads\/2020\/10\/Museo-Ferroviario-Sierra-de-la-Ventana-foto-1-768x538.jpg 768w\" sizes=\"(max-width: 1000px) 100vw, 1000px\" \/><\/figure>\n\n\n\n<p>Para que comiences a planificar tu<strong> escapada <\/strong>post cuarentena, te contamos que<a href=\"https:\/\/www.alquilerargentina.com\/Buenos-Aires\/Sierra-De-La-Ventana\/?itm_source=blog&amp;itm_medium=paseos&amp;itm_campaign=Museo_Ferroviario_Sierra_de_la_Ventana&amp;itm_content=Sierra_de_la_Ventana\" target=\"_blank\" rel=\"noreferrer noopener\" aria-label=\" Sierra de la Ventana  (abre en una nueva pesta\u00f1a)\"> Sierra de la Ventana <\/a>forma parte de una comarca que incluye varias poblaciones, arroyos, bosques, y un hermoso paisaje para disfrutar de la naturaleza. Adem\u00e1s, te invita a visitar su <em>Museo Ferroviario, <\/em>al que vale la pena dedicarle tiempo.<\/p>\n\n\n\n<p>Ubicado en la estaci\u00f3n de tren de Sierra de la Ventana, y aunque ya no llegan trenes, el museo es un paso obligado durante tu visita. El \u00faltimo jefe de estaci\u00f3n, Marcelo Garc\u00eda, arm\u00f3 un hermoso museo juntando viejas piezas y elementos del ferrocarril. <\/p>\n\n\n\n<p>En la mejor \u00e9poca hubo tres trenes de pasajeros por d\u00eda en Sierra de la Ventana. Sal\u00edan de Constituci\u00f3n y uno iba a<a rel=\"noreferrer noopener\" aria-label=\" Bah\u00eda Blanca (abre en una nueva pesta\u00f1a)\" href=\"https:\/\/www.alquilerargentina.com\/Buenos-Aires\/Bahia-Blanca\/?itm_source=blog&amp;itm_medium=paseos&amp;itm_campaign=Museo_Ferroviario_Sierra_de_la_Ventana&amp;itm_content=Bahia_Blanca\" target=\"_blank\"> Bah\u00eda Blanca<\/a>, otro a <a rel=\"noreferrer noopener\" aria-label=\"Neuqu\u00e9n (abre en una nueva pesta\u00f1a)\" href=\"https:\/\/www.alquilerargentina.com\/Neuqu%C3%A9n\/?itm_source=blog&amp;itm_medium=paseos&amp;itm_campaign=Museo_Ferroviario_Sierra_de_la_Ventana&amp;itm_content=Neuqu%C3%A9n\" target=\"_blank\">Neuqu\u00e9n<\/a>&#8211;<a rel=\"noreferrer noopener\" aria-label=\"Zapala  (abre en una nueva pesta\u00f1a)\" href=\"https:\/\/www.alquilerargentina.com\/Neuqu%C3%A9n\/Zapala\/?itm_source=blog&amp;itm_medium=paseos&amp;itm_campaign=Museo_Ferroviario_Sierra_de_la_Ventana&amp;itm_content=Zapala\" target=\"_blank\">Zapala <\/a>y el tercero a <a rel=\"noreferrer noopener\" aria-label=\"Bariloche (abre en una nueva pesta\u00f1a)\" href=\"https:\/\/www.alquilerargentina.com\/R%c3%ado-Negro\/San-Carlos-De-Bariloche\/?itm_source=blog&amp;itm_medium=paseos&amp;itm_campaign=Museo_Ferroviario_Sierra_de_la_Ventana&amp;itm_content=San_Carlos_de_Bariloche\" target=\"_blank\">Bariloche<\/a>. Estos eran trenes enormes, con tres clases, camarotes, vag\u00f3n restaurante y hasta chapas automovileras (para cargar autos).<\/p>\n\n\n\n<figure class=\"wp-block-image\"><img loading=\"lazy\" decoding=\"async\" width=\"1000\" height=\"700\" src=\"http:\/\/blog.alquilerargentina.com\/wp-content\/uploads\/2020\/10\/Museo-Ferroviario-Sierra-de-la-Ventana-foto-2.jpg\" alt=\"\" class=\"wp-image-39353\" srcset=\"https:\/\/blog3.alquilerargentina.com\/wp-content\/uploads\/2020\/10\/Museo-Ferroviario-Sierra-de-la-Ventana-foto-2.jpg 1000w, https:\/\/blog3.alquilerargentina.com\/wp-content\/uploads\/2020\/10\/Museo-Ferroviario-Sierra-de-la-Ventana-foto-2-300x210.jpg 300w, https:\/\/blog3.alquilerargentina.com\/wp-content\/uploads\/2020\/10\/Museo-Ferroviario-Sierra-de-la-Ventana-foto-2-768x538.jpg 768w\" sizes=\"(max-width: 1000px) 100vw, 1000px\" \/><\/figure>\n\n\n\n<p>Pero en la d\u00e9cada de 1990 comenz\u00f3 la decadencia, y no se detiene: en 2018, el gobierno de la provincia de <a href=\"https:\/\/www.alquilerargentina.com\/Buenos-Aires\/?itm_source=blog&amp;itm_medium=paseos&amp;itm_campaign=Museo_Ferroviario_Sierra_de_la_Ventana&amp;itm_content=Buenos_Aires\" target=\"_blank\" rel=\"noreferrer noopener\" aria-label=\"Buenos Aires (abre en una nueva pesta\u00f1a)\">Buenos Aires<\/a> liquid\u00f3 la empresa Ferrobaires, y la estaci\u00f3n Sierra de la Ventana qued\u00f3 en silencio, excepto por alg\u00fan tren de carga que pasa cada tanto, sin detenerse.<\/p>\n\n\n\n<p>La Familia Garc\u00eda dedic\u00f3 sus energ\u00edas a armar un museo, recolectando objetos relacionados con la historia del tren. Fueron recuperando peque\u00f1os grandes tesoros: antiguos tel\u00e9fonos, m\u00e1quinas y bastones piloto del viejo sistema de postas, chapas, placas del Ferrocarril del Sud -cuando era ingl\u00e9s-, y de tiempos posteriores, cuando se estatiz\u00f3.<\/p>\n\n\n\n<figure class=\"wp-block-image\"><img loading=\"lazy\" decoding=\"async\" width=\"1000\" height=\"700\" src=\"http:\/\/blog.alquilerargentina.com\/wp-content\/uploads\/2020\/10\/Museo-Ferroviario-Sierra-de-la-Ventana-foto-3.jpg\" alt=\"\" class=\"wp-image-39354\" srcset=\"https:\/\/blog3.alquilerargentina.com\/wp-content\/uploads\/2020\/10\/Museo-Ferroviario-Sierra-de-la-Ventana-foto-3.jpg 1000w, https:\/\/blog3.alquilerargentina.com\/wp-content\/uploads\/2020\/10\/Museo-Ferroviario-Sierra-de-la-Ventana-foto-3-300x210.jpg 300w, https:\/\/blog3.alquilerargentina.com\/wp-content\/uploads\/2020\/10\/Museo-Ferroviario-Sierra-de-la-Ventana-foto-3-768x538.jpg 768w\" sizes=\"(max-width: 1000px) 100vw, 1000px\" \/><\/figure>\n\n\n\n<p>Tambi\u00e9n viejas salamandras y l\u00e1mparas, una zorrita de una cuadrilla soldadora, rieles barlow de 1849 y hasta una hermosa \u201cferrocleta\u201d, una bici para circular sobre las v\u00edas, con tres ruedas equipadas llantas de Ford A. Todo est\u00e1 impecable, recuperado y pintado como era originalmente.<\/p>\n\n\n\n<p>Y aunque lo lindo ser\u00eda que volvieran a pasar los trenes, por ahora queda un \u201cpremio consuelo\u201d, y es que la estaci\u00f3n <a href=\"https:\/\/www.alquilerargentina.com\/Buenos-Aires\/Sierra-De-La-Ventana\/?itm_source=blog&amp;itm_medium=paseos&amp;itm_campaign=Museo_Ferroviario_Sierra_de_la_Ventana&amp;itm_content=Sierra_de_la_Ventana\" target=\"_blank\" rel=\"noreferrer noopener\" aria-label=\"Sierra de la Ventana (abre en una nueva pesta\u00f1a)\">Sierra de la Ventana<\/a> haya sido declarada \u201cSitio Hist\u00f3rico Cultural\u201d<\/p>\n","protected":false},"excerpt":{"rendered":"<p>Sierra de la Ventana, en el sudoeste de la provincia de Buenos Aires, es un destino para visitar durante cualquier momento del a\u00f1o en que se pueda hacer una escapada. Para que comiences a planificar tu escapada post cuarentena, te contamos que Sierra de la Ventana forma parte de una comarca que incluye varias poblaciones,&#8230;<\/p>\n","protected":false},"author":1,"featured_media":39352,"comment_status":"open","ping_status":"open","sticky":false,"template":"","format":"standard","meta":{"footnotes":""},"categories":[3588],"tags":[],"_links":{"self":[{"href":"https:\/\/www.alquilerargentina.com\/blog\/wp-json\/wp\/v2\/posts\/39338"}],"collection":[{"href":"https:\/\/www.alquilerargentina.com\/blog\/wp-json\/wp\/v2\/posts"}],"about":[{"href":"https:\/\/www.alquilerargentina.com\/blog\/wp-json\/wp\/v2\/types\/post"}],"author":[{"embeddable":true,"href":"https:\/\/www.alquilerargentina.com\/blog\/wp-json\/wp\/v2\/users\/1"}],"replies":[{"embeddable":true,"href":"https:\/\/www.alquilerargentina.com\/blog\/wp-json\/wp\/v2\/comments?post=39338"}],"version-history":[{"count":7,"href":"https:\/\/www.alquilerargentina.com\/blog\/wp-json\/wp\/v2\/posts\/39338\/revisions"}],"predecessor-version":[{"id":39364,"href":"https:\/\/www.alquilerargentina.com\/blog\/wp-json\/wp\/v2\/posts\/39338\/revisions\/39364"}],"wp:featuredmedia":[{"embeddable":true,"href":"https:\/\/www.alquilerargentina.com\/blog\/wp-json\/wp\/v2\/media\/39352"}],"wp:attachment":[{"href":"https:\/\/www.alquilerargentina.com\/blog\/wp-json\/wp\/v2\/media?parent=39338"}],"wp:term":[{"taxonomy":"category","embeddable":true,"href":"https:\/\/www.alquilerargentina.com\/blog\/wp-json\/wp\/v2\/categories?post=39338"},{"taxonomy":"post_tag","embeddable":true,"href":"https:\/\/www.alquilerargentina.com\/blog\/wp-json\/wp\/v2\/tags?post=39338"}],"curies":[{"name":"wp","href":"https:\/\/api.w.org\/{rel}","templated":true}]}}