{"id":38957,"date":"2020-09-23T10:00:37","date_gmt":"2020-09-23T13:00:37","guid":{"rendered":"http:\/\/blog.alquilerargentina.com\/?p=38957"},"modified":"2020-09-29T16:41:33","modified_gmt":"2020-09-29T19:41:33","slug":"costa-atlantica-los-precios-del-verano-son-una-incognita","status":"publish","type":"post","link":"https:\/\/www.alquilerargentina.com\/blog\/novedades\/noticias\/costa-atlantica-los-precios-del-verano-son-una-incognita.html","title":{"rendered":"Costa Atl\u00e1ntica: los precios del verano son una inc\u00f3gnita"},"content":{"rendered":"\n<p><em>\u00bfC\u00f3mo impactar\u00e1 la pandemia en la <a rel=\"noreferrer noopener\" aria-label=\" Costa Atl\u00e1ntica  (abre en una nueva pesta\u00f1a)\" href=\"https:\/\/www.alquilerargentina.com\/Buenos-Aires\/Costa-Atl%C3%A1ntica\/?itm_source=blog&amp;itm_medium=noticicas&amp;itm_campaign=precios_verano_costa_argentina&amp;itm_content=costa_atl%C3%A1ntica\" target=\"_blank\">Costa Atl\u00e1ntica<\/a>? Si bien los precios de los alquileres para la<strong> temporada de verano 2021 <\/strong>a\u00fan no est\u00e1n definidos, se estiman aumentos de entre el 30 y el 40 por ciento en relaci\u00f3n con el verano \u00faltimo.<\/em><\/p>\n\n\n\n<figure class=\"wp-block-image\"><img loading=\"lazy\" decoding=\"async\" width=\"1000\" height=\"700\" src=\"http:\/\/blog.alquilerargentina.com\/wp-content\/uploads\/2020\/09\/Coronavirus-en-la-costa-argentina-pinamar.jpg\" alt=\"\" class=\"wp-image-38964\" srcset=\"https:\/\/blog3.alquilerargentina.com\/wp-content\/uploads\/2020\/09\/Coronavirus-en-la-costa-argentina-pinamar.jpg 1000w, https:\/\/blog3.alquilerargentina.com\/wp-content\/uploads\/2020\/09\/Coronavirus-en-la-costa-argentina-pinamar-300x210.jpg 300w, https:\/\/blog3.alquilerargentina.com\/wp-content\/uploads\/2020\/09\/Coronavirus-en-la-costa-argentina-pinamar-768x538.jpg 768w\" sizes=\"(max-width: 1000px) 100vw, 1000px\" \/><\/figure>\n\n\n\n<p>Con la confirmaci\u00f3n de la <strong>temporada de verano 2021,<\/strong> la ilusi\u00f3n en torno a la industria tur\u00edstica, una de las m\u00e1s afectadas por la pandemia del coronavirus, aument\u00f3. No cabe duda que ser\u00e1 una temporada at\u00edpica, a tal punto que a\u00fan no han podido definirse los <em>precios de verano en la <a href=\"https:\/\/www.alquilerargentina.com\/Buenos-Aires\/Costa-Atl%C3%A1ntica\/?itm_source=blog&amp;itm_medium=noticicas&amp;itm_campaign=precios_verano_costa_argentina&amp;itm_content=costa_atl%C3%A1ntica\" target=\"_blank\" rel=\"noreferrer noopener\" aria-label=\"Costa Atl\u00e1ntica.  (abre en una nueva pesta\u00f1a)\">Costa Atl\u00e1ntica. <\/a><\/em><\/p>\n\n\n\n<p>Generalmente, durante Septiembre, comienzan a surgir consultas sobre alquileres y reservar, pero este 2020 la situaci\u00f3n es otra. Hasta el momento nadie sabe a ciencia cierta que pasar\u00e1 con los precios y hay escasas consultas sobre alquileres y reservas. <\/p>\n\n\n\n<p>Actualmente, el foco se concentra en los protocolos establecidos desde el Ministerio de Turismo de la Naci\u00f3n, tanto en los alojamientos tur\u00edsticos como establecimientos gastron\u00f3micos. Lo mismo ocurre con el turismo rural, centros de esqu\u00ed y agencias de viajes; pero todav\u00eda no hay nada definido con respecto a los balnearios, eje central en las vacaciones de verano y el cual est\u00e1 siendo debatido para llegar a un protocolo de balnearios p\u00fablicos y privados, que ser\u00e1 consensuado con la Naci\u00f3n.<\/p>\n\n\n\n<figure class=\"wp-block-image\"><img loading=\"lazy\" decoding=\"async\" width=\"1000\" height=\"700\" src=\"http:\/\/blog.alquilerargentina.com\/wp-content\/uploads\/2020\/09\/Coronavirus-en-la-costa-argentina-foto3.jpg\" alt=\"\" class=\"wp-image-38966\" srcset=\"https:\/\/blog3.alquilerargentina.com\/wp-content\/uploads\/2020\/09\/Coronavirus-en-la-costa-argentina-foto3.jpg 1000w, https:\/\/blog3.alquilerargentina.com\/wp-content\/uploads\/2020\/09\/Coronavirus-en-la-costa-argentina-foto3-300x210.jpg 300w, https:\/\/blog3.alquilerargentina.com\/wp-content\/uploads\/2020\/09\/Coronavirus-en-la-costa-argentina-foto3-768x538.jpg 768w\" sizes=\"(max-width: 1000px) 100vw, 1000px\" \/><\/figure>\n\n\n\n<p>En lo que respecta a las playas y balnearios, se considerar\u00eda un l\u00edmite de seis personas por carpa y cuatro por sombrilla, con distancia de cuatro metros entre sombrilla y sombrilla y una carpa vac\u00eda de por medio; Tambi\u00e9n una restricci\u00f3n de circulaci\u00f3n en los vestuarios ba\u00f1os que deber\u00edan estar ocupados al cincuenta por ciento. El uso de barbijo ser\u00e1 obligatorio.<\/p>\n\n\n\n<p>Para los hoteles y establecimientos gastron\u00f3micos, el protocolo de Naci\u00f3n establece la implementaci\u00f3n de medidas de control al personal, previo a su ingreso a trabajar, y la utilizaci\u00f3n del tapabocas. Exige la digitalizaci\u00f3n del check-in y el check-out, evitar el servicio de bell boy y valet parking, y el uso de un buz\u00f3n para el dep\u00f3sito de llaves, que deber\u00e1n ser\u00e1n desinfectadas antes de  volverlos a usar. Para los ascensores, sugiere el uso individual y en referencia a alimentos y bebidas, se recomienda evitar su manipulaci\u00f3n por parte de los hu\u00e9spedes y sugerir el servicio de desayuno en la habitaci\u00f3n o modalidad take away, as\u00ed como ampliar el horario y ofrecer reserva previa para planificar la cantidad de personas.<\/p>\n\n\n\n<figure class=\"wp-block-image\"><img loading=\"lazy\" decoding=\"async\" width=\"1000\" height=\"700\" src=\"http:\/\/blog.alquilerargentina.com\/wp-content\/uploads\/2020\/09\/Coronavirus-en-la-costa-argentina-foto-5.jpg\" alt=\"\" class=\"wp-image-38967\" srcset=\"https:\/\/blog3.alquilerargentina.com\/wp-content\/uploads\/2020\/09\/Coronavirus-en-la-costa-argentina-foto-5.jpg 1000w, https:\/\/blog3.alquilerargentina.com\/wp-content\/uploads\/2020\/09\/Coronavirus-en-la-costa-argentina-foto-5-300x210.jpg 300w, https:\/\/blog3.alquilerargentina.com\/wp-content\/uploads\/2020\/09\/Coronavirus-en-la-costa-argentina-foto-5-768x538.jpg 768w\" sizes=\"(max-width: 1000px) 100vw, 1000px\" \/><\/figure>\n\n\n\n<p>Las cartas de los restaurantes ser\u00e1n digitales o plastificadas, para facilitar su desinfecci\u00f3n, y las bebidas se ofrecer\u00e1n cerradas en botella o lata. Por su parte, el manual para establecimientos gastron\u00f3micos recomienda ofrecer servicio de reserva anticipada para planificar la cantidad de comensales desde el d\u00eda anterior, exhibir el men\u00fa en carteles, evitar el autoservicio de alimentos y ofrecer platos a la carta, en porciones individuales. <\/p>\n\n\n\n<p>Es importante recalcar que el \u00e9xito de la temporada tambi\u00e9n depender\u00e1 en parte del programa de preventa tur\u00edstica del ministerio de Turismo y Deportes de la Naci\u00f3n, que forma parte de la Ley de Asistencia Turismo, que espera por la media sanci\u00f3n en la C\u00e1mara de Diputados. As\u00ed, quienes compren pasajes y reserven su alojamiento en cualquier destino del pa\u00eds antes del 31 de diciembre, se les reintegrar\u00e1 el 50% del total del gasto que efect\u00faen, con una tarjeta del Banco Naci\u00f3n hasta el 50% de lo gastado. Habr\u00e1 que presentar las facturas en la p\u00e1gina web del Ministerio de Turismo y se enviar\u00e1 al domicilio una tarjeta del Banco Naci\u00f3n con el 50% del reintegro del total de lo gastado.<\/p>\n\n\n\n<p><strong><a href=\"https:\/\/www.alquilerargentina.com\/Buenos-Aires\/Pinamar\/?itm_source=blog&amp;itm_medium=noticicas&amp;itm_campaign=precios_verano_costa_argentina&amp;itm_content=pinamar\" target=\"_blank\" rel=\"noreferrer noopener\" aria-label=\"Pinamar, (abre en una nueva pesta\u00f1a)\">Pinamar<\/a><\/strong><a href=\"https:\/\/www.alquilerargentina.com\/Buenos-Aires\/Pinamar\/?itm_source=blog&amp;itm_medium=noticicas&amp;itm_campaign=precios_verano_costa_argentina&amp;itm_content=pinamar\" target=\"_blank\" rel=\"noreferrer noopener\" aria-label=\"Pinamar, (abre en una nueva pesta\u00f1a)\">,<\/a> uno de los partidos m\u00e1s populares de la costa, es uno de los destinos que se muestra m\u00e1s optimistas. Juan Ibargurgen, secretario de turismo, manifest\u00f3 que si bien la temporada va a ser at\u00edpica, habr\u00e1 que tratar de convivir con el virus de la manera m\u00e1s segura con los protocolos establecidos. Asegur\u00f3 que tienen much\u00edsimas consultas a nivel inmobiliario, pero sobre todo por alquiler de temporada entera o mes entero.<\/p>\n\n\n\n<figure class=\"wp-block-image\"><img loading=\"lazy\" decoding=\"async\" width=\"1000\" height=\"700\" src=\"http:\/\/blog.alquilerargentina.com\/wp-content\/uploads\/2020\/09\/Coronavirus-en-la-costa-argentina-pinamar33.jpg\" alt=\"\" class=\"wp-image-38968\" srcset=\"https:\/\/blog3.alquilerargentina.com\/wp-content\/uploads\/2020\/09\/Coronavirus-en-la-costa-argentina-pinamar33.jpg 1000w, https:\/\/blog3.alquilerargentina.com\/wp-content\/uploads\/2020\/09\/Coronavirus-en-la-costa-argentina-pinamar33-300x210.jpg 300w, https:\/\/blog3.alquilerargentina.com\/wp-content\/uploads\/2020\/09\/Coronavirus-en-la-costa-argentina-pinamar33-768x538.jpg 768w\" sizes=\"(max-width: 1000px) 100vw, 1000px\" \/><\/figure>\n\n\n\n<p>Por otro lado, <strong><a href=\"https:\/\/www.alquilerargentina.com\/Buenos-Aires\/Mar-Del-Plata\/?itm_source=blog&amp;itm_medium=noticicas&amp;itm_campaign=precios_verano_costa_argentina&amp;itm_content=mar_del_plata\" target=\"_blank\" rel=\"noreferrer noopener\" aria-label=\"M (abre en una nueva pesta\u00f1a)\">M<\/a><a rel=\"noreferrer noopener\" aria-label=\"ar del Plata (abre en una nueva pesta\u00f1a)\" href=\"https:\/\/www.alquilerargentina.com\/Buenos-Aires\/Mar-Del-Plata\/?itm_source=blog&amp;itm_medium=noticicas&amp;itm_campaign=precios_verano_costa_argentina&amp;itm_content=mar_del_plata\" target=\"_blank\">ar del Plata<\/a><\/strong> retrocedi\u00f3 a Fase 3, por lo que la incertidumbre crece. Avedis Sahakian, presidente de la Asociaci\u00f3n Empresaria Hotelera Gastron\u00f3mica (AEHG), asegur\u00f3 que son d\u00edas complicados, que sus expectativas son \u00abprudentes\u00bb, y le cuesta adelantar lo que pueda suceder. Adem\u00e1s, espera que se promulgue la tan mentada Ley de Asistencia al Turismo, para llevar alivio financiero al sector: \u00abM\u00e1s all\u00e1 del turismo, la hoteler\u00eda en general necesita un apoyo financiero muy especial a nivel de subsidio para resistir los primeros meses de apertura\u00bb. Avedis Sahakian dice que no hubo consultas de precios ni reservas, m\u00e1s que aquellas por parte de los medios. <\/p>\n\n\n\n<p>En <strong><a href=\"https:\/\/www.alquilerargentina.com\/Buenos-Aires\/Villa-Gesell\/?itm_source=blog&amp;itm_medium=noticicas&amp;itm_campaign=precios_verano_costa_argentina&amp;itm_content=villa_gesell\" target=\"_blank\" rel=\"noreferrer noopener\" aria-label=\"Villa Gesell, (abre en una nueva pesta\u00f1a)\">Villa Gesell<\/a><\/strong><a href=\"https:\/\/www.alquilerargentina.com\/Buenos-Aires\/Villa-Gesell\/?itm_source=blog&amp;itm_medium=noticicas&amp;itm_campaign=precios_verano_costa_argentina&amp;itm_content=villa_gesell\" target=\"_blank\" rel=\"noreferrer noopener\" aria-label=\"Villa Gesell, (abre en una nueva pesta\u00f1a)\">,<\/a> apenas se inci\u00f3 la pandemia en abril, iniciaron talleres con varios balnearios para capacitarlos en la manera de implementar las directrices de calidad sanitarias, del que participaron cincuenta balnearios a los que se les entrega un sello de calidad. Lo mismo sucede con los sectores de alojamiento y gastronom\u00eda. Esta fue una campa\u00f1a llevada a cabo por Emiliano Felice, secretario de turismo local, quien se muestra optimista al inicio de la temporada de verano 2021.<\/p>\n","protected":false},"excerpt":{"rendered":"<p>\u00bfC\u00f3mo impactar\u00e1 la pandemia en la Costa Atl\u00e1ntica? Si bien los precios de los alquileres para la temporada de verano 2021 a\u00fan no est\u00e1n definidos, se estiman aumentos de entre el 30 y el 40 por ciento en relaci\u00f3n con el verano \u00faltimo. Con la confirmaci\u00f3n de la temporada de verano 2021, la ilusi\u00f3n en&#8230;<\/p>\n","protected":false},"author":1,"featured_media":38965,"comment_status":"open","ping_status":"open","sticky":false,"template":"","format":"standard","meta":{"footnotes":""},"categories":[7877],"tags":[],"_links":{"self":[{"href":"https:\/\/www.alquilerargentina.com\/blog\/wp-json\/wp\/v2\/posts\/38957"}],"collection":[{"href":"https:\/\/www.alquilerargentina.com\/blog\/wp-json\/wp\/v2\/posts"}],"about":[{"href":"https:\/\/www.alquilerargentina.com\/blog\/wp-json\/wp\/v2\/types\/post"}],"author":[{"embeddable":true,"href":"https:\/\/www.alquilerargentina.com\/blog\/wp-json\/wp\/v2\/users\/1"}],"replies":[{"embeddable":true,"href":"https:\/\/www.alquilerargentina.com\/blog\/wp-json\/wp\/v2\/comments?post=38957"}],"version-history":[{"count":8,"href":"https:\/\/www.alquilerargentina.com\/blog\/wp-json\/wp\/v2\/posts\/38957\/revisions"}],"predecessor-version":[{"id":39086,"href":"https:\/\/www.alquilerargentina.com\/blog\/wp-json\/wp\/v2\/posts\/38957\/revisions\/39086"}],"wp:featuredmedia":[{"embeddable":true,"href":"https:\/\/www.alquilerargentina.com\/blog\/wp-json\/wp\/v2\/media\/38965"}],"wp:attachment":[{"href":"https:\/\/www.alquilerargentina.com\/blog\/wp-json\/wp\/v2\/media?parent=38957"}],"wp:term":[{"taxonomy":"category","embeddable":true,"href":"https:\/\/www.alquilerargentina.com\/blog\/wp-json\/wp\/v2\/categories?post=38957"},{"taxonomy":"post_tag","embeddable":true,"href":"https:\/\/www.alquilerargentina.com\/blog\/wp-json\/wp\/v2\/tags?post=38957"}],"curies":[{"name":"wp","href":"https:\/\/api.w.org\/{rel}","templated":true}]}}