{"id":38047,"date":"2020-03-26T10:00:36","date_gmt":"2020-03-26T13:00:36","guid":{"rendered":"http:\/\/blog.alquilerargentina.com\/?p=38047"},"modified":"2020-03-23T11:45:54","modified_gmt":"2020-03-23T14:45:54","slug":"conoce-el-cono-de-arita-en-salta","status":"publish","type":"post","link":"https:\/\/www.alquilerargentina.com\/blog\/paseos-y-excursiones\/conoce-el-cono-de-arita-en-salta.html","title":{"rendered":"Conoc\u00e9 el Cono de Arita en Salta"},"content":{"rendered":"\n<p><em><strong>Argentina <\/strong>es due\u00f1a de <strong>paisajes \u00fanicos,<\/strong> muchos de ellos son desconocidos pero tan m\u00e1gicos que te invitan a investigarlos. <\/em><\/p>\n\n\n\n<figure class=\"wp-block-image\"><img loading=\"lazy\" decoding=\"async\" width=\"1000\" height=\"700\" src=\"http:\/\/blog.alquilerargentina.com\/wp-content\/uploads\/2020\/03\/Conoce-el-cono-de-arita-en-Salta-portada-dos.jpg\" alt=\"\" class=\"wp-image-38062\" srcset=\"https:\/\/blog3.alquilerargentina.com\/wp-content\/uploads\/2020\/03\/Conoce-el-cono-de-arita-en-Salta-portada-dos.jpg 1000w, https:\/\/blog3.alquilerargentina.com\/wp-content\/uploads\/2020\/03\/Conoce-el-cono-de-arita-en-Salta-portada-dos-300x210.jpg 300w, https:\/\/blog3.alquilerargentina.com\/wp-content\/uploads\/2020\/03\/Conoce-el-cono-de-arita-en-Salta-portada-dos-768x538.jpg 768w\" sizes=\"(max-width: 1000px) 100vw, 1000px\" \/><\/figure>\n\n\n\n<p>Y si de <strong>paisajes \u00fanicos <\/strong>hablamos, la provincia de<a rel=\"noreferrer noopener\" aria-label=\" Salta (abre en una nueva pesta\u00f1a)\" href=\"https:\/\/www.alquilerargentina.com\/Salta\/?itm_source=blog&amp;itm_medium=paseos&amp;itm_campaign=cono_de_arita&amp;itm_content=salta\" target=\"_blank\"><strong>Salta<\/strong><\/a><strong> <\/strong>cuenta con una naturaleza singular, y dentro ellos, uno de los m\u00e1s sorprendentes es el <strong>Cono de Arita.  <\/strong><\/p>\n\n\n\n<p>Esta geoforma c\u00f3nica casi perfecta surge, a la vista, como una isla en el imponente Salar de Arizaro, uno de los m\u00e1s grandes del mundo, que posee una superficie de 1.600 kil\u00f3metros cuadrados y est\u00e1 emplazado a 3.460 metros de altura sobre el nivel del mar.<\/p>\n\n\n\n<figure class=\"wp-block-image\"><img loading=\"lazy\" decoding=\"async\" width=\"1000\" height=\"700\" src=\"http:\/\/blog.alquilerargentina.com\/wp-content\/uploads\/2020\/03\/Conoce-el-cono-de-arita-en-Salta-foto2.jpg\" alt=\"\" class=\"wp-image-38063\" srcset=\"https:\/\/blog3.alquilerargentina.com\/wp-content\/uploads\/2020\/03\/Conoce-el-cono-de-arita-en-Salta-foto2.jpg 1000w, https:\/\/blog3.alquilerargentina.com\/wp-content\/uploads\/2020\/03\/Conoce-el-cono-de-arita-en-Salta-foto2-300x210.jpg 300w, https:\/\/blog3.alquilerargentina.com\/wp-content\/uploads\/2020\/03\/Conoce-el-cono-de-arita-en-Salta-foto2-768x538.jpg 768w\" sizes=\"(max-width: 1000px) 100vw, 1000px\" \/><\/figure>\n\n\n\n<p>El cono constituye un llamativo paisaje, con una elevaci\u00f3n de unos 200 metros sobre el salar -situado en el centro de la Puna de Atacama-, y su cima est\u00e1 a unos 3.689 metros de altura sobre el nivel del mar.<\/p>\n\n\n\n<blockquote class=\"wp-block-quote is-style-large is-layout-flow wp-block-quote-is-layout-flow\"><p><strong><em>Su nombre en aymara significa filoso, punzante, y la formaci\u00f3n est\u00e1 conformada por sal y lava negra.<\/em><\/strong> <\/p><\/blockquote>\n\n\n\n<p>Algunos estiman que su origen est\u00e1 relacionado con un volc\u00e1n peque\u00f1o que no lleg\u00f3 a hacer erupci\u00f3n, pero hay distintas hip\u00f3tesis sobre el origen de este cono. A la formaci\u00f3n Arita se le asigna una edad carb\u00f3nica de aproximadamente 180 + &#8211; 10 millones de a\u00f1os, y responder\u00eda a una estructura geol\u00f3gica sedimentaria denominada anticlinal formada por plegamientos de los estratos de rocas por fuerzas radiales opuestas.  <\/p>\n\n\n\n<figure class=\"wp-block-image\"><img loading=\"lazy\" decoding=\"async\" width=\"1000\" height=\"700\" src=\"http:\/\/blog.alquilerargentina.com\/wp-content\/uploads\/2020\/03\/Conoce-el-cono-de-arita-en-Salta-foto-3.jpg\" alt=\"\" class=\"wp-image-38064\" srcset=\"https:\/\/blog3.alquilerargentina.com\/wp-content\/uploads\/2020\/03\/Conoce-el-cono-de-arita-en-Salta-foto-3.jpg 1000w, https:\/\/blog3.alquilerargentina.com\/wp-content\/uploads\/2020\/03\/Conoce-el-cono-de-arita-en-Salta-foto-3-300x210.jpg 300w, https:\/\/blog3.alquilerargentina.com\/wp-content\/uploads\/2020\/03\/Conoce-el-cono-de-arita-en-Salta-foto-3-768x538.jpg 768w\" sizes=\"(max-width: 1000px) 100vw, 1000px\" \/><\/figure>\n\n\n\n<p>Para llegar desde Salta es necesario tomar la ruta nacional 51, atravesar la imponente Quebrada del Toro hasta San Antonio de los Cobres, pasar por el Viaducto de la Polvorilla, por Olacapato y a partir de all\u00ed seguir por la ruta provincial 27, que lleva a Tolar Grande, un pueblo de unos 300 habitantes que est\u00e1 a 357 kil\u00f3metros de la capital provincial y a unos 3.500 metros de altura sobre el nivel del mar.<\/p>\n\n\n\n<p>Esta pir\u00e1mide natural est\u00e1 a aproximadamente a 80 kil\u00f3metros de Tolar Grande, en el departamento Los Andes, en una zona des\u00e9rtica que se caracteriza no solo por las explotaciones mineras metal\u00edferas, de \u00f3nix, m\u00e1rmol y sal, entre otros minerales, sino tambi\u00e9n por su particular belleza natural y su fant\u00e1stico entorno pune\u00f1o de tranquilidad y silencio. <\/p>\n\n\n\n<figure class=\"wp-block-image\"><img loading=\"lazy\" decoding=\"async\" width=\"1000\" height=\"700\" src=\"http:\/\/blog.alquilerargentina.com\/wp-content\/uploads\/2020\/03\/Conoce-el-cono-de-arita-en-Salta-cono-5.jpg\" alt=\"\" class=\"wp-image-38065\" srcset=\"https:\/\/blog3.alquilerargentina.com\/wp-content\/uploads\/2020\/03\/Conoce-el-cono-de-arita-en-Salta-cono-5.jpg 1000w, https:\/\/blog3.alquilerargentina.com\/wp-content\/uploads\/2020\/03\/Conoce-el-cono-de-arita-en-Salta-cono-5-300x210.jpg 300w, https:\/\/blog3.alquilerargentina.com\/wp-content\/uploads\/2020\/03\/Conoce-el-cono-de-arita-en-Salta-cono-5-768x538.jpg 768w\" sizes=\"(max-width: 1000px) 100vw, 1000px\" \/><\/figure>\n\n\n\n<p>Adem\u00e1s de ser uno de los puntos m\u00e1s elegidos por los turistas y amantes de la naturaleza que llegan a Salta, se cree que esta misteriosa formaci\u00f3n constituy\u00f3 un lugar sagrado para las civilizaciones preincaicas.&nbsp;<\/p>\n\n\n\n<p><strong><em><a href=\"https:\/\/www.alquilerargentina.com\/Salta\/?itm_source=blog&amp;itm_medium=paseos&amp;itm_campaign=cono_de_arita&amp;itm_content=salta\" target=\"_blank\" rel=\"noreferrer noopener\" aria-label=\"Viaj\u00e1 a Salta y descubr\u00ed El Cono de Arita, un lugar m\u00edsterioso y m\u00e1gico que te sorprender\u00e1.  (abre en una nueva pesta\u00f1a)\">Viaj\u00e1 a Salta y descubr\u00ed El Cono de Arita, un lugar m\u00edsterioso y m\u00e1gico que te sorprender\u00e1. <\/a><\/em><\/strong><\/p>\n","protected":false},"excerpt":{"rendered":"<p>Argentina es due\u00f1a de paisajes \u00fanicos, muchos de ellos son desconocidos pero tan m\u00e1gicos que te invitan a investigarlos. Y si de paisajes \u00fanicos hablamos, la provincia deSalta cuenta con una naturaleza singular, y dentro ellos, uno de los m\u00e1s sorprendentes es el Cono de Arita. Esta geoforma c\u00f3nica casi perfecta surge, a la vista,&#8230;<\/p>\n","protected":false},"author":1,"featured_media":38061,"comment_status":"open","ping_status":"open","sticky":false,"template":"","format":"standard","meta":{"footnotes":""},"categories":[3588],"tags":[],"_links":{"self":[{"href":"https:\/\/www.alquilerargentina.com\/blog\/wp-json\/wp\/v2\/posts\/38047"}],"collection":[{"href":"https:\/\/www.alquilerargentina.com\/blog\/wp-json\/wp\/v2\/posts"}],"about":[{"href":"https:\/\/www.alquilerargentina.com\/blog\/wp-json\/wp\/v2\/types\/post"}],"author":[{"embeddable":true,"href":"https:\/\/www.alquilerargentina.com\/blog\/wp-json\/wp\/v2\/users\/1"}],"replies":[{"embeddable":true,"href":"https:\/\/www.alquilerargentina.com\/blog\/wp-json\/wp\/v2\/comments?post=38047"}],"version-history":[{"count":9,"href":"https:\/\/www.alquilerargentina.com\/blog\/wp-json\/wp\/v2\/posts\/38047\/revisions"}],"predecessor-version":[{"id":38074,"href":"https:\/\/www.alquilerargentina.com\/blog\/wp-json\/wp\/v2\/posts\/38047\/revisions\/38074"}],"wp:featuredmedia":[{"embeddable":true,"href":"https:\/\/www.alquilerargentina.com\/blog\/wp-json\/wp\/v2\/media\/38061"}],"wp:attachment":[{"href":"https:\/\/www.alquilerargentina.com\/blog\/wp-json\/wp\/v2\/media?parent=38047"}],"wp:term":[{"taxonomy":"category","embeddable":true,"href":"https:\/\/www.alquilerargentina.com\/blog\/wp-json\/wp\/v2\/categories?post=38047"},{"taxonomy":"post_tag","embeddable":true,"href":"https:\/\/www.alquilerargentina.com\/blog\/wp-json\/wp\/v2\/tags?post=38047"}],"curies":[{"name":"wp","href":"https:\/\/api.w.org\/{rel}","templated":true}]}}