{"id":37033,"date":"2020-01-24T11:00:20","date_gmt":"2020-01-24T14:00:20","guid":{"rendered":"http:\/\/blog.alquilerargentina.com\/?p=37033"},"modified":"2020-01-23T09:40:52","modified_gmt":"2020-01-23T12:40:52","slug":"4-cosas-que-no-podes-dejar-de-hacer-en-colon","status":"publish","type":"post","link":"https:\/\/www.alquilerargentina.com\/blog\/paseos-y-excursiones\/4-cosas-que-no-podes-dejar-de-hacer-en-colon.html","title":{"rendered":"4 cosas que no podes dejar de hacer en Col\u00f3n"},"content":{"rendered":"\n<p><em>Conocida popularmente como \u00abCiudad Para\u00edso\u00bb, <strong><a rel=\"noreferrer noopener\" aria-label=\"Col\u00f3n  (abre en una nueva pesta\u00f1a)\" href=\"https:\/\/www.alquilerargentina.com\/Entre-R%C3%ADos\/Col%C3%B3n\/?itm_source=blog&amp;itm_medium=paseos&amp;itm_campaign=actividades_en_col%C3%B3n&amp;itm_content=col%C3%B3n\" target=\"_blank\">Col\u00f3n<\/a> <\/strong>ofrece todo para el descanso, esparcimiento y diversi\u00f3n del visitante en medio de bellos paisajes, dignos para ser disfrutados en estas <strong>vacaciones de verano 2020.<\/strong><\/em><\/p>\n\n\n\n<figure class=\"wp-block-image\"><img loading=\"lazy\" decoding=\"async\" width=\"1000\" height=\"700\" src=\"http:\/\/blog.alquilerargentina.com\/wp-content\/uploads\/2020\/01\/4-imperdibles-de-Colon-playa-2.jpg\" alt=\"\" class=\"wp-image-37072\" srcset=\"https:\/\/blog3.alquilerargentina.com\/wp-content\/uploads\/2020\/01\/4-imperdibles-de-Colon-playa-2.jpg 1000w, https:\/\/blog3.alquilerargentina.com\/wp-content\/uploads\/2020\/01\/4-imperdibles-de-Colon-playa-2-300x210.jpg 300w, https:\/\/blog3.alquilerargentina.com\/wp-content\/uploads\/2020\/01\/4-imperdibles-de-Colon-playa-2-768x538.jpg 768w\" sizes=\"(max-width: 1000px) 100vw, 1000px\" \/><\/figure>\n\n\n\n<p>Lugar ideal para los amantes del sol, <strong><a rel=\"noreferrer noopener\" aria-label=\"Col\u00f3n (abre en una nueva pesta\u00f1a)\" href=\"https:\/\/www.alquilerargentina.com\/Entre-R%C3%ADos\/Col%C3%B3n\/?itm_source=blog&amp;itm_medium=paseos&amp;itm_campaign=actividades_en_col%C3%B3n&amp;itm_content=col%C3%B3n\" target=\"_blank\">Col\u00f3n<\/a><\/strong> posee playas con suaves declives e islas con arenas blancas que se prestan para la contemplaci\u00f3n de las bellas vistas y paisajes que el r\u00edo Uruguay entrega. En esta nota, queremos contarte sobre<strong> 4 cosas que no podes dejar de hacer en Col\u00f3n. <\/strong><\/p>\n\n\n\n<h2 class=\"wp-block-heading\">Parque Nacional El Palmar <\/h2>\n\n\n\n<p>Creado para la conservaci\u00f3n de las palmeras Syagrus yatay en una extensi\u00f3n de 8.500has. con arroyos de aguas cristalinas, exuberante vegetaci\u00f3n virgen y bandadas de p\u00e1jaros multicolores. Es ideal para ir de camping y avistar animales que viven en el parque como vizcachas, carpinchos, zorros, perdices, \u00f1and\u00faes, zorrinos, mulitas, lagartos overos e infinidad de aves, adem\u00e1s de jabal\u00edes y ciervos axis.<\/p>\n\n\n\n<figure class=\"wp-block-image\"><img loading=\"lazy\" decoding=\"async\" width=\"1000\" height=\"700\" src=\"http:\/\/blog.alquilerargentina.com\/wp-content\/uploads\/2020\/01\/4-imperdibles-de-Colon-el-palmar.jpg\" alt=\"\" class=\"wp-image-37074\" srcset=\"https:\/\/blog3.alquilerargentina.com\/wp-content\/uploads\/2020\/01\/4-imperdibles-de-Colon-el-palmar.jpg 1000w, https:\/\/blog3.alquilerargentina.com\/wp-content\/uploads\/2020\/01\/4-imperdibles-de-Colon-el-palmar-300x210.jpg 300w, https:\/\/blog3.alquilerargentina.com\/wp-content\/uploads\/2020\/01\/4-imperdibles-de-Colon-el-palmar-768x538.jpg 768w\" sizes=\"(max-width: 1000px) 100vw, 1000px\" \/><\/figure>\n\n\n\n<h2 class=\"wp-block-heading\">Complejo de termas   <\/h2>\n\n\n\n<p>Ubicado en el sector norte de la ciudad, junto al Golf Club, compuesto por aguas mesotermales-bicarbonatadas-sodicadas (presencia de sodio, cloruro, potasio y fosfato). Poseen alrededor de 36 grados de temperatura y son recomendadas en aplicaciones terap\u00e9uticas, tanto en la ingesta como en las inmersiones.<\/p>\n\n\n\n<blockquote class=\"wp-block-quote is-style-large is-layout-flow wp-block-quote-is-layout-flow\"><p><strong>El complejo termal de Col\u00f3n se encuentra en la zona norte de la ciudad y cuenta con diferentes piletas y un parque acu\u00e1tico. Abierto todos los d\u00edas de 9 a 20hs.<\/strong><\/p><\/blockquote>\n\n\n\n<figure class=\"wp-block-image\"><img loading=\"lazy\" decoding=\"async\" width=\"1000\" height=\"700\" src=\"http:\/\/blog.alquilerargentina.com\/wp-content\/uploads\/2020\/01\/4-imperdibles-de-Colon-termas.jpg\" alt=\"\" class=\"wp-image-37075\" srcset=\"https:\/\/blog3.alquilerargentina.com\/wp-content\/uploads\/2020\/01\/4-imperdibles-de-Colon-termas.jpg 1000w, https:\/\/blog3.alquilerargentina.com\/wp-content\/uploads\/2020\/01\/4-imperdibles-de-Colon-termas-300x210.jpg 300w, https:\/\/blog3.alquilerargentina.com\/wp-content\/uploads\/2020\/01\/4-imperdibles-de-Colon-termas-768x538.jpg 768w\" sizes=\"(max-width: 1000px) 100vw, 1000px\" \/><\/figure>\n\n\n\n<h2 class=\"wp-block-heading\">Colonia San Jos\u00e9 <\/h2>\n\n\n\n<p>A 9 kil\u00f3metros de Col\u00f3n se puede conocer este pueblo que nace como una colonia de inmigrantes europeos en 1857. San Jos\u00e9 tiene cuenta con el Museo Hist\u00f3rico Regional y un complejo termal con piletas y otras instalaciones.<\/p>\n\n\n\n<h2 class=\"wp-block-heading\">M\u00e1s actividades <\/h2>\n\n\n\n<p>Por los alrededores de Col\u00f3n se pueden desarrollar safaris n\u00e1uticos visitando las islas San Francisco y Hornos con abundante vegetaci\u00f3n y fauna aut\u00f3ctona, o interesantes safaris terrestres de hasta tres horas y media en 4\u00d74, alcanzando lugares inh\u00f3spitos y sumamente interesantes.<\/p>\n\n\n\n<p>Col\u00f3n se caracteriza por poseer una variada gama de posibilidades, s\u00f3lo hay que animarse y descubrirlas.<\/p>\n\n\n\n<figure class=\"wp-block-image\"><img loading=\"lazy\" decoding=\"async\" width=\"1000\" height=\"700\" src=\"http:\/\/blog.alquilerargentina.com\/wp-content\/uploads\/2020\/01\/4-imperdibles-de-Colon-playa.jpg\" alt=\"\" class=\"wp-image-37076\" srcset=\"https:\/\/blog3.alquilerargentina.com\/wp-content\/uploads\/2020\/01\/4-imperdibles-de-Colon-playa.jpg 1000w, https:\/\/blog3.alquilerargentina.com\/wp-content\/uploads\/2020\/01\/4-imperdibles-de-Colon-playa-300x210.jpg 300w, https:\/\/blog3.alquilerargentina.com\/wp-content\/uploads\/2020\/01\/4-imperdibles-de-Colon-playa-768x538.jpg 768w\" sizes=\"(max-width: 1000px) 100vw, 1000px\" \/><\/figure>\n\n\n\n<h2 class=\"wp-block-heading\">Fiesta Nacional de la Artesan\u00eda 2020<\/h2>\n\n\n\n<p>Este evento re\u00fane a centenares de artesanos de todas las ramas y a miles de visitantes con una convocante cartelera de artistas cada noche. <strong>La pr\u00f3xima edici\u00f3n se llevar\u00e1 a cabo del 8 al 16 de febrero de 2020. <\/strong><\/p>\n\n\n\n<p><a rel=\"noreferrer noopener\" aria-label=\"Visit\u00e1 y disfrut\u00e1 de Col\u00f3n estas vacaciones y durante todo el a\u00f1o.  (abre en una nueva pesta\u00f1a)\" href=\"https:\/\/www.alquilerargentina.com\/Entre-R%C3%ADos\/Col%C3%B3n\/?itm_source=blog&amp;itm_medium=paseos&amp;itm_campaign=actividades_en_col%C3%B3n&amp;itm_content=col%C3%B3n\" target=\"_blank\"><strong>Visit\u00e1 y disfrut\u00e1 de Col\u00f3n estas vacaciones y durante todo el a\u00f1o.<\/strong><\/a><\/p>\n","protected":false},"excerpt":{"rendered":"<p>Conocida popularmente como \u00abCiudad Para\u00edso\u00bb, Col\u00f3n ofrece todo para el descanso, esparcimiento y diversi\u00f3n del visitante en medio de bellos paisajes, dignos para ser disfrutados en estas vacaciones de verano 2020. Lugar ideal para los amantes del sol, Col\u00f3n posee playas con suaves declives e islas con arenas blancas que se prestan para la contemplaci\u00f3n&#8230;<\/p>\n","protected":false},"author":1,"featured_media":37073,"comment_status":"open","ping_status":"open","sticky":false,"template":"","format":"standard","meta":{"footnotes":""},"categories":[3588],"tags":[],"_links":{"self":[{"href":"https:\/\/www.alquilerargentina.com\/blog\/wp-json\/wp\/v2\/posts\/37033"}],"collection":[{"href":"https:\/\/www.alquilerargentina.com\/blog\/wp-json\/wp\/v2\/posts"}],"about":[{"href":"https:\/\/www.alquilerargentina.com\/blog\/wp-json\/wp\/v2\/types\/post"}],"author":[{"embeddable":true,"href":"https:\/\/www.alquilerargentina.com\/blog\/wp-json\/wp\/v2\/users\/1"}],"replies":[{"embeddable":true,"href":"https:\/\/www.alquilerargentina.com\/blog\/wp-json\/wp\/v2\/comments?post=37033"}],"version-history":[{"count":7,"href":"https:\/\/www.alquilerargentina.com\/blog\/wp-json\/wp\/v2\/posts\/37033\/revisions"}],"predecessor-version":[{"id":37127,"href":"https:\/\/www.alquilerargentina.com\/blog\/wp-json\/wp\/v2\/posts\/37033\/revisions\/37127"}],"wp:featuredmedia":[{"embeddable":true,"href":"https:\/\/www.alquilerargentina.com\/blog\/wp-json\/wp\/v2\/media\/37073"}],"wp:attachment":[{"href":"https:\/\/www.alquilerargentina.com\/blog\/wp-json\/wp\/v2\/media?parent=37033"}],"wp:term":[{"taxonomy":"category","embeddable":true,"href":"https:\/\/www.alquilerargentina.com\/blog\/wp-json\/wp\/v2\/categories?post=37033"},{"taxonomy":"post_tag","embeddable":true,"href":"https:\/\/www.alquilerargentina.com\/blog\/wp-json\/wp\/v2\/tags?post=37033"}],"curies":[{"name":"wp","href":"https:\/\/api.w.org\/{rel}","templated":true}]}}