{"id":36914,"date":"2020-01-20T10:00:25","date_gmt":"2020-01-20T13:00:25","guid":{"rendered":"http:\/\/blog.alquilerargentina.com\/?p=36914"},"modified":"2020-01-14T10:13:33","modified_gmt":"2020-01-14T13:13:33","slug":"vacacionas-en-febrero-precios","status":"publish","type":"post","link":"https:\/\/www.alquilerargentina.com\/blog\/oferta\/vacacionas-en-febrero-precios.html","title":{"rendered":"\u00bfVacacionas en febrero? \u00a1Mir\u00e1 estos precios!"},"content":{"rendered":"\n<p><em>Si<\/em> <em>sos de las personas que eligen febrero para salir de<strong> vacaciones <\/strong>o hacer una <\/em><strong><em>escapada de verano,<\/em><\/strong><em> no te pod\u00e9s perder las propuestas de alojamientos que tenemos en esta oportunidad para vos. <\/em><\/p>\n\n\n\n<figure class=\"wp-block-image\"><img loading=\"lazy\" decoding=\"async\" width=\"1000\" height=\"700\" src=\"http:\/\/blog.alquilerargentina.com\/wp-content\/uploads\/2020\/01\/alojamientos-para-las-vacaciones-de-febrero-portada-dos.jpg\" alt=\"\" class=\"wp-image-36930\" srcset=\"https:\/\/blog3.alquilerargentina.com\/wp-content\/uploads\/2020\/01\/alojamientos-para-las-vacaciones-de-febrero-portada-dos.jpg 1000w, https:\/\/blog3.alquilerargentina.com\/wp-content\/uploads\/2020\/01\/alojamientos-para-las-vacaciones-de-febrero-portada-dos-300x210.jpg 300w, https:\/\/blog3.alquilerargentina.com\/wp-content\/uploads\/2020\/01\/alojamientos-para-las-vacaciones-de-febrero-portada-dos-768x538.jpg 768w\" sizes=\"(max-width: 1000px) 100vw, 1000px\" \/><\/figure>\n\n\n\n<p><strong>\u00bfVacaciones en febrero?<\/strong><em> <\/em>Aprovech\u00e1 estas ofertas y promociones y hacete una <strong>escapada de verano<\/strong>.<\/p>\n\n\n\n<h2 class=\"wp-block-heading\">Alojamiento en Villa Cura Brochero<\/h2>\n\n\n\n<p>Para una estad\u00eda c\u00f3moda y confortable en<a href=\"https:\/\/www.alquilerargentina.com\/C%C3%B3rdoba\/Villa-Cura-Brochero\/?itm_source=blog&amp;itm_medium=ofertas&amp;itm_campaign=vacaciones_en_febrero&amp;itm_content=villa_cura_brochero\" target=\"_blank\" rel=\"noreferrer noopener\" aria-label=\" Villa Cura Brochero (abre en una nueva pesta\u00f1a)\"> <\/a><strong><a href=\"https:\/\/www.alquilerargentina.com\/C%C3%B3rdoba\/Villa-Cura-Brochero\/?itm_source=blog&amp;itm_medium=ofertas&amp;itm_campaign=vacaciones_en_febrero&amp;itm_content=villa_cura_brochero\" target=\"_blank\" rel=\"noreferrer noopener\" aria-label=\" Villa Cura Brochero (abre en una nueva pesta\u00f1a)\">Villa Cura Brochero<\/a>,  <\/strong>estos alojamientos est\u00e1n ubicados en un lugar tranquilo, cerca del r\u00edo y del predio La Providencia.<\/p>\n\n\n\n<figure class=\"wp-block-image\"><img loading=\"lazy\" decoding=\"async\" width=\"1000\" height=\"700\" src=\"http:\/\/blog.alquilerargentina.com\/wp-content\/uploads\/2020\/01\/alojamientos-para-las-vacaciones-de-febrero-cura-brochero.jpg\" alt=\"\" class=\"wp-image-36932\" srcset=\"https:\/\/blog3.alquilerargentina.com\/wp-content\/uploads\/2020\/01\/alojamientos-para-las-vacaciones-de-febrero-cura-brochero.jpg 1000w, https:\/\/blog3.alquilerargentina.com\/wp-content\/uploads\/2020\/01\/alojamientos-para-las-vacaciones-de-febrero-cura-brochero-300x210.jpg 300w, https:\/\/blog3.alquilerargentina.com\/wp-content\/uploads\/2020\/01\/alojamientos-para-las-vacaciones-de-febrero-cura-brochero-768x538.jpg 768w\" sizes=\"(max-width: 1000px) 100vw, 1000px\" \/><\/figure>\n\n\n\n<p><strong><a href=\"https:\/\/www.alquilerargentina.com\/alojamientos\/aq12-Departamento-Casa-y-Dpto-Santa-Rita-Villa-Cura-Brochero.html?itm_source=blog&amp;itm_medium=ofertas&amp;itm_campaign=vacaciones_en_febrero&amp;itm_content=villa_cura_brochero\" target=\"_blank\" rel=\"noreferrer noopener\" aria-label=\"Departamento y casa Santa Rita (abre en una nueva pesta\u00f1a)\">Departamento y casa Santa Rita<\/a><\/strong> est\u00e1n preparados para alojar hasta 6 personas. Ofrecen todo lo necesario para pasarla bien logrando una gran estad\u00eda. Cuentan con 2 dormitorios, 1 ba\u00f1o, cocina-comedar, terraza adelante y parte posterior para lavadero cochera. Tambi\u00e9n tiene pileta y parque para disfrutar de las tardes de verano. <\/p>\n\n\n\n<figure class=\"wp-block-image\"><img loading=\"lazy\" decoding=\"async\" width=\"1000\" height=\"700\" src=\"http:\/\/blog.alquilerargentina.com\/wp-content\/uploads\/2020\/01\/alojamientos-para-las-vacaciones-de-febrero-cura-brochero-2.jpg\" alt=\"\" class=\"wp-image-36933\" srcset=\"https:\/\/blog3.alquilerargentina.com\/wp-content\/uploads\/2020\/01\/alojamientos-para-las-vacaciones-de-febrero-cura-brochero-2.jpg 1000w, https:\/\/blog3.alquilerargentina.com\/wp-content\/uploads\/2020\/01\/alojamientos-para-las-vacaciones-de-febrero-cura-brochero-2-300x210.jpg 300w, https:\/\/blog3.alquilerargentina.com\/wp-content\/uploads\/2020\/01\/alojamientos-para-las-vacaciones-de-febrero-cura-brochero-2-768x538.jpg 768w\" sizes=\"(max-width: 1000px) 100vw, 1000px\" \/><\/figure>\n\n\n\n<p>Alojate en <strong><a rel=\"noreferrer noopener\" aria-label=\"Departamento y Casa Santa Rit (abre en una nueva pesta\u00f1a)\" href=\"https:\/\/www.alquilerargentina.com\/alojamientos\/aq12-Departamento-Casa-y-Dpto-Santa-Rita-Villa-Cura-Brochero.html?itm_source=blog&amp;itm_medium=ofertas&amp;itm_campaign=vacaciones_en_febrero&amp;itm_content=villa_cura_brochero\" target=\"_blank\">Departamento y Casa Santa R<\/a><a href=\"https:\/\/www.alquilerargentina.com\/alojamientos\/aq12-Departamento-Casa-y-Dpto-Santa-Rita-Villa-Cura-Brochero.html?itm_source=blog&amp;itm_medium=ofertas&amp;itm_campaign=vacaciones_en_febrero&amp;itm_content=villa_cura_brochero\" target=\"_blank\" rel=\"noreferrer noopener\" aria-label=\"ita (abre en una nueva pesta\u00f1a)\">ita<\/a> <\/strong>desde <strong>$2.500 <\/strong>por noche, o  2&nbsp;noches por&nbsp;<strong>$5.000<\/strong><em> <\/em>finales para 5 personas desde el primero de febrero hasta el tres inclusive. <\/p>\n\n\n\n<h2 class=\"wp-block-heading\">Caba\u00f1a en Uspallata<\/h2>\n\n\n\n<p>Entre monta\u00f1as y naturaleza<a href=\"https:\/\/www.alquilerargentina.com\/Mendoza\/Uspallata\/\/?itm_source=blog&amp;itm_medium=ofertas&amp;itm_campaign=vacaciones_en_febrero&amp;itm_content=uspallata\" target=\"_blank\" rel=\"noreferrer noopener\" aria-label=\", Uspallata (abre en una nueva pesta\u00f1a)\">, <\/a><strong><a href=\"https:\/\/www.alquilerargentina.com\/Mendoza\/Uspallata\/\/?itm_source=blog&amp;itm_medium=ofertas&amp;itm_campaign=vacaciones_en_febrero&amp;itm_content=uspallata\" target=\"_blank\" rel=\"noreferrer noopener\" aria-label=\", Uspallata (abre en una nueva pesta\u00f1a)\">Uspallata<\/a> <\/strong>te espera para que vivas un verano tranquilo en un alojamiento pensado para disfrutar en familia .<\/p>\n\n\n\n<figure class=\"wp-block-image\"><img loading=\"lazy\" decoding=\"async\" width=\"1000\" height=\"700\" src=\"http:\/\/blog.alquilerargentina.com\/wp-content\/uploads\/2020\/01\/alojamientos-para-las-vacaciones-de-febrero-uspallata1.jpg\" alt=\"\" class=\"wp-image-36934\" srcset=\"https:\/\/blog3.alquilerargentina.com\/wp-content\/uploads\/2020\/01\/alojamientos-para-las-vacaciones-de-febrero-uspallata1.jpg 1000w, https:\/\/blog3.alquilerargentina.com\/wp-content\/uploads\/2020\/01\/alojamientos-para-las-vacaciones-de-febrero-uspallata1-300x210.jpg 300w, https:\/\/blog3.alquilerargentina.com\/wp-content\/uploads\/2020\/01\/alojamientos-para-las-vacaciones-de-febrero-uspallata1-768x538.jpg 768w\" sizes=\"(max-width: 1000px) 100vw, 1000px\" \/><\/figure>\n\n\n\n<p><strong><a rel=\"noreferrer noopener\" aria-label=\"Caba\u00f1a la Abu y el Tata  (abre en una nueva pesta\u00f1a)\" href=\"https:\/\/www.alquilerargentina.com\/alojamientos\/nj81-Caba%C3%B1a-Caba%C3%B1a-la-Abu-y-el-Tata-Uspallata.html?itm_source=blog&amp;itm_medium=ofertas&amp;itm_campaign=vacaciones_en_febrero&amp;itm_content=uspallata\" target=\"_blank\">Caba\u00f1a la Abu y el Tata<\/a><\/strong>permite alojar hasta 6 personas. Cuenta con dos dormitorios, un ba\u00f1o, pileta, cochera, servicios de Internet Wi-Fi, ropa de cama y ropa blanca. Adem\u00e1s ofrece un amplio estar-comedor, hogar de piedra con salamandra, juego de estar compuesto por un fut\u00f3n que se convierte en cama de dos plazas, dos sillones y una l\u00e1mpara de pie con pantalla grande.<\/p>\n\n\n\n<figure class=\"wp-block-image\"><img loading=\"lazy\" decoding=\"async\" width=\"1000\" height=\"700\" src=\"http:\/\/blog.alquilerargentina.com\/wp-content\/uploads\/2020\/01\/alojamientos-para-las-vacaciones-de-febrero-uspallata2.jpg\" alt=\"\" class=\"wp-image-36935\" srcset=\"https:\/\/blog3.alquilerargentina.com\/wp-content\/uploads\/2020\/01\/alojamientos-para-las-vacaciones-de-febrero-uspallata2.jpg 1000w, https:\/\/blog3.alquilerargentina.com\/wp-content\/uploads\/2020\/01\/alojamientos-para-las-vacaciones-de-febrero-uspallata2-300x210.jpg 300w, https:\/\/blog3.alquilerargentina.com\/wp-content\/uploads\/2020\/01\/alojamientos-para-las-vacaciones-de-febrero-uspallata2-768x538.jpg 768w\" sizes=\"(max-width: 1000px) 100vw, 1000px\" \/><\/figure>\n\n\n\n<p>Alojate en<strong><a href=\"https:\/\/www.alquilerargentina.com\/alojamientos\/nj81-Caba%C3%B1a-Caba%C3%B1a-la-Abu-y-el-Tata-Uspallata.html?itm_source=blog&amp;itm_medium=ofertas&amp;itm_campaign=vacaciones_en_febrero&amp;itm_content=uspallata\" target=\"_blank\" rel=\"noreferrer noopener\" aria-label=\" Caba\u00f1a La Abu y el Tata (abre en una nueva pesta\u00f1a)\"> Caba\u00f1a La Abu y el Tata<\/a><\/strong> desde<strong> $3.100<\/strong> por noche o aprovechado la siguiente oferta desde el primero al siete de febrero: 6 noches por <strong>$21.000<\/strong> finales para 6 personas.<\/p>\n\n\n\n<h2 class=\"wp-block-heading\">Departamentos en Villa Carlos Paz<\/h2>\n\n\n\n<p>Para disfrutar unos d\u00edas en familia, en pareja o con amigos, este complejo es tu mejor opci\u00f3n. Ubicados en la parte alta de <strong><a rel=\"noreferrer noopener\" aria-label=\"Villa Carlos Paz,  (abre en una nueva pesta\u00f1a)\" href=\"https:\/\/www.alquilerargentina.com\/C%C3%B3rdoba\/Villa-Carlos-Paz\/?itm_source=blog&amp;itm_medium=ofertas&amp;itm_campaign=vacaciones_en_febrero&amp;itm_content=villa_carlos_paz\" target=\"_blank\">Villa Carlos Paz,<\/a><\/strong>cuenta con uno de los mejores puntos panor\u00e1micos de la ciudad serrana y al pie de la monta\u00f1a.<\/p>\n\n\n\n<figure class=\"wp-block-image\"><img loading=\"lazy\" decoding=\"async\" width=\"1000\" height=\"700\" src=\"http:\/\/blog.alquilerargentina.com\/wp-content\/uploads\/2020\/01\/alojamientos-para-las-vacaciones-de-febrero-carlospaz1.jpg\" alt=\"\" class=\"wp-image-36936\" srcset=\"https:\/\/blog3.alquilerargentina.com\/wp-content\/uploads\/2020\/01\/alojamientos-para-las-vacaciones-de-febrero-carlospaz1.jpg 1000w, https:\/\/blog3.alquilerargentina.com\/wp-content\/uploads\/2020\/01\/alojamientos-para-las-vacaciones-de-febrero-carlospaz1-300x210.jpg 300w, https:\/\/blog3.alquilerargentina.com\/wp-content\/uploads\/2020\/01\/alojamientos-para-las-vacaciones-de-febrero-carlospaz1-768x538.jpg 768w\" sizes=\"(max-width: 1000px) 100vw, 1000px\" \/><\/figure>\n\n\n\n<p><strong><a href=\"https:\/\/www.alquilerargentina.com\/alojamientos\/el28-Complejo-Departamentos-y-Habitaciones-Guillermo-y-Alicia-Villa-Carlos-Paz.html?foto=67349835&amp;mi=o?itm_source=blog&amp;itm_medium=ofertas&amp;itm_campaign=vacaciones_en_febrero&amp;itm_content=villa_carlos_paz\" target=\"_blank\" rel=\"noreferrer noopener\" aria-label=\"Departamentos y Habitaciones Guillermo y Alicia (abre en una nueva pesta\u00f1a)\">Departamentos y Habitaciones Guillermo y Alicia<\/a><\/strong> cuenta con un monoambiente y  departamento acondicionados para alojar hasta 8 personas; mientras que tambi\u00e9n ofrece una habitaci\u00f3n preparada para hospedar hasta 4 personas. El complejo tiene cocheras al lado de las unidades. Para una estad\u00eda c\u00f3moda y confortablese ofrece servicio de Internet Wi-Fi, ropa de cama, ventiladores, quincho, parrillas, parque arbolado de 1500 mts con juego de mesas y reposeras de exterior.<\/p>\n\n\n\n<figure class=\"wp-block-image\"><img loading=\"lazy\" decoding=\"async\" width=\"1000\" height=\"700\" src=\"http:\/\/blog.alquilerargentina.com\/wp-content\/uploads\/2020\/01\/alojamientos-para-las-vacaciones-de-febrero-carlospaz2.jpg\" alt=\"\" class=\"wp-image-36937\" srcset=\"https:\/\/blog3.alquilerargentina.com\/wp-content\/uploads\/2020\/01\/alojamientos-para-las-vacaciones-de-febrero-carlospaz2.jpg 1000w, https:\/\/blog3.alquilerargentina.com\/wp-content\/uploads\/2020\/01\/alojamientos-para-las-vacaciones-de-febrero-carlospaz2-300x210.jpg 300w, https:\/\/blog3.alquilerargentina.com\/wp-content\/uploads\/2020\/01\/alojamientos-para-las-vacaciones-de-febrero-carlospaz2-768x538.jpg 768w\" sizes=\"(max-width: 1000px) 100vw, 1000px\" \/><\/figure>\n\n\n\n<p>Alojate en <strong><a href=\"https:\/\/www.alquilerargentina.com\/alojamientos\/el28-Complejo-Departamentos-y-Habitaciones-Guillermo-y-Alicia-Villa-Carlos-Paz.html?foto=67349835&amp;mi=o?itm_source=blog&amp;itm_medium=ofertas&amp;itm_campaign=vacaciones_en_febrero&amp;itm_content=villa_carlos_paz\" target=\"_blank\" rel=\"noreferrer noopener\" aria-label=\"departamentos y habitaciones Guillermo y Alicia  (abre en una nueva pesta\u00f1a)\">departamentos y habitaciones Guillermo y Alicia<\/a><\/strong><a href=\"https:\/\/www.alquilerargentina.com\/alojamientos\/el28-Complejo-Departamentos-y-Habitaciones-Guillermo-y-Alicia-Villa-Carlos-Paz.html?foto=67349835&amp;mi=o?itm_source=blog&amp;itm_medium=ofertas&amp;itm_campaign=vacaciones_en_febrero&amp;itm_content=villa_carlos_paz\" target=\"_blank\" rel=\"noreferrer noopener\" aria-label=\"departamentos y habitaciones Guillermo y Alicia  (abre en una nueva pesta\u00f1a)\"> <\/a>desde <strong>$2.000 <\/strong>por noche o aprovech\u00e1 la siguiente oferta para febrero: 5 noches por <strong>$12.000<\/strong> finales para 8 personas ingresando el 2, hasta el 7 de febrero. <\/p>\n\n\n\n<p><a rel=\"noreferrer noopener\" aria-label=\"Encontr\u00e1 m\u00e1s ofertas para febrero haciendo click ac\u00e1.  (abre en una nueva pesta\u00f1a)\" href=\"https:\/\/www.alquilerargentina.com\/promociones-imperdibles\/\" target=\"_blank\">Encontr\u00e1 m\u00e1s ofertas para febrero haciendo <strong>click ac\u00e1. <\/strong><\/a><\/p>\n","protected":false},"excerpt":{"rendered":"<p>Si sos de las personas que eligen febrero para salir de vacaciones o hacer una escapada de verano, no te pod\u00e9s perder las propuestas de alojamientos que tenemos en esta oportunidad para vos. \u00bfVacaciones en febrero? Aprovech\u00e1 estas ofertas y promociones y hacete una escapada de verano. Alojamiento en Villa Cura Brochero Para una estad\u00eda&#8230;<\/p>\n","protected":false},"author":1,"featured_media":36931,"comment_status":"open","ping_status":"open","sticky":false,"template":"","format":"standard","meta":{"footnotes":""},"categories":[1],"tags":[],"_links":{"self":[{"href":"https:\/\/www.alquilerargentina.com\/blog\/wp-json\/wp\/v2\/posts\/36914"}],"collection":[{"href":"https:\/\/www.alquilerargentina.com\/blog\/wp-json\/wp\/v2\/posts"}],"about":[{"href":"https:\/\/www.alquilerargentina.com\/blog\/wp-json\/wp\/v2\/types\/post"}],"author":[{"embeddable":true,"href":"https:\/\/www.alquilerargentina.com\/blog\/wp-json\/wp\/v2\/users\/1"}],"replies":[{"embeddable":true,"href":"https:\/\/www.alquilerargentina.com\/blog\/wp-json\/wp\/v2\/comments?post=36914"}],"version-history":[{"count":14,"href":"https:\/\/www.alquilerargentina.com\/blog\/wp-json\/wp\/v2\/posts\/36914\/revisions"}],"predecessor-version":[{"id":36961,"href":"https:\/\/www.alquilerargentina.com\/blog\/wp-json\/wp\/v2\/posts\/36914\/revisions\/36961"}],"wp:featuredmedia":[{"embeddable":true,"href":"https:\/\/www.alquilerargentina.com\/blog\/wp-json\/wp\/v2\/media\/36931"}],"wp:attachment":[{"href":"https:\/\/www.alquilerargentina.com\/blog\/wp-json\/wp\/v2\/media?parent=36914"}],"wp:term":[{"taxonomy":"category","embeddable":true,"href":"https:\/\/www.alquilerargentina.com\/blog\/wp-json\/wp\/v2\/categories?post=36914"},{"taxonomy":"post_tag","embeddable":true,"href":"https:\/\/www.alquilerargentina.com\/blog\/wp-json\/wp\/v2\/tags?post=36914"}],"curies":[{"name":"wp","href":"https:\/\/api.w.org\/{rel}","templated":true}]}}