{"id":36444,"date":"2019-12-31T09:07:56","date_gmt":"2019-12-31T12:07:56","guid":{"rendered":"http:\/\/blog.alquilerargentina.com\/?p=36444"},"modified":"2019-12-31T09:07:58","modified_gmt":"2019-12-31T12:07:58","slug":"aprovecha-estas-promos-segunda-quincena-enero","status":"publish","type":"post","link":"https:\/\/www.alquilerargentina.com\/blog\/oferta\/aprovecha-estas-promos-segunda-quincena-enero.html","title":{"rendered":"\u00bfSegunda quincena de enero? Aprovech\u00e1 estas promos"},"content":{"rendered":"\n<p><em>El verano comenz\u00f3, y si todav\u00eda no te decidiste por el lugar perfecto para tus&nbsp;<strong>vacaciones 2020<\/strong>, te mostramos distintos alojamientos en algunos de los destinos tur\u00edsticos m\u00e1s importantes del pa\u00eds.<\/em><\/p>\n\n\n\n<p>Disfrutar de las <strong>vacaciones de verano<\/strong>\u00a0requiere un trabajo de planificaci\u00f3n y organizaci\u00f3n. Encontrar alojamientos c\u00f3modos y accesibles es esencial, al igual que elegir el momento en el que vas a viajar. Si prefer\u00eds veranear durante la segunda quincena, aprovecha estas<strong>\u00a0<a rel=\"noreferrer noopener\" aria-label=\"ofertas de verano\u00a0 (abre en una nueva pesta\u00f1a)\" href=\"https:\/\/www.alquilerargentina.com\/promociones-imperdibles\/\" target=\"_blank\">ofertas de verano<\/a><\/strong>\u00a1No te los pierdas! <\/p>\n\n\n\n<h2 class=\"wp-block-heading\">Caba\u00f1as en Miramar<\/h2>\n\n\n\n<p>El mejor lugar para relajarte y disfrutar de un lugar tranquilo en estas vacaciones de verano, est\u00e1 en la bella ciudad costera de <strong><a rel=\"noreferrer noopener\" aria-label=\"Miramar.  (abre en una nueva pesta\u00f1a)\" href=\"https:\/\/www.alquilerargentina.com\/Buenos-Aires\/Miramar\/?itm_source=blog&amp;itm_medium=ofertas&amp;itm_campaign=ofertas_segunda_quincena&amp;itm_content=miramar\" target=\"_blank\">Miramar.<\/a><\/strong><\/p>\n\n\n\n<figure class=\"wp-block-image\"><img loading=\"lazy\" decoding=\"async\" width=\"1000\" height=\"700\" src=\"http:\/\/blog.alquilerargentina.com\/wp-content\/uploads\/2019\/12\/portada-segunda-quincena.jpg-caba\u00f1as-villa-la-so\u00f1ada-1.jpg\" alt=\"\" class=\"wp-image-36472\" srcset=\"https:\/\/blog3.alquilerargentina.com\/wp-content\/uploads\/2019\/12\/portada-segunda-quincena.jpg-caba\u00f1as-villa-la-so\u00f1ada-1.jpg 1000w, https:\/\/blog3.alquilerargentina.com\/wp-content\/uploads\/2019\/12\/portada-segunda-quincena.jpg-caba\u00f1as-villa-la-so\u00f1ada-1-300x210.jpg 300w, https:\/\/blog3.alquilerargentina.com\/wp-content\/uploads\/2019\/12\/portada-segunda-quincena.jpg-caba\u00f1as-villa-la-so\u00f1ada-1-768x538.jpg 768w\" sizes=\"(max-width: 1000px) 100vw, 1000px\" \/><\/figure>\n\n\n\n<p><strong><a href=\"https:\/\/www.alquilerargentina.com\/alojamientos\/zl89-Caba%C3%B1a-Caba%C3%B1as-Villa-La-So%C3%B1ada-Miramar.html?itm_source=blog&amp;itm_medium=ofertas&amp;itm_campaign=ofertas_segunda_quincena&amp;itm_content=miramar\" target=\"_blank\" rel=\"noreferrer noopener\" aria-label=\" (abre en una nueva pesta\u00f1a)\">Caba\u00f1as Villa La So\u00f1ada<\/a><\/strong> ofrece 2 alojamientos preparados para 4\/5 personas. Cada unidad cuenta con 1 dormitorio, 1 ba\u00f1o, entrada de auto. Se ofrecen servicios de Internet, ropa blanca, ropa de cama y todo lo necesario para relajarte logrando una gran estad\u00eda. <\/p>\n\n\n\n<figure class=\"wp-block-image\"><img loading=\"lazy\" decoding=\"async\" width=\"1000\" height=\"700\" src=\"http:\/\/blog.alquilerargentina.com\/wp-content\/uploads\/2019\/12\/portada-segunda-quincena.jpg-caba\u00f1as-villa-la-so\u00f1ada-4.jpg\" alt=\"\" class=\"wp-image-36473\" srcset=\"https:\/\/blog3.alquilerargentina.com\/wp-content\/uploads\/2019\/12\/portada-segunda-quincena.jpg-caba\u00f1as-villa-la-so\u00f1ada-4.jpg 1000w, https:\/\/blog3.alquilerargentina.com\/wp-content\/uploads\/2019\/12\/portada-segunda-quincena.jpg-caba\u00f1as-villa-la-so\u00f1ada-4-300x210.jpg 300w, https:\/\/blog3.alquilerargentina.com\/wp-content\/uploads\/2019\/12\/portada-segunda-quincena.jpg-caba\u00f1as-villa-la-so\u00f1ada-4-768x538.jpg 768w\" sizes=\"(max-width: 1000px) 100vw, 1000px\" \/><\/figure>\n\n\n\n<p>Alojate en <strong><a href=\"https:\/\/www.alquilerargentina.com\/alojamientos\/zl89-Caba%C3%B1a-Caba%C3%B1as-Villa-La-So%C3%B1ada-Miramar.html?itm_source=blog&amp;itm_medium=ofertas&amp;itm_campaign=ofertas_segunda_quincena&amp;itm_content=miramar\">Caba\u00f1as Villa la So\u00f1ada <\/a><\/strong>desde<strong> $3.500 <\/strong>por noche o aprovech\u00e1 esta incre\u00edble oferta: <strong>3 d\u00edas desde el 16 al 19 de enero por $12.600 para 5 personas.  <\/strong><\/p>\n\n\n\n<h2 class=\"wp-block-heading\">Casa en Villa del Lago<\/h2>\n\n\n\n<p>A s\u00f3lo 10 minutos del centro de Villa Carlos Paz, en <strong><a rel=\"noreferrer noopener\" aria-label=\" (abre en una nueva pesta\u00f1a)\" href=\"https:\/\/www.alquilerargentina.com\/C%C3%B3rdoba\/Villa-Del-Lago\/?itm_source=blog&amp;itm_medium=ofertas&amp;itm_campaign=ofertas_segunda_quincena&amp;itm_content=villa_del_lago\" target=\"_blank\">Villa del Lago<\/a><\/strong> te espera un alojamiento con todo lo necesario para pasar un verano en familia.<\/p>\n\n\n\n<figure class=\"wp-block-image\"><img loading=\"lazy\" decoding=\"async\" width=\"1000\" height=\"700\" src=\"http:\/\/blog.alquilerargentina.com\/wp-content\/uploads\/2019\/12\/portada-segunda-quincena.jpg-casa-de-h\u00e9ctor-1.jpg\" alt=\"\" class=\"wp-image-36467\" srcset=\"https:\/\/blog3.alquilerargentina.com\/wp-content\/uploads\/2019\/12\/portada-segunda-quincena.jpg-casa-de-h\u00e9ctor-1.jpg 1000w, https:\/\/blog3.alquilerargentina.com\/wp-content\/uploads\/2019\/12\/portada-segunda-quincena.jpg-casa-de-h\u00e9ctor-1-300x210.jpg 300w, https:\/\/blog3.alquilerargentina.com\/wp-content\/uploads\/2019\/12\/portada-segunda-quincena.jpg-casa-de-h\u00e9ctor-1-768x538.jpg 768w\" sizes=\"(max-width: 1000px) 100vw, 1000px\" \/><\/figure>\n\n\n\n<p><strong><a href=\"https:\/\/www.alquilerargentina.com\/alojamientos\/tn81-Casa-Casa-de-Hector-Villa-del-Lago-Villa-Carlos-Paz.html?itm_source=blog&amp;itm_medium=ofertas&amp;itm_campaign=ofertas_segunda_quincena&amp;itm_content=villa_del_lago\" target=\"_blank\" rel=\"noreferrer noopener\" aria-label=\"Casa de H\u00e9ctor (abre en una nueva pesta\u00f1a)\">Casa de H\u00e9ctor<\/a><\/strong> es un hermoso y completo alojamiento preparado para alojar de 4 a 7 personas. Ofrece 3 dormitorios, 2 ba\u00f1os, pileta, cochera, quincho, asador, alarma, televisi\u00f3n, heladera, lavarropas y microondas. Es muy importante tener en cuenta que no se ofrecen servicios de Internet, ropa blanca y ropa de cama. <\/p>\n\n\n\n<figure class=\"wp-block-image\"><img loading=\"lazy\" decoding=\"async\" width=\"1000\" height=\"700\" src=\"http:\/\/blog.alquilerargentina.com\/wp-content\/uploads\/2019\/12\/portada-segunda-quincena.jpg-casa-de-hector-2.jpg\" alt=\"\" class=\"wp-image-36468\" srcset=\"https:\/\/blog3.alquilerargentina.com\/wp-content\/uploads\/2019\/12\/portada-segunda-quincena.jpg-casa-de-hector-2.jpg 1000w, https:\/\/blog3.alquilerargentina.com\/wp-content\/uploads\/2019\/12\/portada-segunda-quincena.jpg-casa-de-hector-2-300x210.jpg 300w, https:\/\/blog3.alquilerargentina.com\/wp-content\/uploads\/2019\/12\/portada-segunda-quincena.jpg-casa-de-hector-2-768x538.jpg 768w\" sizes=\"(max-width: 1000px) 100vw, 1000px\" \/><\/figure>\n\n\n\n<p>Hac\u00e9 tu reserva en <strong><a rel=\"noreferrer noopener\" aria-label=\"Casa de H\u00e9ctor (abre en una nueva pesta\u00f1a)\" href=\"https:\/\/www.alquilerargentina.com\/alojamientos\/tn81-Casa-Casa-de-Hector-Villa-del-Lago-Villa-Carlos-Paz.html?itm_source=blog&amp;itm_medium=ofertas&amp;itm_campaign=ofertas_segunda_quincena&amp;itm_content=villa_del_lago\" target=\"_blank\">Casa de H\u00e9ctor<\/a> <\/strong>desde<strong> $7.800 <\/strong>por noche o teniendo en cuenta la siguiente oferta para la segunda quincena de enero:<strong> 4 noches por $31.200 finales para 6 personas desde el 15 al 19 de enero. <\/strong><\/p>\n\n\n\n<h2 class=\"wp-block-heading\">Casas en Los Reartes<\/h2>\n\n\n\n<p>Los Reartes es sin duda alguna,vuno de los destinos m\u00e1s lindos del Valle de Calamuchita. Esteverano 2020 tenemos un alojamiento perfecto para disfrutar de la naturaleza y las vacaciones de la mejor manera. <\/p>\n\n\n\n<figure class=\"wp-block-image\"><img loading=\"lazy\" decoding=\"async\" width=\"1000\" height=\"700\" src=\"http:\/\/blog.alquilerargentina.com\/wp-content\/uploads\/2019\/12\/portada-segunda-quincena.jpg-interior-casa-gris.jpg\" alt=\"\" class=\"wp-image-36469\" srcset=\"https:\/\/blog3.alquilerargentina.com\/wp-content\/uploads\/2019\/12\/portada-segunda-quincena.jpg-interior-casa-gris.jpg 1000w, https:\/\/blog3.alquilerargentina.com\/wp-content\/uploads\/2019\/12\/portada-segunda-quincena.jpg-interior-casa-gris-300x210.jpg 300w, https:\/\/blog3.alquilerargentina.com\/wp-content\/uploads\/2019\/12\/portada-segunda-quincena.jpg-interior-casa-gris-768x538.jpg 768w\" sizes=\"(max-width: 1000px) 100vw, 1000px\" \/><\/figure>\n\n\n\n<p><strong><a href=\"https:\/\/www.alquilerargentina.com\/alojamientos\/qf67-Casa-Casa-Mi-Lugar-Los-Reartes.html?itm_source=blog&amp;itm_medium=ofertas&amp;itm_campaign=ofertas_segunda_quincena&amp;itm_content=los_reartes\" target=\"_blank\" rel=\"noreferrer noopener\" aria-label=\"Casas Mi Lugar  (abre en una nueva pesta\u00f1a)\">Casas Mi Lugar <\/a><\/strong>ofrecen dos unidades para alquilar durante todo el a\u00f1o. A continuaci\u00f3n te contamos lo que cada alojamiento brinda a los turistas:<\/p>\n\n\n\n<ul><li><strong>Casa Gris<\/strong>: 2 dormitorios, 2 ba\u00f1os y preparada para alojar hasta 6 personas. <\/li><li><strong>Casa Bord\u00f3<\/strong>: 3 dormitorios, 3 ba\u00f1os y lista para alojar hasta 8 personas.<\/li><\/ul>\n\n\n\n<figure class=\"wp-block-image\"><img loading=\"lazy\" decoding=\"async\" width=\"1000\" height=\"700\" src=\"http:\/\/blog.alquilerargentina.com\/wp-content\/uploads\/2019\/12\/portada-segunda-quincena.jpg-casa-bordo-los-reartes.jpg\" alt=\"\" class=\"wp-image-36470\" srcset=\"https:\/\/blog3.alquilerargentina.com\/wp-content\/uploads\/2019\/12\/portada-segunda-quincena.jpg-casa-bordo-los-reartes.jpg 1000w, https:\/\/blog3.alquilerargentina.com\/wp-content\/uploads\/2019\/12\/portada-segunda-quincena.jpg-casa-bordo-los-reartes-300x210.jpg 300w, https:\/\/blog3.alquilerargentina.com\/wp-content\/uploads\/2019\/12\/portada-segunda-quincena.jpg-casa-bordo-los-reartes-768x538.jpg 768w\" sizes=\"(max-width: 1000px) 100vw, 1000px\" \/><\/figure>\n\n\n\n<p>Ambas unidades est\u00e1n totalmente equipadas, comparten terreno, tienen pileta, cochera techada para 3 autos, la posibilidad de alojar mascotas, asador, aire acondicionado, heladera, calefacci\u00f3n y servicio de Internet Wi-Fi. <\/p>\n\n\n\n<figure class=\"wp-block-image\"><img loading=\"lazy\" decoding=\"async\" width=\"1000\" height=\"700\" src=\"http:\/\/blog.alquilerargentina.com\/wp-content\/uploads\/2019\/12\/portada-segunda-quincena.jpg-casa-gris.jpg\" alt=\"\" class=\"wp-image-36471\" srcset=\"https:\/\/blog3.alquilerargentina.com\/wp-content\/uploads\/2019\/12\/portada-segunda-quincena.jpg-casa-gris.jpg 1000w, https:\/\/blog3.alquilerargentina.com\/wp-content\/uploads\/2019\/12\/portada-segunda-quincena.jpg-casa-gris-300x210.jpg 300w, https:\/\/blog3.alquilerargentina.com\/wp-content\/uploads\/2019\/12\/portada-segunda-quincena.jpg-casa-gris-768x538.jpg 768w\" sizes=\"(max-width: 1000px) 100vw, 1000px\" \/><\/figure>\n\n\n\n<p>Alojate en<strong><a href=\"https:\/\/www.alquilerargentina.com\/alojamientos\/qf67-Casa-Casa-Mi-Lugar-Los-Reartes.html?itm_source=blog&amp;itm_medium=ofertas&amp;itm_campaign=ofertas_segunda_quincena&amp;itm_content=los_reartes\" target=\"_blank\" rel=\"noreferrer noopener\" aria-label=\" (abre en una nueva pesta\u00f1a)\">Casas Mi Lugar<\/a><\/strong><a href=\"https:\/\/www.alquilerargentina.com\/alojamientos\/qf67-Casa-Casa-Mi-Lugar-Los-Reartes.html?itm_source=blog&amp;itm_medium=ofertas&amp;itm_campaign=ofertas_segunda_quincena&amp;itm_content=los_reartes\" target=\"_blank\" rel=\"noreferrer noopener\" aria-label=\" (abre en una nueva pesta\u00f1a)\"> <\/a>desde <strong>$4.300<\/strong> por noche o teniendo en cuenta la siguiente oferta: <strong>$75.000<\/strong> <strong>finales por 12 d\u00edas desde el 15 al 27 de enero. <\/strong><\/p>\n\n\n\n<h2 class=\"wp-block-heading\">Caba\u00f1as en Villa de Merlo<\/h2>\n\n\n\n<p>San Luis cuenta con muchos destinos para tu verano, pero en esta oportunidad de queremos mostrar d\u00f3nde disfrutar de tus vacaciones en <strong><a href=\"https:\/\/www.alquilerargentina.com\/San-Luis\/Villa-De-Merlo\/?itm_source=blog&amp;itm_medium=ofertas&amp;itm_campaign=ofertas_segunda_quincena&amp;itm_content=villa_de_merlo\" target=\"_blank\" rel=\"noreferrer noopener\" aria-label=\"Villa de Merlo. (abre en una nueva pesta\u00f1a)\">Villa de Merlo.<\/a> <\/strong><\/p>\n\n\n\n<figure class=\"wp-block-image\"><img loading=\"lazy\" decoding=\"async\" width=\"1000\" height=\"700\" src=\"http:\/\/blog.alquilerargentina.com\/wp-content\/uploads\/2019\/12\/portada-segunda-quincena.villa-de-merlo.jpg\" alt=\"\" class=\"wp-image-36474\" srcset=\"https:\/\/blog3.alquilerargentina.com\/wp-content\/uploads\/2019\/12\/portada-segunda-quincena.villa-de-merlo.jpg 1000w, https:\/\/blog3.alquilerargentina.com\/wp-content\/uploads\/2019\/12\/portada-segunda-quincena.villa-de-merlo-300x210.jpg 300w, https:\/\/blog3.alquilerargentina.com\/wp-content\/uploads\/2019\/12\/portada-segunda-quincena.villa-de-merlo-768x538.jpg 768w\" sizes=\"(max-width: 1000px) 100vw, 1000px\" \/><\/figure>\n\n\n\n<p><strong><a rel=\"noreferrer noopener\" aria-label=\"Caba\u00f1as y d\u00faplex Nona Olga  (abre en una nueva pesta\u00f1a)\" href=\"https:\/\/www.alquilerargentina.com\/alojamientos\/mh70-Caba%C3%B1a-Caba%C3%B1as-Nona-Olga-Villa-De-Merlo.html?itm_source=blog&amp;itm_medium=ofertas&amp;itm_campaign=ofertas_segunda_quincena&amp;itm_content=villa_de_merlo\" target=\"_blank\">Caba\u00f1as y d\u00faplex Nona Olga <\/a><\/strong>est\u00e1n ubicadas a pocas cuadras del centro de Villa de Merlo y tienen muy buena vista a las Sierras de los Comechingones. Son 5 unidades que cuentan con todas las comodidades necesarias. Tienen hasta 3 dormitorios y capacidad para alojar hasta 8 personas dependiendo de la unidad elegida. <\/p>\n\n\n\n<figure class=\"wp-block-image\"><img loading=\"lazy\" decoding=\"async\" width=\"1000\" height=\"700\" src=\"http:\/\/blog.alquilerargentina.com\/wp-content\/uploads\/2019\/12\/portada-segunda-quincena.jpg-villa-de-merlo-2.jpg\" alt=\"\" class=\"wp-image-36475\" srcset=\"https:\/\/blog3.alquilerargentina.com\/wp-content\/uploads\/2019\/12\/portada-segunda-quincena.jpg-villa-de-merlo-2.jpg 1000w, https:\/\/blog3.alquilerargentina.com\/wp-content\/uploads\/2019\/12\/portada-segunda-quincena.jpg-villa-de-merlo-2-300x210.jpg 300w, https:\/\/blog3.alquilerargentina.com\/wp-content\/uploads\/2019\/12\/portada-segunda-quincena.jpg-villa-de-merlo-2-768x538.jpg 768w\" sizes=\"(max-width: 1000px) 100vw, 1000px\" \/><\/figure>\n\n\n\n<p>Hac\u00e9 tu reserva en <strong><a rel=\"noreferrer noopener\" aria-label=\"Caba\u00f1as y d\u00faplex Nona Olga (abre en una nueva pesta\u00f1a)\" href=\"https:\/\/www.alquilerargentina.com\/alojamientos\/mh70-Caba%C3%B1a-Caba%C3%B1as-Nona-Olga-Villa-De-Merlo.html?itm_source=blog&amp;itm_medium=ofertas&amp;itm_campaign=ofertas_segunda_quincena&amp;itm_content=villa_de_merlo\" target=\"_blank\">Caba\u00f1as y d\u00faplex Nona Olga<\/a><\/strong> desde <strong>$1.800<\/strong> por noche o teniendo en cuenta la siguiente oferta para enero: <strong>4 d\u00edas desde el 16 al 20 de enero por $12.000 finales. <\/strong><\/p>\n\n\n\n<p><a href=\"https:\/\/www.alquilerargentina.com\/promociones-imperdibles\/\" target=\"_blank\" rel=\"noreferrer noopener\" aria-label=\"Encontr\u00e1 m\u00e1s ofertas para la segunda quincena de enero haciendo click ac\u00e1.  (abre en una nueva pesta\u00f1a)\">Encontr\u00e1 m\u00e1s ofertas para la segunda quincena de enero haciendo click ac\u00e1. <\/a><\/p>\n","protected":false},"excerpt":{"rendered":"<p>El verano comenz\u00f3, y si todav\u00eda no te decidiste por el lugar perfecto para tus&nbsp;vacaciones 2020, te mostramos distintos alojamientos en algunos de los destinos tur\u00edsticos m\u00e1s importantes del pa\u00eds. Disfrutar de las vacaciones de verano\u00a0requiere un trabajo de planificaci\u00f3n y organizaci\u00f3n. Encontrar alojamientos c\u00f3modos y accesibles es esencial, al igual que elegir el momento&#8230;<\/p>\n","protected":false},"author":1,"featured_media":36477,"comment_status":"open","ping_status":"open","sticky":false,"template":"","format":"standard","meta":{"footnotes":""},"categories":[1],"tags":[],"_links":{"self":[{"href":"https:\/\/www.alquilerargentina.com\/blog\/wp-json\/wp\/v2\/posts\/36444"}],"collection":[{"href":"https:\/\/www.alquilerargentina.com\/blog\/wp-json\/wp\/v2\/posts"}],"about":[{"href":"https:\/\/www.alquilerargentina.com\/blog\/wp-json\/wp\/v2\/types\/post"}],"author":[{"embeddable":true,"href":"https:\/\/www.alquilerargentina.com\/blog\/wp-json\/wp\/v2\/users\/1"}],"replies":[{"embeddable":true,"href":"https:\/\/www.alquilerargentina.com\/blog\/wp-json\/wp\/v2\/comments?post=36444"}],"version-history":[{"count":23,"href":"https:\/\/www.alquilerargentina.com\/blog\/wp-json\/wp\/v2\/posts\/36444\/revisions"}],"predecessor-version":[{"id":36535,"href":"https:\/\/www.alquilerargentina.com\/blog\/wp-json\/wp\/v2\/posts\/36444\/revisions\/36535"}],"wp:featuredmedia":[{"embeddable":true,"href":"https:\/\/www.alquilerargentina.com\/blog\/wp-json\/wp\/v2\/media\/36477"}],"wp:attachment":[{"href":"https:\/\/www.alquilerargentina.com\/blog\/wp-json\/wp\/v2\/media?parent=36444"}],"wp:term":[{"taxonomy":"category","embeddable":true,"href":"https:\/\/www.alquilerargentina.com\/blog\/wp-json\/wp\/v2\/categories?post=36444"},{"taxonomy":"post_tag","embeddable":true,"href":"https:\/\/www.alquilerargentina.com\/blog\/wp-json\/wp\/v2\/tags?post=36444"}],"curies":[{"name":"wp","href":"https:\/\/api.w.org\/{rel}","templated":true}]}}