{"id":35918,"date":"2019-12-04T09:42:34","date_gmt":"2019-12-04T12:42:34","guid":{"rendered":"http:\/\/blog.alquilerargentina.com\/?p=35918"},"modified":"2019-12-03T09:44:20","modified_gmt":"2019-12-03T12:44:20","slug":"conoce-todos-los-parques-tematicos-en-la-costa-para-este-verano","status":"publish","type":"post","link":"https:\/\/www.alquilerargentina.com\/blog\/paseos-y-excursiones\/conoce-todos-los-parques-tematicos-en-la-costa-para-este-verano.html","title":{"rendered":"Conoc\u00e9 todos los parques tem\u00e1ticos en la Costa para este verano"},"content":{"rendered":"\n<p><em>En el <strong>Partido de la Costa,<\/strong> <a href=\"https:\/\/www.alquilerargentina.com\/Buenos-Aires\/?itm_source=blog&amp;itm_medium=paseos&amp;itm_campaign=verano_2020_de_parques_tem%C3%A1ticos&amp;itm_content=buenos_aires\" target=\"_blank\" rel=\"noreferrer noopener\" aria-label=\"Buenos Aires (abre en una nueva pesta\u00f1a)\">Buenos Aires<\/a>, te esperan sorprendentes complejos tem\u00e1ticos para disfrutar en familia durante este pr\u00f3ximo <strong>verano 2020<\/strong><\/em><strong>. <\/strong><\/p>\n\n\n\n<figure class=\"wp-block-image\"><img loading=\"lazy\" decoding=\"async\" width=\"1000\" height=\"700\" src=\"http:\/\/blog.alquilerargentina.com\/wp-content\/uploads\/2019\/12\/Conoc\u00e9-todos-los-parques-tem\u00e1ticos-en-la-Costa-para-este-verano.jpg\" alt=\"\" class=\"wp-image-35926\" srcset=\"https:\/\/blog3.alquilerargentina.com\/wp-content\/uploads\/2019\/12\/Conoc\u00e9-todos-los-parques-tem\u00e1ticos-en-la-Costa-para-este-verano.jpg 1000w, https:\/\/blog3.alquilerargentina.com\/wp-content\/uploads\/2019\/12\/Conoc\u00e9-todos-los-parques-tem\u00e1ticos-en-la-Costa-para-este-verano-300x210.jpg 300w, https:\/\/blog3.alquilerargentina.com\/wp-content\/uploads\/2019\/12\/Conoc\u00e9-todos-los-parques-tem\u00e1ticos-en-la-Costa-para-este-verano-768x538.jpg 768w\" sizes=\"(max-width: 1000px) 100vw, 1000px\" \/><\/figure>\n\n\n\n<p>En esta nota conoc\u00e9 todos los <em>parques tem\u00e1ticos en la Costa para este verano. <\/em>Espacios \u00fanicos que combinan juegos con actividades de sol, playa y mar, ideales para el <strong>verano 2020.  <\/strong><\/p>\n\n\n\n<p>A lo largo de 10 kil\u00f3metros, la uni\u00f3n de los parques tem\u00e1ticos<strong> El Laberinto, Costa Salvaje, Costa Acu\u00e1tica, Bosque Aventura <\/strong>y<strong> Atlantic Park<\/strong>, se convierten en los atractivos principales del Partido de la Costa. <\/p>\n\n\n\n<figure class=\"wp-block-image\"><img loading=\"lazy\" decoding=\"async\" width=\"1000\" height=\"700\" src=\"http:\/\/blog.alquilerargentina.com\/wp-content\/uploads\/2019\/12\/Conoc\u00e9-todos-los-parques-tem\u00e1ticos-en-la-Costa-para-este-verano.jpg-atlantic-park.jpg\" alt=\"\" class=\"wp-image-35927\" srcset=\"https:\/\/blog3.alquilerargentina.com\/wp-content\/uploads\/2019\/12\/Conoc\u00e9-todos-los-parques-tem\u00e1ticos-en-la-Costa-para-este-verano.jpg-atlantic-park.jpg 1000w, https:\/\/blog3.alquilerargentina.com\/wp-content\/uploads\/2019\/12\/Conoc\u00e9-todos-los-parques-tem\u00e1ticos-en-la-Costa-para-este-verano.jpg-atlantic-park-300x210.jpg 300w, https:\/\/blog3.alquilerargentina.com\/wp-content\/uploads\/2019\/12\/Conoc\u00e9-todos-los-parques-tem\u00e1ticos-en-la-Costa-para-este-verano.jpg-atlantic-park-768x538.jpg 768w\" sizes=\"(max-width: 1000px) 100vw, 1000px\" \/><\/figure>\n\n\n\n<p>Santiago Picchi, coordinador de los cinco parques, afirm\u00f3 que el prop\u00f3sito final es convertirse un destino de parques principalmente. Esto se debe a que, sumando a los tres ya tradicionales: <strong>Mundo Marino,<\/strong> <strong>Terma<\/strong>s y <strong>Poseid\u00f3n<\/strong>, el Partido de la Costa consta finalmente de 8 parques tem\u00e1ticos.<\/p>\n\n\n\n<figure class=\"wp-block-image\"><img loading=\"lazy\" decoding=\"async\" width=\"1000\" height=\"700\" src=\"http:\/\/blog.alquilerargentina.com\/wp-content\/uploads\/2019\/12\/Conoc\u00e9-todos-los-parques-tem\u00e1ticos-en-la-Costa-para-este-verano.-mundo-marino.jpg\" alt=\"\" class=\"wp-image-35928\" srcset=\"https:\/\/blog3.alquilerargentina.com\/wp-content\/uploads\/2019\/12\/Conoc\u00e9-todos-los-parques-tem\u00e1ticos-en-la-Costa-para-este-verano.-mundo-marino.jpg 1000w, https:\/\/blog3.alquilerargentina.com\/wp-content\/uploads\/2019\/12\/Conoc\u00e9-todos-los-parques-tem\u00e1ticos-en-la-Costa-para-este-verano.-mundo-marino-300x210.jpg 300w, https:\/\/blog3.alquilerargentina.com\/wp-content\/uploads\/2019\/12\/Conoc\u00e9-todos-los-parques-tem\u00e1ticos-en-la-Costa-para-este-verano.-mundo-marino-768x538.jpg 768w\" sizes=\"(max-width: 1000px) 100vw, 1000px\" \/><\/figure>\n\n\n\n<p>La iniciativa tuvo su lanzamiento oficial para el segmento de turismo estudiantil, en la \u00faltima edici\u00f3n de la <em>Feria Internacional de Turismo<\/em> de <a href=\"https:\/\/www.alquilerargentina.com\/Buenos-Aires\/?itm_source=blog&amp;itm_medium=paseos&amp;itm_campaign=verano_2020_de_parques_tem%C3%A1ticos&amp;itm_content=buenos_aires\" target=\"_blank\" rel=\"noreferrer noopener\" aria-label=\"Buenos Aires (abre en una nueva pesta\u00f1a)\">Buenos Aires<\/a>, realizada a  principios de mes. <\/p>\n\n\n\n<p>Adem\u00e1s, Picchi asegur\u00f3 que la cercan\u00eda de un parque a otro permite que el visitante en temporada pueda recorrer uno diario o dos parques por d\u00eda. Se pueden comprar los paquetes para los cinco parques, pero para el lanzamiento dirigido al turismo estudiantil, tanto en viaje de egresados como para colegios, en 2020 se utilizar\u00e1 tambi\u00e9n la modalidad de entregar, a quienes visiten un parque, un voucher con descuento para los otros cuatro.<\/p>\n\n\n\n<figure class=\"wp-block-image\"><img loading=\"lazy\" decoding=\"async\" width=\"1000\" height=\"700\" src=\"http:\/\/blog.alquilerargentina.com\/wp-content\/uploads\/2019\/12\/Conoc\u00e9-todos-los-parques-tem\u00e1ticos-en-la-Costa-para-este-verano-bosque-aventura.jpg\" alt=\"\" class=\"wp-image-35929\" srcset=\"https:\/\/blog3.alquilerargentina.com\/wp-content\/uploads\/2019\/12\/Conoc\u00e9-todos-los-parques-tem\u00e1ticos-en-la-Costa-para-este-verano-bosque-aventura.jpg 1000w, https:\/\/blog3.alquilerargentina.com\/wp-content\/uploads\/2019\/12\/Conoc\u00e9-todos-los-parques-tem\u00e1ticos-en-la-Costa-para-este-verano-bosque-aventura-300x210.jpg 300w, https:\/\/blog3.alquilerargentina.com\/wp-content\/uploads\/2019\/12\/Conoc\u00e9-todos-los-parques-tem\u00e1ticos-en-la-Costa-para-este-verano-bosque-aventura-768x538.jpg 768w\" sizes=\"(max-width: 1000px) 100vw, 1000px\" \/><\/figure>\n\n\n\n<h3 class=\"wp-block-heading\">Para tener en cuenta<\/h3>\n\n\n\n<p>Durane diciembre va a estar abierto <strong>Costa Acu\u00e1tica<\/strong>, que tiene el tobog\u00e1n m\u00e1s alto de la costa atl\u00e1ntica, y el a\u00f1o pr\u00f3ximo lo estar\u00e1 <strong>Costa Salvaje,<\/strong> con sus dinosaurios, animatronics, y plaza blanda para los m\u00e1s peque\u00f1os, entre otras atracciones. <\/p>\n\n\n\n<figure class=\"wp-block-image\"><img loading=\"lazy\" decoding=\"async\" width=\"1000\" height=\"700\" src=\"http:\/\/blog.alquilerargentina.com\/wp-content\/uploads\/2019\/12\/Conoc\u00e9-todos-los-parques-tem\u00e1ticos-en-la-Costa-para-este-verano-parque-de-noche.jpg\" alt=\"\" class=\"wp-image-35930\" srcset=\"https:\/\/blog3.alquilerargentina.com\/wp-content\/uploads\/2019\/12\/Conoc\u00e9-todos-los-parques-tem\u00e1ticos-en-la-Costa-para-este-verano-parque-de-noche.jpg 1000w, https:\/\/blog3.alquilerargentina.com\/wp-content\/uploads\/2019\/12\/Conoc\u00e9-todos-los-parques-tem\u00e1ticos-en-la-Costa-para-este-verano-parque-de-noche-300x210.jpg 300w, https:\/\/blog3.alquilerargentina.com\/wp-content\/uploads\/2019\/12\/Conoc\u00e9-todos-los-parques-tem\u00e1ticos-en-la-Costa-para-este-verano-parque-de-noche-768x538.jpg 768w\" sizes=\"(max-width: 1000px) 100vw, 1000px\" \/><\/figure>\n\n\n\n<p>Por su parte, tanto <strong>Atlantic Park <\/strong>como el Laberinto ofrecen juegos nocturnos con atracciones para grandes y chicos, como la recorrida por las sendas que se cruzan a la luz de la linterna. <\/p>\n\n\n\n<figure class=\"wp-block-image\"><img loading=\"lazy\" decoding=\"async\" width=\"1000\" height=\"700\" src=\"http:\/\/blog.alquilerargentina.com\/wp-content\/uploads\/2019\/12\/Conoc\u00e9-todos-los-parques-tem\u00e1ticos-en-la-Costa-para-este-verano-disfrutar.jpg\" alt=\"\" class=\"wp-image-35931\" srcset=\"https:\/\/blog3.alquilerargentina.com\/wp-content\/uploads\/2019\/12\/Conoc\u00e9-todos-los-parques-tem\u00e1ticos-en-la-Costa-para-este-verano-disfrutar.jpg 1000w, https:\/\/blog3.alquilerargentina.com\/wp-content\/uploads\/2019\/12\/Conoc\u00e9-todos-los-parques-tem\u00e1ticos-en-la-Costa-para-este-verano-disfrutar-300x210.jpg 300w, https:\/\/blog3.alquilerargentina.com\/wp-content\/uploads\/2019\/12\/Conoc\u00e9-todos-los-parques-tem\u00e1ticos-en-la-Costa-para-este-verano-disfrutar-768x538.jpg 768w\" sizes=\"(max-width: 1000px) 100vw, 1000px\" \/><\/figure>\n\n\n\n<p><em><a href=\"https:\/\/www.alquilerargentina.com\/Buenos-Aires\/?itm_source=blog&amp;itm_medium=paseos&amp;itm_campaign=verano_2020_de_parques_tem%C3%A1ticos&amp;itm_content=buenos_aires\" target=\"_blank\" rel=\"noreferrer noopener\" aria-label=\"Sin duda alguna, si este verano visit\u00e1s el Partido de la Costa, no dejes de recorrer estos incre\u00edbles parques tem\u00e1ticos.  (abre en una nueva pesta\u00f1a)\">Sin duda alguna, si este verano visit\u00e1s el Partido de la Costa, no dejes de recorrer estos incre\u00edbles parques tem\u00e1ticos. <\/a><\/em><\/p>\n","protected":false},"excerpt":{"rendered":"<p>En el Partido de la Costa, Buenos Aires, te esperan sorprendentes complejos tem\u00e1ticos para disfrutar en familia durante este pr\u00f3ximo verano 2020. En esta nota conoc\u00e9 todos los parques tem\u00e1ticos en la Costa para este verano. Espacios \u00fanicos que combinan juegos con actividades de sol, playa y mar, ideales para el verano 2020. A lo&#8230;<\/p>\n","protected":false},"author":1,"featured_media":35924,"comment_status":"open","ping_status":"open","sticky":false,"template":"","format":"standard","meta":{"footnotes":""},"categories":[3588],"tags":[],"_links":{"self":[{"href":"https:\/\/www.alquilerargentina.com\/blog\/wp-json\/wp\/v2\/posts\/35918"}],"collection":[{"href":"https:\/\/www.alquilerargentina.com\/blog\/wp-json\/wp\/v2\/posts"}],"about":[{"href":"https:\/\/www.alquilerargentina.com\/blog\/wp-json\/wp\/v2\/types\/post"}],"author":[{"embeddable":true,"href":"https:\/\/www.alquilerargentina.com\/blog\/wp-json\/wp\/v2\/users\/1"}],"replies":[{"embeddable":true,"href":"https:\/\/www.alquilerargentina.com\/blog\/wp-json\/wp\/v2\/comments?post=35918"}],"version-history":[{"count":7,"href":"https:\/\/www.alquilerargentina.com\/blog\/wp-json\/wp\/v2\/posts\/35918\/revisions"}],"predecessor-version":[{"id":35933,"href":"https:\/\/www.alquilerargentina.com\/blog\/wp-json\/wp\/v2\/posts\/35918\/revisions\/35933"}],"wp:featuredmedia":[{"embeddable":true,"href":"https:\/\/www.alquilerargentina.com\/blog\/wp-json\/wp\/v2\/media\/35924"}],"wp:attachment":[{"href":"https:\/\/www.alquilerargentina.com\/blog\/wp-json\/wp\/v2\/media?parent=35918"}],"wp:term":[{"taxonomy":"category","embeddable":true,"href":"https:\/\/www.alquilerargentina.com\/blog\/wp-json\/wp\/v2\/categories?post=35918"},{"taxonomy":"post_tag","embeddable":true,"href":"https:\/\/www.alquilerargentina.com\/blog\/wp-json\/wp\/v2\/tags?post=35918"}],"curies":[{"name":"wp","href":"https:\/\/api.w.org\/{rel}","templated":true}]}}