{"id":35871,"date":"2019-12-02T16:57:50","date_gmt":"2019-12-02T19:57:50","guid":{"rendered":"http:\/\/blog.alquilerargentina.com\/?p=35871"},"modified":"2020-01-10T15:53:13","modified_gmt":"2020-01-10T18:53:13","slug":"5-opciones-en-el-litoral-para-estas-vacaciones-2020","status":"publish","type":"post","link":"https:\/\/www.alquilerargentina.com\/blog\/destinos\/5-opciones-en-el-litoral-para-estas-vacaciones-2020.html","title":{"rendered":"5 opciones en el Litoral para estas vacaciones 2020"},"content":{"rendered":"\n<p><em>Cuando llega el <\/em><strong><em>verano<\/em><\/strong><em>, la<\/em><strong><em> regi\u00f3n del Litoral<\/em><\/strong><em> es perfecta para visitar y disfrutar. Sol, arena, aguas claras, carnaval y chamam\u00e9, son solo algunos de sus mejores atractivos. <\/em><\/p>\n\n\n\n<figure class=\"wp-block-image\"><img loading=\"lazy\" decoding=\"async\" width=\"1000\" height=\"700\" src=\"http:\/\/blog.alquilerargentina.com\/wp-content\/uploads\/2019\/11\/5-opciones-en-el-Litoral-para-estas-vacaciones-2020-portada.jpg\" alt=\"\" class=\"wp-image-35884\" srcset=\"https:\/\/blog3.alquilerargentina.com\/wp-content\/uploads\/2019\/11\/5-opciones-en-el-Litoral-para-estas-vacaciones-2020-portada.jpg 1000w, https:\/\/blog3.alquilerargentina.com\/wp-content\/uploads\/2019\/11\/5-opciones-en-el-Litoral-para-estas-vacaciones-2020-portada-300x210.jpg 300w, https:\/\/blog3.alquilerargentina.com\/wp-content\/uploads\/2019\/11\/5-opciones-en-el-Litoral-para-estas-vacaciones-2020-portada-768x538.jpg 768w\" sizes=\"(max-width: 1000px) 100vw, 1000px\" \/><\/figure>\n\n\n\n<p>Antes de que llegue el <strong>verano<\/strong>, te vamos a mostrar distintos lugares de argentina tanto para disfrutarlo con la familia, en pareja o tambi\u00e9n con amigos. En esta oportunidad, te traemos<strong> 5 opciones en el Litoral para estas vacaciones 2020. <\/strong><\/p>\n\n\n\n<h2 class=\"wp-block-heading\">Termas, playas y carnaval en Entre R\u00edos<\/h2>\n\n\n\n<p>Una de las opciones que<strong><a rel=\"noreferrer noopener\" aria-label=\" Entre R\u00edos (abre en una nueva pesta\u00f1a)\" href=\"https:\/\/www.alquilerargentina.com\/Entre-R%C3%ADos\/?itm_source=blog&amp;itm_medium=destinos&amp;itm_campaign=5_destinos_del_litoral_verano_2020&amp;itm_content=entre_r%C3%ADos\" target=\"_blank\">Entre R\u00edos<\/a><\/strong> brinda para relajarse, olvidarse del estr\u00e9s y la rutina, son sus termas. Ideales para renovar energ\u00edas que ser\u00e1n necesarias para disfrutar al m\u00e1ximo de los carnavales, d\u00edas de playa y r\u00edo.<\/p>\n\n\n\n<figure class=\"wp-block-image\"><img loading=\"lazy\" decoding=\"async\" width=\"1000\" height=\"700\" src=\"http:\/\/blog.alquilerargentina.com\/wp-content\/uploads\/2019\/11\/5-opciones-en-el-Litoral-para-estas-vacaciones-2020-el-palmar.jpg\" alt=\"\" class=\"wp-image-35895\" srcset=\"https:\/\/blog3.alquilerargentina.com\/wp-content\/uploads\/2019\/11\/5-opciones-en-el-Litoral-para-estas-vacaciones-2020-el-palmar.jpg 1000w, https:\/\/blog3.alquilerargentina.com\/wp-content\/uploads\/2019\/11\/5-opciones-en-el-Litoral-para-estas-vacaciones-2020-el-palmar-300x210.jpg 300w, https:\/\/blog3.alquilerargentina.com\/wp-content\/uploads\/2019\/11\/5-opciones-en-el-Litoral-para-estas-vacaciones-2020-el-palmar-768x538.jpg 768w\" sizes=\"(max-width: 1000px) 100vw, 1000px\" \/><\/figure>\n\n\n\n<p>Un lugar que es necesario conocer en esta provincia, es el Parque Nacional el Palmar, el cual alcanza las 8.500 hect\u00e1reas y protege una de las muestras m\u00e1s importantes de palmares de yatay. En su interior se avista una fauna incre\u00edble en donde  carpinteros y carpinchos hasta yacar\u00e9s y vizcachas coexisten de manera pacifica. Hay senderos para caminar, \u00e1reas de camping para descansar, excursiones guiadas, y playas para jornadas de sol.<\/p>\n\n\n\n<figure class=\"wp-block-image\"><img loading=\"lazy\" decoding=\"async\" width=\"1000\" height=\"700\" src=\"http:\/\/blog.alquilerargentina.com\/wp-content\/uploads\/2019\/11\/5-opciones-en-el-Litoral-para-estas-vacaciones-2020-termas.jpg\" alt=\"\" class=\"wp-image-35885\" srcset=\"https:\/\/blog3.alquilerargentina.com\/wp-content\/uploads\/2019\/11\/5-opciones-en-el-Litoral-para-estas-vacaciones-2020-termas.jpg 1000w, https:\/\/blog3.alquilerargentina.com\/wp-content\/uploads\/2019\/11\/5-opciones-en-el-Litoral-para-estas-vacaciones-2020-termas-300x210.jpg 300w, https:\/\/blog3.alquilerargentina.com\/wp-content\/uploads\/2019\/11\/5-opciones-en-el-Litoral-para-estas-vacaciones-2020-termas-768x538.jpg 768w\" sizes=\"(max-width: 1000px) 100vw, 1000px\" \/><\/figure>\n\n\n\n<p>Son once las localidades que ofrecen complejos termales los cuales est\u00e1n abiertos durante todo el a\u00f1o ofreciendo todo tipo de servicios como: alquiler de mallas, toallas, sombrillas y reposeras. Entre la m\u00e1s destacada est\u00e1 <a rel=\"noreferrer noopener\" aria-label=\"Gualeguaych\u00fa, (abre en una nueva pesta\u00f1a)\" href=\"https:\/\/www.alquilerargentina.com\/Entre-R%C3%ADos\/Gualeguaych%C3%BA\/?itm_source=blog&amp;itm_medium=destinos&amp;itm_campaign=5_destinos_del_litoral_verano_2020&amp;itm_content=gualeguaych%C3%BA\" target=\"_blank\"><strong>Gualeguaych\u00fa<\/strong>,<\/a> con dos grandes complejos que lideran la propuesta tur\u00edstica<\/p>\n\n\n\n<h2 class=\"wp-block-heading\"><strong>Recorr\u00e9 la Ciudad de Corrientes<\/strong> <\/h2>\n\n\n\n<p>La<strong> <\/strong><a rel=\"noreferrer noopener\" aria-label=\"Ciudad de Corrientes  (abre en una nueva pesta\u00f1a)\" href=\"https:\/\/www.alquilerargentina.com\/Corrientes\/Ciudad-Corrientes\/?itm_source=blog&amp;itm_medium=destinos&amp;itm_campaign=5_destinos_del_litoral_verano_2020&amp;itm_content=ciudad_corrientes\" target=\"_blank\"><strong>Ciudad de Corrientes<\/strong><\/a>tiene una rica historia que se puede apreciar en los diferentes museos adem\u00e1s de un centro animado y tranquilo con una calle peatonal (Calle Jun\u00edn) y diferentes plazas. Entre los edificios m\u00e1s importantes se destacan la Catedral Nuestra Se\u00f1ora del Rosario, la Casa de Gobierno, el Colegio Nacional, entre otros. <\/p>\n\n\n\n<figure class=\"wp-block-image\"><img loading=\"lazy\" decoding=\"async\" width=\"1000\" height=\"700\" src=\"http:\/\/blog.alquilerargentina.com\/wp-content\/uploads\/2019\/11\/5-opciones-en-el-Litoral-para-estas-vacaciones-2020-corrientes.jpg\" alt=\"\" class=\"wp-image-35888\" srcset=\"https:\/\/blog3.alquilerargentina.com\/wp-content\/uploads\/2019\/11\/5-opciones-en-el-Litoral-para-estas-vacaciones-2020-corrientes.jpg 1000w, https:\/\/blog3.alquilerargentina.com\/wp-content\/uploads\/2019\/11\/5-opciones-en-el-Litoral-para-estas-vacaciones-2020-corrientes-300x210.jpg 300w, https:\/\/blog3.alquilerargentina.com\/wp-content\/uploads\/2019\/11\/5-opciones-en-el-Litoral-para-estas-vacaciones-2020-corrientes-768x538.jpg 768w\" sizes=\"(max-width: 1000px) 100vw, 1000px\" \/><\/figure>\n\n\n\n<p>Uno de los lugares m\u00e1s pintorescos de la ciudad es la Costanera donde los correntinos salen a caminar y pasear y desde donde se obtiene unas hermosas vistas panor\u00e1micas del R\u00edo Paran\u00e1 y del Puente General Belgrano.<\/p>\n\n\n\n<figure class=\"wp-block-image\"><img loading=\"lazy\" decoding=\"async\" width=\"1000\" height=\"700\" src=\"http:\/\/blog.alquilerargentina.com\/wp-content\/uploads\/2019\/11\/5-opciones-en-el-Litoral-para-estas-vacaciones-2020-pesca-corrientes.jpg\" alt=\"\" class=\"wp-image-35890\" srcset=\"https:\/\/blog3.alquilerargentina.com\/wp-content\/uploads\/2019\/11\/5-opciones-en-el-Litoral-para-estas-vacaciones-2020-pesca-corrientes.jpg 1000w, https:\/\/blog3.alquilerargentina.com\/wp-content\/uploads\/2019\/11\/5-opciones-en-el-Litoral-para-estas-vacaciones-2020-pesca-corrientes-300x210.jpg 300w, https:\/\/blog3.alquilerargentina.com\/wp-content\/uploads\/2019\/11\/5-opciones-en-el-Litoral-para-estas-vacaciones-2020-pesca-corrientes-768x538.jpg 768w\" sizes=\"(max-width: 1000px) 100vw, 1000px\" \/><\/figure>\n\n\n\n<h2 class=\"wp-block-heading\">Esteros del Iber\u00e1: naturaleza para todos<\/h2>\n\n\n\n<p>Se encuentran en el centro de la provincia de<a rel=\"noreferrer noopener\" aria-label=\" Corrientes, (abre en una nueva pesta\u00f1a)\" href=\"https:\/\/www.alquilerargentina.com\/Corrientes\/?itm_source=blog&amp;itm_medium=destinos&amp;itm_campaign=5_destinos_del_litoral_verano_2020&amp;itm_content=corrientes\" target=\"_blank\"><strong>Corrientes<\/strong>,<\/a> es una de las \u00e1reas naturales m\u00e1s importantes de Argentina. En los esteros habitan una gran variedad de especies de animales donde se destacan los carpinchos, yacar\u00e9s, ciervos de los pantanos, corzuelas y monos.<\/p>\n\n\n\n<figure class=\"wp-block-image\"><img loading=\"lazy\" decoding=\"async\" width=\"1000\" height=\"700\" src=\"http:\/\/blog.alquilerargentina.com\/wp-content\/uploads\/2019\/11\/5-opciones-en-el-Litoral-para-estas-vacaciones-2020-esteros-del-ibera.jpg\" alt=\"\" class=\"wp-image-35893\" srcset=\"https:\/\/blog3.alquilerargentina.com\/wp-content\/uploads\/2019\/11\/5-opciones-en-el-Litoral-para-estas-vacaciones-2020-esteros-del-ibera.jpg 1000w, https:\/\/blog3.alquilerargentina.com\/wp-content\/uploads\/2019\/11\/5-opciones-en-el-Litoral-para-estas-vacaciones-2020-esteros-del-ibera-300x210.jpg 300w, https:\/\/blog3.alquilerargentina.com\/wp-content\/uploads\/2019\/11\/5-opciones-en-el-Litoral-para-estas-vacaciones-2020-esteros-del-ibera-768x538.jpg 768w\" sizes=\"(max-width: 1000px) 100vw, 1000px\" \/><\/figure>\n\n\n\n<p>Se encuentran en el centro de la provincia de<a rel=\"noreferrer noopener\" aria-label=\" Corrientes, (abre en una nueva pesta\u00f1a)\" href=\"https:\/\/www.alquilerargentina.com\/Corrientes\/?itm_source=blog&amp;itm_medium=destinos&amp;itm_campaign=5_destinos_del_litoral_verano_2020&amp;itm_content=corrientes\" target=\"_blank\"><strong>Corrientes,<\/strong><\/a><strong> <\/strong>es una de las \u00e1reas naturales m\u00e1s importantes de Argentina. En los esteros habitan una gran variedad de especies de animales donde se destacan los carpinchos, yacar\u00e9s, ciervos de los pantanos, corzuelas y monos.<\/p>\n\n\n\n<p>Para visitar los Esteros del Iber\u00e1 se puede hacer base en la poblaci\u00f3n de Colonia Carlos Pellegrini, a 120 km de la ciudad de Mercedes por ruta de ripio en buen estado.<\/p>\n\n\n\n<h2 class=\"wp-block-heading\">Santa Fe: muy cerca del Paran\u00e1<\/h2>\n\n\n\n<p>Nuestra cuarta propuesta para que disfrutes del litoral argentino durante este pr\u00f3ximo verano 2018 es la provincia de<strong><a rel=\"noreferrer noopener\" aria-label=\" Santa Fe. (abre en una nueva pesta\u00f1a)\" href=\"https:\/\/www.alquilerargentina.com\/Santa-Fe\/?itm_source=blog&amp;itm_medium=destinos&amp;itm_campaign=5_destinos_del_litoral_verano_2020&amp;itm_content=santa_fe\" target=\"_blank\">Santa Fe.<\/a><\/strong> Un destino que adem\u00e1s de encontrarse a orillas del r\u00edo Paran\u00e1, cuenta con las popular y atractiva ciudad de <a rel=\"noreferrer noopener\" aria-label=\" Rosario (abre en una nueva pesta\u00f1a)\" href=\"https:\/\/www.alquilerargentina.com\/Santa-Fe\/Rosario\/?itm_source=blog&amp;itm_medium=destinos&amp;itm_campaign=5_destinos_del_litoral_verano_2020&amp;itm_content=rosario\" target=\"_blank\"><strong>Rosario<\/strong><\/a><strong>,<\/strong> la cual conjuga una variedad de atractivos culturales, hist\u00f3ricos y arquitect\u00f3nicos que no te podes perder.<\/p>\n\n\n\n<figure class=\"wp-block-image\"><img loading=\"lazy\" decoding=\"async\" width=\"1000\" height=\"700\" src=\"http:\/\/blog.alquilerargentina.com\/wp-content\/uploads\/2019\/11\/5-opciones-en-el-Litoral-para-estas-vacaciones-2020-santa-fe.jpg\" alt=\"\" class=\"wp-image-35891\" srcset=\"https:\/\/blog3.alquilerargentina.com\/wp-content\/uploads\/2019\/11\/5-opciones-en-el-Litoral-para-estas-vacaciones-2020-santa-fe.jpg 1000w, https:\/\/blog3.alquilerargentina.com\/wp-content\/uploads\/2019\/11\/5-opciones-en-el-Litoral-para-estas-vacaciones-2020-santa-fe-300x210.jpg 300w, https:\/\/blog3.alquilerargentina.com\/wp-content\/uploads\/2019\/11\/5-opciones-en-el-Litoral-para-estas-vacaciones-2020-santa-fe-768x538.jpg 768w\" sizes=\"(max-width: 1000px) 100vw, 1000px\" \/><\/figure>\n\n\n\n<p>Para que tengas en cuenta qu\u00e9 visitar, El Corredor de la Costa es un circuito que no pod\u00e9s dejar de recorrer. Este se extiende por alrededor de 700 km, costeando al Paran\u00e1 y desde la localidad de Reconquista hasta <a rel=\"noreferrer noopener\" aria-label=\"Rosario.  (abre en una nueva pesta\u00f1a)\" href=\"https:\/\/www.alquilerargentina.com\/Santa-Fe\/Rosario\/?itm_source=blog&amp;itm_medium=destinos&amp;itm_campaign=5_destinos_del_litoral_verano_2020&amp;itm_content=rosario\" target=\"_blank\"><strong>Rosario.<\/strong><\/a>Dentro de este recorrido vas a poder encontrarte con diversas propuestas como actividades al aire libre, paseos guiados, avistaje de aves, salidas de pesca, safaris fotogr\u00e1ficos, balnearios y campings.<\/p>\n\n\n\n<h2 class=\"wp-block-heading\">Verano en Misiones<\/h2>\n\n\n\n<p>Uno de sus mayores atractivos de <strong><a rel=\"noreferrer noopener\" aria-label=\" (abre en una nueva pesta\u00f1a)\" href=\"https:\/\/www.alquilerargentina.com\/Misiones\/?itm_source=blog&amp;itm_medium=destinos&amp;itm_campaign=5_destinos_del_litoral_verano_2020&amp;itm_content=misiones\" target=\"_blank\">Misiones<\/a><\/strong>son las Cataratas del Iguaz\u00fa, que adem\u00e1s es una de las actuales Siete Maravillas del Mundo y declaradas por UNESCO Patrimonio Natural de la Humanidad. Esta imponente obra de la naturaleza se ubica dentro del Parque Nacional Iguaz\u00fa y est\u00e1 formada por 75 saltos de entre 50 y 80 metros de altura. Adem\u00e1s de visitar las cataratas vas a poder realizar paseos n\u00e1uticos y safaris por la selva.<\/p>\n\n\n\n<figure class=\"wp-block-image\"><img loading=\"lazy\" decoding=\"async\" width=\"1000\" height=\"700\" src=\"http:\/\/blog.alquilerargentina.com\/wp-content\/uploads\/2019\/11\/5-opciones-en-el-Litoral-para-estas-vacaciones-2020-misione.jpg\" alt=\"\" class=\"wp-image-35892\" srcset=\"https:\/\/blog3.alquilerargentina.com\/wp-content\/uploads\/2019\/11\/5-opciones-en-el-Litoral-para-estas-vacaciones-2020-misione.jpg 1000w, https:\/\/blog3.alquilerargentina.com\/wp-content\/uploads\/2019\/11\/5-opciones-en-el-Litoral-para-estas-vacaciones-2020-misione-300x210.jpg 300w, https:\/\/blog3.alquilerargentina.com\/wp-content\/uploads\/2019\/11\/5-opciones-en-el-Litoral-para-estas-vacaciones-2020-misione-768x538.jpg 768w\" sizes=\"(max-width: 1000px) 100vw, 1000px\" \/><\/figure>\n\n\n\n<p>Dentro de su abanico de opciones, las Ruinas Jesu\u00edticas es otro de los atractivos imperdibles de la regi\u00f3n, entre las cuales se destacan las de San Ignacio Min\u00ed. A ellas se suman otros lugares como Pe\u00f1\u00f3n del Tey\u00fa Cuar\u00e9l, una comunidad aborigen y el lugar ideal para conectarse con la identidad cultural de la zona.<\/p>\n\n\n\n<p>La aventura tambi\u00e9n est\u00e1 presente en Misiones. Si te atrae la idea de realizar una traves\u00eda por la naturaleza a trav\u00e9s de excursiones de aventura, safaris fotogr\u00e1ficos, avistajes y actividades n\u00e1uticas, sin duda alguna, este es tu lugar para veranear.<\/p>\n\n\n\n<p><a rel=\"noreferrer noopener\" aria-label=\"Disfrut\u00e1 del litoral argentino estas pr\u00f3ximas vacaciones de verano 2020 (abre en una nueva pesta\u00f1a)\" href=\"https:\/\/www.alquilerargentina.com\/Corrientes\/Litoral-Argentino\/?itm_source=blog&amp;itm_medium=destinos&amp;itm_campaign=5_destinos_del_litoral_verano_2020&amp;itm_litoral-argentino\" target=\"_blank\"><strong>Disfrut\u00e1 del litoral argentino estas pr\u00f3ximas vacaciones de verano 2020.<\/strong><\/a><\/p>\n","protected":false},"excerpt":{"rendered":"<p>Cuando llega el verano, la regi\u00f3n del Litoral es perfecta para visitar y disfrutar. Sol, arena, aguas claras, carnaval y chamam\u00e9, son solo algunos de sus mejores atractivos. Antes de que llegue el verano, te vamos a mostrar distintos lugares de argentina tanto para disfrutarlo con la familia, en pareja o tambi\u00e9n con amigos. En&#8230;<\/p>\n","protected":false},"author":1,"featured_media":35883,"comment_status":"open","ping_status":"open","sticky":false,"template":"","format":"standard","meta":{"footnotes":""},"categories":[6],"tags":[],"_links":{"self":[{"href":"https:\/\/www.alquilerargentina.com\/blog\/wp-json\/wp\/v2\/posts\/35871"}],"collection":[{"href":"https:\/\/www.alquilerargentina.com\/blog\/wp-json\/wp\/v2\/posts"}],"about":[{"href":"https:\/\/www.alquilerargentina.com\/blog\/wp-json\/wp\/v2\/types\/post"}],"author":[{"embeddable":true,"href":"https:\/\/www.alquilerargentina.com\/blog\/wp-json\/wp\/v2\/users\/1"}],"replies":[{"embeddable":true,"href":"https:\/\/www.alquilerargentina.com\/blog\/wp-json\/wp\/v2\/comments?post=35871"}],"version-history":[{"count":11,"href":"https:\/\/www.alquilerargentina.com\/blog\/wp-json\/wp\/v2\/posts\/35871\/revisions"}],"predecessor-version":[{"id":36829,"href":"https:\/\/www.alquilerargentina.com\/blog\/wp-json\/wp\/v2\/posts\/35871\/revisions\/36829"}],"wp:featuredmedia":[{"embeddable":true,"href":"https:\/\/www.alquilerargentina.com\/blog\/wp-json\/wp\/v2\/media\/35883"}],"wp:attachment":[{"href":"https:\/\/www.alquilerargentina.com\/blog\/wp-json\/wp\/v2\/media?parent=35871"}],"wp:term":[{"taxonomy":"category","embeddable":true,"href":"https:\/\/www.alquilerargentina.com\/blog\/wp-json\/wp\/v2\/categories?post=35871"},{"taxonomy":"post_tag","embeddable":true,"href":"https:\/\/www.alquilerargentina.com\/blog\/wp-json\/wp\/v2\/tags?post=35871"}],"curies":[{"name":"wp","href":"https:\/\/api.w.org\/{rel}","templated":true}]}}