{"id":35384,"date":"2019-10-25T16:18:26","date_gmt":"2019-10-25T19:18:26","guid":{"rendered":"http:\/\/blog.alquilerargentina.com\/?p=35384"},"modified":"2019-10-25T10:29:49","modified_gmt":"2019-10-25T13:29:49","slug":"conociendo-los-pueblos-originarios-del-norte","status":"publish","type":"post","link":"https:\/\/www.alquilerargentina.com\/blog\/paseos-y-excursiones\/conociendo-los-pueblos-originarios-del-norte.html","title":{"rendered":"Conociendo los pueblos originarios del Norte"},"content":{"rendered":"\n<p><em>Hay una posibilidad que va m\u00e1s all\u00e1 en los viajes al norte. El \u00abir m\u00e1s all\u00e1\u00bb es poder experimentar el contacto y el trato con las comunidades locales para que el turista o visitante puede convertirse, al menos por un rato, en un verdadero y aut\u00e9ntico local. Vamos a conocer algunas<\/em><strong><em> experiencias tur\u00edsticas aut\u00e9nticas <\/em><\/strong><em>en el Noroeste argentino. <\/em><\/p>\n\n\n\n<h2 class=\"wp-block-heading\">El inicio del proyecto<\/h2>\n\n\n\n<p><strong><a href=\"https:\/\/www.pueblosoriginales.com\/\">Pueblos Originales<\/a><\/strong> es el proyecto para llevar a cabo estas visitas, y surgi\u00f3 como un proyecto para conectar a las comunidades originarias con las \u00faltimas tendencias en tecnolog\u00eda e innovaci\u00f3n. El objetivo era su inserci\u00f3n en el sistema tur\u00edstico pero distinto a lo que puede ser una explotaci\u00f3n comercialmente cruel e indiferente.<\/p>\n\n\n\n<figure class=\"wp-block-image\"><img loading=\"lazy\" decoding=\"async\" width=\"1000\" height=\"700\" src=\"http:\/\/blog.alquilerargentina.com\/wp-content\/uploads\/2019\/10\/pue.jpg\" alt=\"\" class=\"wp-image-35388\" srcset=\"https:\/\/blog3.alquilerargentina.com\/wp-content\/uploads\/2019\/10\/pue.jpg 1000w, https:\/\/blog3.alquilerargentina.com\/wp-content\/uploads\/2019\/10\/pue-300x210.jpg 300w, https:\/\/blog3.alquilerargentina.com\/wp-content\/uploads\/2019\/10\/pue-768x538.jpg 768w\" sizes=\"(max-width: 1000px) 100vw, 1000px\" \/><\/figure>\n\n\n\n<p>Mientras que la oferta tur\u00edstica de esta regi\u00f3n generalmente se centra en los circuitos tur\u00edsticos tradicionales con el prop\u00f3sito de lograr maximizar la rentabilidad econ\u00f3mica, este proyecto pone el foco en las experiencias vivenciales de transmisi\u00f3n cultural, priorizando a los pueblos ancestrales, poniendo el valor en las comunidades originarias.<\/p>\n\n\n\n<figure class=\"wp-block-image\"><img loading=\"lazy\" decoding=\"async\" width=\"1000\" height=\"700\" src=\"http:\/\/blog.alquilerargentina.com\/wp-content\/uploads\/2019\/10\/ex.jpg\" alt=\"\" class=\"wp-image-35440\" srcset=\"https:\/\/blog3.alquilerargentina.com\/wp-content\/uploads\/2019\/10\/ex.jpg 1000w, https:\/\/blog3.alquilerargentina.com\/wp-content\/uploads\/2019\/10\/ex-300x210.jpg 300w, https:\/\/blog3.alquilerargentina.com\/wp-content\/uploads\/2019\/10\/ex-768x538.jpg 768w\" sizes=\"(max-width: 1000px) 100vw, 1000px\" \/><\/figure>\n\n\n\n<p>Esta plataforma busca darle visibilidad a las experiencias tur\u00edsticas brindadas por los emprendedores locales y socios estrat\u00e9gicos que llevan adelante el proyecto. De esta manera le transmiten al mundo el \u201cJujuy Vivo\u201d, es decir, la<strong> cultura, tradiciones, costumbres, valores, historias de vida y los paisajes <\/strong>a trav\u00e9s de internet, para conectar a los viajeros globales.<\/p>\n\n\n\n<h2 class=\"wp-block-heading\">Algunas posibilidades<\/h2>\n\n\n\n<p>La metodolog\u00eda de trabajo que se usa es \u201c<strong>Carancho en su rancho<\/strong>\u201d y \u201c<strong>Gana-Gana<\/strong>\u201c, lo que significa que<strong> cada uno aporta lo que mejor sabe hacer, realizando de manera seria, con responsabilidad e idoneidad. <\/strong><\/p>\n\n\n\n<p>Esto se disfruta y se vive a trav\u00e9s de las experiencias de Pueblos Originales. Entre los m\u00e1s elegidos est\u00e1n:<\/p>\n\n\n\n<h4 class=\"wp-block-heading\">Finca Flores, Coraz\u00f3n de la Puna<\/h4>\n\n\n\n<p>En El Moreno, un pueblo de la <strong>Puna Juje\u00f1a<\/strong> que est\u00e1 a 3600 m.s.n.m, a los pies del Nevado de Cha\u00f1i, se puede disfrutar de un <strong>d\u00eda de campo<\/strong> junto a Flora, Clemente y su familia. Ellos viven en una finca en el coraz\u00f3n de la Puna, crean artesan\u00edas, cocinan, pastorean y esquilan a sus llamas. La idea es que colabores en sus actividades vivenciando una nueva experiencia.<\/p>\n\n\n\n<figure class=\"wp-block-image\"><img loading=\"lazy\" decoding=\"async\" width=\"1000\" height=\"700\" src=\"http:\/\/blog.alquilerargentina.com\/wp-content\/uploads\/2019\/10\/flor.jpg\" alt=\"\" class=\"wp-image-35439\" srcset=\"https:\/\/blog3.alquilerargentina.com\/wp-content\/uploads\/2019\/10\/flor.jpg 1000w, https:\/\/blog3.alquilerargentina.com\/wp-content\/uploads\/2019\/10\/flor-300x210.jpg 300w, https:\/\/blog3.alquilerargentina.com\/wp-content\/uploads\/2019\/10\/flor-768x538.jpg 768w\" sizes=\"(max-width: 1000px) 100vw, 1000px\" \/><\/figure>\n\n\n\n<h4 class=\"wp-block-heading\">Fuegos Andinos con Jairo<\/h4>\n\n\n\n<p>Esta experiencia consiste en una aventura gastron\u00f3mica, en la cual el turista tiene la oportunidad de cocinar junto a <strong>Jairo Cruz<\/strong>.  \u00ab<em>El Mallmann de la Quebrada de Humahuaca\u00bb<\/em> , en un entorno natural y m\u00e1gico a los pies de la Cuesta de Lip\u00e1n.<\/p>\n\n\n\n<figure class=\"wp-block-image\"><img loading=\"lazy\" decoding=\"async\" width=\"1000\" height=\"700\" src=\"http:\/\/blog.alquilerargentina.com\/wp-content\/uploads\/2019\/10\/jai.jpg\" alt=\"\" class=\"wp-image-35433\" srcset=\"https:\/\/blog3.alquilerargentina.com\/wp-content\/uploads\/2019\/10\/jai.jpg 1000w, https:\/\/blog3.alquilerargentina.com\/wp-content\/uploads\/2019\/10\/jai-300x210.jpg 300w, https:\/\/blog3.alquilerargentina.com\/wp-content\/uploads\/2019\/10\/jai-768x538.jpg 768w\" sizes=\"(max-width: 1000px) 100vw, 1000px\" \/><\/figure>\n\n\n\n<p>Pod\u00e9s disfrutar de la mejor cocina andina, y la compa\u00f1\u00eda de Cupertino, su padre, quien te va a acompa\u00f1ar a recolectar verduras org\u00e1nicas en sus  huertas. La sobremesa llega con las coplas de su madre Santos, con la memoria musical de la zona&#8230;<\/p>\n\n\n\n<h4 class=\"wp-block-heading\">Ceremonia del T\u00e9 Original con Celestina<\/h4>\n\n\n\n<p>Otra experiencia diferente, pero esta vez con Celestina, quien espera a las visitas en su hogar, con el pan reci\u00e9n hecho. Con ella se recorren los <strong>cerros de Tumbaya&nbsp;<\/strong>para luego tomar el t\u00e9, con hierbas propias y \u00fanicas de la Quebrada y la Puna. <\/p>\n\n\n\n<figure class=\"wp-block-image\"><img loading=\"lazy\" decoding=\"async\" width=\"1000\" height=\"700\" src=\"http:\/\/blog.alquilerargentina.com\/wp-content\/uploads\/2019\/10\/tom.jpg\" alt=\"\" class=\"wp-image-35438\" srcset=\"https:\/\/blog3.alquilerargentina.com\/wp-content\/uploads\/2019\/10\/tom.jpg 1000w, https:\/\/blog3.alquilerargentina.com\/wp-content\/uploads\/2019\/10\/tom-300x210.jpg 300w, https:\/\/blog3.alquilerargentina.com\/wp-content\/uploads\/2019\/10\/tom-768x538.jpg 768w\" sizes=\"(max-width: 1000px) 100vw, 1000px\" \/><\/figure>\n\n\n\n<h4 class=\"wp-block-heading\">Especias del Norte con Celestina<\/h4>\n\n\n\n<p>De la mano de Celestina, nuevamente, la combinaci\u00f3n \u00fanica e irrepetible entre clase de cocina y degustaci\u00f3n de men\u00fa, para los amantes de la gastronom\u00eda local. <\/p>\n\n\n\n<figure class=\"wp-block-image\"><img loading=\"lazy\" decoding=\"async\" width=\"1000\" height=\"700\" src=\"http:\/\/blog.alquilerargentina.com\/wp-content\/uploads\/2019\/10\/espe.jpg\" alt=\"\" class=\"wp-image-35436\" srcset=\"https:\/\/blog3.alquilerargentina.com\/wp-content\/uploads\/2019\/10\/espe.jpg 1000w, https:\/\/blog3.alquilerargentina.com\/wp-content\/uploads\/2019\/10\/espe-300x210.jpg 300w, https:\/\/blog3.alquilerargentina.com\/wp-content\/uploads\/2019\/10\/espe-768x538.jpg 768w\" sizes=\"(max-width: 1000px) 100vw, 1000px\" \/><\/figure>\n\n\n\n<h4 class=\"wp-block-heading\">Arcilla y Cultura viva con Maby \u2013 Taller de Artesan\u00edas<\/h4>\n\n\n\n<p>En Purmamarca, a media cuadra de la plaza principal quien lleva a cabo la se encuentra Maby, quien realiza alfarer\u00eda gracias a lo que hered\u00f3 de sus abuelas. En su taller, la tierra y el agua se convierten en piezas \u00fanicas, gracias a la explicaci\u00f3n y el proceso que lleva a cabo. <\/p>\n\n\n\n<figure class=\"wp-block-image\"><img loading=\"lazy\" decoding=\"async\" width=\"1000\" height=\"700\" src=\"http:\/\/blog.alquilerargentina.com\/wp-content\/uploads\/2019\/10\/rc.jpg\" alt=\"\" class=\"wp-image-35435\" srcset=\"https:\/\/blog3.alquilerargentina.com\/wp-content\/uploads\/2019\/10\/rc.jpg 1000w, https:\/\/blog3.alquilerargentina.com\/wp-content\/uploads\/2019\/10\/rc-300x210.jpg 300w, https:\/\/blog3.alquilerargentina.com\/wp-content\/uploads\/2019\/10\/rc-768x538.jpg 768w\" sizes=\"(max-width: 1000px) 100vw, 1000px\" \/><\/figure>\n\n\n\n<p>\u00a1Disfrut\u00e1 una experiencia diferente en el norte!<\/p>\n","protected":false},"excerpt":{"rendered":"<p>Hay una posibilidad que va m\u00e1s all\u00e1 en los viajes al norte. El \u00abir m\u00e1s all\u00e1\u00bb es poder experimentar el contacto y el trato con las comunidades locales para que el turista o visitante puede convertirse, al menos por un rato, en un verdadero y aut\u00e9ntico local. Vamos a conocer algunas experiencias tur\u00edsticas aut\u00e9nticas en&#8230;<\/p>\n","protected":false},"author":1,"featured_media":35429,"comment_status":"open","ping_status":"open","sticky":false,"template":"","format":"standard","meta":{"footnotes":""},"categories":[3588],"tags":[],"_links":{"self":[{"href":"https:\/\/www.alquilerargentina.com\/blog\/wp-json\/wp\/v2\/posts\/35384"}],"collection":[{"href":"https:\/\/www.alquilerargentina.com\/blog\/wp-json\/wp\/v2\/posts"}],"about":[{"href":"https:\/\/www.alquilerargentina.com\/blog\/wp-json\/wp\/v2\/types\/post"}],"author":[{"embeddable":true,"href":"https:\/\/www.alquilerargentina.com\/blog\/wp-json\/wp\/v2\/users\/1"}],"replies":[{"embeddable":true,"href":"https:\/\/www.alquilerargentina.com\/blog\/wp-json\/wp\/v2\/comments?post=35384"}],"version-history":[{"count":14,"href":"https:\/\/www.alquilerargentina.com\/blog\/wp-json\/wp\/v2\/posts\/35384\/revisions"}],"predecessor-version":[{"id":35450,"href":"https:\/\/www.alquilerargentina.com\/blog\/wp-json\/wp\/v2\/posts\/35384\/revisions\/35450"}],"wp:featuredmedia":[{"embeddable":true,"href":"https:\/\/www.alquilerargentina.com\/blog\/wp-json\/wp\/v2\/media\/35429"}],"wp:attachment":[{"href":"https:\/\/www.alquilerargentina.com\/blog\/wp-json\/wp\/v2\/media?parent=35384"}],"wp:term":[{"taxonomy":"category","embeddable":true,"href":"https:\/\/www.alquilerargentina.com\/blog\/wp-json\/wp\/v2\/categories?post=35384"},{"taxonomy":"post_tag","embeddable":true,"href":"https:\/\/www.alquilerargentina.com\/blog\/wp-json\/wp\/v2\/tags?post=35384"}],"curies":[{"name":"wp","href":"https:\/\/api.w.org\/{rel}","templated":true}]}}