{"id":35256,"date":"2019-10-22T11:18:16","date_gmt":"2019-10-22T14:18:16","guid":{"rendered":"http:\/\/blog.alquilerargentina.com\/?p=35256"},"modified":"2019-10-22T11:18:18","modified_gmt":"2019-10-22T14:18:18","slug":"un-recorrido-en-tranvia-por-buenos-aires","status":"publish","type":"post","link":"https:\/\/www.alquilerargentina.com\/blog\/paseos-y-excursiones\/un-recorrido-en-tranvia-por-buenos-aires.html","title":{"rendered":"Un recorrido en tranv\u00eda por Buenos Aires"},"content":{"rendered":"\n<p><em>El tranv\u00eda siempre fue sin\u00f3nimo de crecimiento y desarollo de la ciudad de Buenos Aires. Tanto, que muchos barrios se han creado a partir de \u00e9l. Hoy, pod\u00e9s recorrer la ciudad con este medio de transporte, gracias a una posibilidad hermosa para el turismo. Enterate de todo, en esta nota&#8230;<\/em><\/p>\n\n\n\n<h3 class=\"wp-block-heading\">\u201cTramway Hist\u00f3rico de Buenos Aires\u201d<\/h3>\n\n\n\n<p>Si andas por Buenos Aires, ten\u00e9s que saber que todos los fines de semana y feriados hay un <strong>Tramway<\/strong> que recorre el <strong>barrio de Caballito<\/strong> llevando de manera <strong>GRATIS<\/strong>&nbsp;a todos los que quieran pasear en \u00e9l.<\/p>\n\n\n\n<figure class=\"wp-block-image\"><img loading=\"lazy\" decoding=\"async\" width=\"1000\" height=\"700\" src=\"http:\/\/blog.alquilerargentina.com\/wp-content\/uploads\/2019\/10\/reco.jpg\" alt=\"\" class=\"wp-image-35372\" srcset=\"https:\/\/blog3.alquilerargentina.com\/wp-content\/uploads\/2019\/10\/reco.jpg 1000w, https:\/\/blog3.alquilerargentina.com\/wp-content\/uploads\/2019\/10\/reco-300x210.jpg 300w, https:\/\/blog3.alquilerargentina.com\/wp-content\/uploads\/2019\/10\/reco-768x538.jpg 768w\" sizes=\"(max-width: 1000px) 100vw, 1000px\" \/><\/figure>\n\n\n\n<p>Los tranv\u00edas\u00a0<strong>parten cada 25 minutos<\/strong> desde la \u00fanica parada de la l\u00ednea situada en la calle Emilio Mitre al 500 esq. Jos\u00e9 Bonifacio. El recorrido dura 2 kil\u00f3metros, de los que alguna vez fueron 900.<\/p>\n\n\n\n<p>De&nbsp;<strong>diciembre a marzo<\/strong>: los horarios de circulaci\u00f3n son s\u00e1bados y feriados de 17 a 20.30 horas; los domingos el recorrido es de 10 a 13 horas y de 17 a 20.30 horas. De&nbsp;<strong>abril a noviembre<\/strong>: los horarios son s\u00e1bados y feriados de 16 a 19.30 horas; y domingos de 10 a 13 horas y de 16 a 19.30 horas.<\/p>\n\n\n\n<p>Esto es manejado por la<strong>Asociaci\u00f3n Amigos del Tranv\u00eda<\/strong> que cuenta con una <strong>L\u00ednea de Tranv\u00edas Hist\u00f3ricos que, a partir del a\u00f1o 1980, recorren el barrio de Caballito<\/strong>. La \u201cflota colecci\u00f3n\u201d est\u00e1 compuesta por 22 unidades pertenecientes a distintas \u00e9pocas: 9 restauradas y funcionando, 3 en proceso de restauraci\u00f3n y otras 10 preservadas a la espera de ser restauradas. <\/p>\n\n\n\n<h2 class=\"wp-block-heading\">El viaje en tranv\u00eda<\/h2>\n\n\n\n<p>Se lo presenta como \u00abun paseo para toda la familia, en el que se conjugan la nostalgia de los grandes,  el asombro y la diversi\u00f3n de los chicos.\u00bb <\/p>\n\n\n\n<p>Durante cada viaje, adem\u00e1s de los tradicionales \u201c<strong>motorman<\/strong>\u201d y \u201c<strong>guarda<\/strong>\u201c, hay un \u201c<strong>tranvi\u00f3filo<\/strong>\u201d que realiza una rese\u00f1a y respaso sobre los datos hist\u00f3ricos y t\u00e9cnicos del sistema. Vale recalcar que todas las tareas son hechas ad-honorem por los miembros de la <strong>Asociaci\u00f3n de Amigos del Tranv\u00eda<\/strong>: gu\u00edas, restauraci\u00f3n, mantenimiento de los veh\u00edculos. Por eso, en reconocimiento a la labor sin fines de lucro, han sido nombrados oficialmente como <strong>Entidad de Bien P\u00fablico<\/strong>.<\/p>\n\n\n\n<figure class=\"wp-block-image\"><img loading=\"lazy\" decoding=\"async\" width=\"1000\" height=\"700\" src=\"http:\/\/blog.alquilerargentina.com\/wp-content\/uploads\/2019\/10\/viaje.jpg\" alt=\"\" class=\"wp-image-35378\" srcset=\"https:\/\/blog3.alquilerargentina.com\/wp-content\/uploads\/2019\/10\/viaje.jpg 1000w, https:\/\/blog3.alquilerargentina.com\/wp-content\/uploads\/2019\/10\/viaje-300x210.jpg 300w, https:\/\/blog3.alquilerargentina.com\/wp-content\/uploads\/2019\/10\/viaje-768x538.jpg 768w\" sizes=\"(max-width: 1000px) 100vw, 1000px\" \/><\/figure>\n\n\n\n<p>En el recorrido, quienes viajen recibir\u00e1n el t\u00edpico ticket del servicio. El cual, no s\u00f3lo ser\u00e1 solicitado luego durante el recorrido para la revisi\u00f3n del guarda, sino que tambi\u00e9n podr\u00e1s conservar como recuerdo de esta jornada tan especial.<\/p>\n\n\n\n<h3 class=\"wp-block-heading\">Un viaje entre el pasado y el futuro<\/h3>\n\n\n\n<p>Cuando finaliza el recorrido el personal de la<a href=\"http:\/\/www.tranvia.org.ar\/\">&nbsp;Asociaci\u00f3n Amigos del Tranv\u00eda<\/a> a bordo agradecen a todos los presentes el inter\u00e9s por disfrutar un recorrido. Que es mucho m\u00e1s que eso: es  patrimonio hist\u00f3rico y cultural tan importante para la ciudad de Buenos Aires.<\/p>\n\n\n\n<figure class=\"wp-block-image\"><img loading=\"lazy\" decoding=\"async\" width=\"1000\" height=\"700\" src=\"http:\/\/blog.alquilerargentina.com\/wp-content\/uploads\/2019\/10\/his.jpg\" alt=\"\" class=\"wp-image-35376\" srcset=\"https:\/\/blog3.alquilerargentina.com\/wp-content\/uploads\/2019\/10\/his.jpg 1000w, https:\/\/blog3.alquilerargentina.com\/wp-content\/uploads\/2019\/10\/his-300x210.jpg 300w, https:\/\/blog3.alquilerargentina.com\/wp-content\/uploads\/2019\/10\/his-768x538.jpg 768w\" sizes=\"(max-width: 1000px) 100vw, 1000px\" \/><\/figure>\n\n\n\n<p>Tanto es as\u00ed, que en este a\u00f1o 2019, la Asociaci\u00f3n Amigos del Tranv\u00eda fue reconocido por el <strong>\u201cHistorical Tramway of Buenos Aires\u201d<\/strong> con un <strong>Certificado de Excelencia por TripAdvisor<\/strong>, el sitio web que proporciona rese\u00f1as de contenido relacionado con viajes.<\/p>\n\n\n\n<p>Y adem\u00e1s, cuenta con el reconocimiento de los vecinos del barrio, que hab\u00edan visto c\u00f3mo este medio de transporte p\u00fablico dej\u00f3 de funcionar en el a\u00f1o 1961, cuando se insist\u00eda por entonces que ya no se pod\u00eda recurrir a los tranv\u00edas \u201cviejos\u201d y \u201csucios\u201d para transitar. <\/p>\n\n\n\n<p>El 16 de julio de 1976, luchando contra el olvido, luego de un par de encuentros, surgi\u00f3 la fundaci\u00f3n de <strong><a href=\"http:\/\/www.tranvia.org.ar\/\">Asociaci\u00f3n Amigos del Tranv\u00eda<\/a><\/strong> con el objetivo de que ni la historia ni el desarrollo del tranv\u00eda en la ciudad quedara ausente. Actualmente han cumplido esa premisa.<\/p>\n\n\n\n<p>Sobre la restauraci\u00f3n de coches de tranv\u00eda, estos fueron declarados, a trav\u00e9s de la&nbsp;<strong>ley N\u00b0 4886<\/strong>, como&nbsp;<strong>Patrimonio Cultural de la Ciudad de Buenos Aires<\/strong>. En el a\u00f1o 2013, la Legislatura porte\u00f1a tom\u00f3 la decisi\u00f3n de que se restaure parte de la flota de coches para&nbsp;<strong>hacer uso de ellos con fines culturales y tur\u00edsticos<\/strong>. De esta manera, tambi\u00e9n la difusi\u00f3n sobre su historia e importancia atribuyen una condici\u00f3n especial por&nbsp;<strong>conservar y proteger su valor patrimonial<\/strong>.<\/p>\n","protected":false},"excerpt":{"rendered":"<p>El tranv\u00eda siempre fue sin\u00f3nimo de crecimiento y desarollo de la ciudad de Buenos Aires. Tanto, que muchos barrios se han creado a partir de \u00e9l. Hoy, pod\u00e9s recorrer la ciudad con este medio de transporte, gracias a una posibilidad hermosa para el turismo. Enterate de todo, en esta nota&#8230; \u201cTramway Hist\u00f3rico de Buenos Aires\u201d&#8230;<\/p>\n","protected":false},"author":1,"featured_media":35371,"comment_status":"open","ping_status":"open","sticky":false,"template":"","format":"standard","meta":{"footnotes":""},"categories":[3588],"tags":[],"_links":{"self":[{"href":"https:\/\/www.alquilerargentina.com\/blog\/wp-json\/wp\/v2\/posts\/35256"}],"collection":[{"href":"https:\/\/www.alquilerargentina.com\/blog\/wp-json\/wp\/v2\/posts"}],"about":[{"href":"https:\/\/www.alquilerargentina.com\/blog\/wp-json\/wp\/v2\/types\/post"}],"author":[{"embeddable":true,"href":"https:\/\/www.alquilerargentina.com\/blog\/wp-json\/wp\/v2\/users\/1"}],"replies":[{"embeddable":true,"href":"https:\/\/www.alquilerargentina.com\/blog\/wp-json\/wp\/v2\/comments?post=35256"}],"version-history":[{"count":16,"href":"https:\/\/www.alquilerargentina.com\/blog\/wp-json\/wp\/v2\/posts\/35256\/revisions"}],"predecessor-version":[{"id":35401,"href":"https:\/\/www.alquilerargentina.com\/blog\/wp-json\/wp\/v2\/posts\/35256\/revisions\/35401"}],"wp:featuredmedia":[{"embeddable":true,"href":"https:\/\/www.alquilerargentina.com\/blog\/wp-json\/wp\/v2\/media\/35371"}],"wp:attachment":[{"href":"https:\/\/www.alquilerargentina.com\/blog\/wp-json\/wp\/v2\/media?parent=35256"}],"wp:term":[{"taxonomy":"category","embeddable":true,"href":"https:\/\/www.alquilerargentina.com\/blog\/wp-json\/wp\/v2\/categories?post=35256"},{"taxonomy":"post_tag","embeddable":true,"href":"https:\/\/www.alquilerargentina.com\/blog\/wp-json\/wp\/v2\/tags?post=35256"}],"curies":[{"name":"wp","href":"https:\/\/api.w.org\/{rel}","templated":true}]}}