{"id":34450,"date":"2019-08-14T11:00:00","date_gmt":"2019-08-14T14:00:00","guid":{"rendered":"http:\/\/blog.alquilerargentina.com\/?p=34450"},"modified":"2019-08-13T14:55:01","modified_gmt":"2019-08-13T17:55:01","slug":"fiesta-del-huesped-en-villa-general-belgrano","status":"publish","type":"post","link":"https:\/\/www.alquilerargentina.com\/blog\/novedades\/fiesta-del-huesped-en-villa-general-belgrano.html","title":{"rendered":"Llega la 37\u00ba Fiesta del Hu\u00e9sped a Villa General Belgrano"},"content":{"rendered":"\n<p><em>Durante todo el a\u00f1o, <strong><a href=\"https:\/\/www.alquilerargentina.com\/C%C3%B3rdoba\/Villa-Carlos-Paz\/?itm_source=blog&amp;itm_medium=agenda&amp;itm_campaign=fiesta_del_huesped_2019&amp;itm_content=villa_general_belgrano\" target=\"_blank\" rel=\"noreferrer noopener\" aria-label=\" (abre en una nueva pesta\u00f1a)\">Villa General Belgrano<\/a><\/strong> te invita a disfrutar de todos los eventos que ofrece, y la <strong>Fiesta del Hu\u00e9sped,<\/strong> es uno de sus imperdibles.<\/em><\/p>\n\n\n\n<figure class=\"wp-block-image\"><img loading=\"lazy\" decoding=\"async\" width=\"1000\" height=\"700\" src=\"http:\/\/blog.alquilerargentina.com\/wp-content\/uploads\/2019\/08\/Fiesta-del-hu\u00e9sped-en-Villa-General-Belgrano-vgb.jpg\" alt=\"\" class=\"wp-image-34455\" srcset=\"https:\/\/blog3.alquilerargentina.com\/wp-content\/uploads\/2019\/08\/Fiesta-del-hu\u00e9sped-en-Villa-General-Belgrano-vgb.jpg 1000w, https:\/\/blog3.alquilerargentina.com\/wp-content\/uploads\/2019\/08\/Fiesta-del-hu\u00e9sped-en-Villa-General-Belgrano-vgb-300x210.jpg 300w, https:\/\/blog3.alquilerargentina.com\/wp-content\/uploads\/2019\/08\/Fiesta-del-hu\u00e9sped-en-Villa-General-Belgrano-vgb-768x538.jpg 768w\" sizes=\"(max-width: 1000px) 100vw, 1000px\" \/><\/figure>\n\n\n\n<p>La edici\u00f3n 37 de la Fiesta del Hu\u00e9sped<em> <\/em>en <strong><a href=\"https:\/\/www.alquilerargentina.com\/C%C3%B3rdoba\/Villa-Carlos-Paz\/?itm_source=blog&amp;itm_medium=agenda&amp;itm_campaign=fiesta_del_huesped_2019&amp;itm_content=villa_general_belgrano\" target=\"_blank\" rel=\"noreferrer noopener\" aria-label=\" (abre en una nueva pesta\u00f1a)\">Villa General Belgrano<\/a>, <\/strong>ya tiene fecha confirmada y es, sin duda alguna, una opci\u00f3n genial para disfrutar el finde largo de agosto. <\/p>\n\n\n\n<p>En la grilla de actividades habr\u00e1 espect\u00e1culos art\u00edsticos, degustaci\u00f3n de productos tradicionales, espumante cerveza, gaseosas, sorteos de estad\u00edas, almuerzos y regalo.<\/p>\n\n\n\n<figure class=\"wp-block-image\"><img loading=\"lazy\" decoding=\"async\" width=\"1000\" height=\"700\" src=\"http:\/\/blog.alquilerargentina.com\/wp-content\/uploads\/2019\/08\/Fiesta-del-hu\u00e9sped-en-Villa-General-Belgrano-vgb-1.jpg\" alt=\"\" class=\"wp-image-34457\" srcset=\"https:\/\/blog3.alquilerargentina.com\/wp-content\/uploads\/2019\/08\/Fiesta-del-hu\u00e9sped-en-Villa-General-Belgrano-vgb-1.jpg 1000w, https:\/\/blog3.alquilerargentina.com\/wp-content\/uploads\/2019\/08\/Fiesta-del-hu\u00e9sped-en-Villa-General-Belgrano-vgb-1-300x210.jpg 300w, https:\/\/blog3.alquilerargentina.com\/wp-content\/uploads\/2019\/08\/Fiesta-del-hu\u00e9sped-en-Villa-General-Belgrano-vgb-1-768x538.jpg 768w\" sizes=\"(max-width: 1000px) 100vw, 1000px\" \/><\/figure>\n\n\n\n<blockquote class=\"wp-block-quote is-style-large is-layout-flow wp-block-quote-is-layout-flow\"><p><strong>El evento se llevar\u00e1 adelante el domingo 18 de agosto desde las 17 horas en el Sal\u00f3n de Eventos y Convenciones de la localidad serrana (Av. Julio A. Roca 168). La entrada es libre y gratuita.<\/strong><\/p><\/blockquote>\n\n\n\n<figure class=\"wp-block-image\"><img loading=\"lazy\" decoding=\"async\" width=\"1000\" height=\"700\" src=\"http:\/\/blog.alquilerargentina.com\/wp-content\/uploads\/2019\/08\/Fiesta-del-hu\u00e9sped-en-Villa-General-Belgrano-vgb-2.jpg\" alt=\"\" class=\"wp-image-34458\" srcset=\"https:\/\/blog3.alquilerargentina.com\/wp-content\/uploads\/2019\/08\/Fiesta-del-hu\u00e9sped-en-Villa-General-Belgrano-vgb-2.jpg 1000w, https:\/\/blog3.alquilerargentina.com\/wp-content\/uploads\/2019\/08\/Fiesta-del-hu\u00e9sped-en-Villa-General-Belgrano-vgb-2-300x210.jpg 300w, https:\/\/blog3.alquilerargentina.com\/wp-content\/uploads\/2019\/08\/Fiesta-del-hu\u00e9sped-en-Villa-General-Belgrano-vgb-2-768x538.jpg 768w\" sizes=\"(max-width: 1000px) 100vw, 1000px\" \/><\/figure>\n","protected":false},"excerpt":{"rendered":"<p>Durante todo el a\u00f1o, Villa General Belgrano te invita a disfrutar de todos los eventos que ofrece, y la Fiesta del Hu\u00e9sped, es uno de sus imperdibles. La edici\u00f3n 37 de la Fiesta del Hu\u00e9sped en Villa General Belgrano, ya tiene fecha confirmada y es, sin duda alguna, una opci\u00f3n genial para disfrutar el finde&#8230;<\/p>\n","protected":false},"author":1,"featured_media":34456,"comment_status":"open","ping_status":"open","sticky":false,"template":"","format":"standard","meta":{"footnotes":""},"categories":[55],"tags":[],"_links":{"self":[{"href":"https:\/\/www.alquilerargentina.com\/blog\/wp-json\/wp\/v2\/posts\/34450"}],"collection":[{"href":"https:\/\/www.alquilerargentina.com\/blog\/wp-json\/wp\/v2\/posts"}],"about":[{"href":"https:\/\/www.alquilerargentina.com\/blog\/wp-json\/wp\/v2\/types\/post"}],"author":[{"embeddable":true,"href":"https:\/\/www.alquilerargentina.com\/blog\/wp-json\/wp\/v2\/users\/1"}],"replies":[{"embeddable":true,"href":"https:\/\/www.alquilerargentina.com\/blog\/wp-json\/wp\/v2\/comments?post=34450"}],"version-history":[{"count":7,"href":"https:\/\/www.alquilerargentina.com\/blog\/wp-json\/wp\/v2\/posts\/34450\/revisions"}],"predecessor-version":[{"id":34504,"href":"https:\/\/www.alquilerargentina.com\/blog\/wp-json\/wp\/v2\/posts\/34450\/revisions\/34504"}],"wp:featuredmedia":[{"embeddable":true,"href":"https:\/\/www.alquilerargentina.com\/blog\/wp-json\/wp\/v2\/media\/34456"}],"wp:attachment":[{"href":"https:\/\/www.alquilerargentina.com\/blog\/wp-json\/wp\/v2\/media?parent=34450"}],"wp:term":[{"taxonomy":"category","embeddable":true,"href":"https:\/\/www.alquilerargentina.com\/blog\/wp-json\/wp\/v2\/categories?post=34450"},{"taxonomy":"post_tag","embeddable":true,"href":"https:\/\/www.alquilerargentina.com\/blog\/wp-json\/wp\/v2\/tags?post=34450"}],"curies":[{"name":"wp","href":"https:\/\/api.w.org\/{rel}","templated":true}]}}