{"id":33973,"date":"2019-07-29T10:00:39","date_gmt":"2019-07-29T13:00:39","guid":{"rendered":"http:\/\/blog.alquilerargentina.com\/?p=33973"},"modified":"2019-07-25T12:45:13","modified_gmt":"2019-07-25T15:45:13","slug":"un-nuevo-complejo-termal-en-carhue","status":"publish","type":"post","link":"https:\/\/www.alquilerargentina.com\/blog\/paseos-y-excursiones\/un-nuevo-complejo-termal-en-carhue.html","title":{"rendered":"Un nuevo complejo termal en Carhu\u00e9"},"content":{"rendered":"\n<p><em>La localidad de <strong><a rel=\"noreferrer noopener\" aria-label=\" (abre en una nueva pesta\u00f1a)\" href=\"https:\/\/www.alquilerargentina.com\/Buenos-Aires\/Carhue\/?itm_source=blog&amp;itm_medium=paseos&amp;itm_campaign=complejo_termal_carhue&amp;itm_content=carhue\" target=\"_blank\">Carhu\u00e9<\/a><\/strong>, en la provincia de<a href=\"https:\/\/www.alquilerargentina.com\/Buenos-Aires\/?itm_source=blog&amp;itm_medium=paseos&amp;itm_campaign=complejo_termal_carhue&amp;itm_content=buenos_aires\"> <\/a><strong><a href=\"https:\/\/www.alquilerargentina.com\/Buenos-Aires\/?itm_source=blog&amp;itm_medium=paseos&amp;itm_campaign=complejo_termal_carhue&amp;itm_content=buenos_aires\">Buenos Aires<\/a><\/strong>, fue testigo de la inauguraci\u00f3n del<strong> nuevo parque termal<\/strong>, \u00fanico en el mundo por las aguas hipermineralizadas del <strong>Lago Epecu\u00e9n.<\/strong><\/em><\/p>\n\n\n\n<figure class=\"wp-block-image\"><img loading=\"lazy\" decoding=\"async\" width=\"1000\" height=\"700\" src=\"http:\/\/blog.alquilerargentina.com\/wp-content\/uploads\/2019\/07\/complejo-termal-carhu\u00e9-portada-dos.jpg\" alt=\"\" class=\"wp-image-34062\" srcset=\"https:\/\/blog3.alquilerargentina.com\/wp-content\/uploads\/2019\/07\/complejo-termal-carhu\u00e9-portada-dos.jpg 1000w, https:\/\/blog3.alquilerargentina.com\/wp-content\/uploads\/2019\/07\/complejo-termal-carhu\u00e9-portada-dos-300x210.jpg 300w, https:\/\/blog3.alquilerargentina.com\/wp-content\/uploads\/2019\/07\/complejo-termal-carhu\u00e9-portada-dos-768x538.jpg 768w\" sizes=\"(max-width: 1000px) 100vw, 1000px\" \/><\/figure>\n\n\n\n<p>Sin duda alguna, un atractivo tur\u00edstico de gran importancia, por lo que en esta nota te contamos todo sobre el<strong> nuevo complejo termal en <a rel=\"noreferrer noopener\" aria-label=\"Carhu\u00e9.  (abre en una nueva pesta\u00f1a)\" href=\"https:\/\/www.alquilerargentina.com\/Buenos-Aires\/Carhue\/?itm_source=blog&amp;itm_medium=paseos&amp;itm_campaign=complejotermalcarhu%C3%A9&amp;itm_content=carhu%C3%A9\" target=\"_blank\">Carhu\u00e9.<\/a><\/strong><a rel=\"noreferrer noopener\" aria-label=\"Carhu\u00e9.  (abre en una nueva pesta\u00f1a)\" href=\"https:\/\/www.alquilerargentina.com\/Buenos-Aires\/Carhue\/?itm_source=blog&amp;itm_medium=paseos&amp;itm_campaign=complejotermalcarhu%C3%A9&amp;itm_content=carhu%C3%A9\" target=\"_blank\"> <\/a><\/p>\n\n\n\n<p>La obra fue realizada por la empresa Oeste Termal Sociedad An\u00f3nima, conformada por un grupo de hoteleros locales quienes invirtieron entre 27 y 30 millones de pesos.  <\/p>\n\n\n\n<figure><iframe loading=\"lazy\" src=\"https:\/\/www.facebook.com\/plugins\/video.php?href=https%3A%2F%2Fwww.facebook.com%2F2255071211373418%2Fvideos%2F446707382759580%2F&amp;show_text=0&amp;width=476\" width=\"476\" height=\"476\" style=\"border:none;overflow:hidden\" scrolling=\"no\" frameborder=\"0\" allowtransparency=\"true\" allowfullscreen=\"true\"><\/iframe><\/figure>\n\n\n\n<p>Entre los servicios que ofrecer\u00e1 el Complejo se encuentran: el m\u00f3dulo formado por una gran pileta dividida en tres partes con dos laterales para entrar y permanecer de pie, flotar, y moverse; una gran pileta central que asimila a un gigantesco jacuzzi en el que las personas pueden estar sentadas o recostadas y disfrutar de los juegos de agua.<\/p>\n\n\n\n<p>Tambi\u00e9n habr\u00e1 salas de descanso con reposeras, mesas y sillas; sol\u00e1rium; ba\u00f1os con duchas, lockers y vestidores; seis gabinetes para masajes, est\u00e9tica y fangoterapia; restaurant; servicio de confiter\u00eda y buffet exclusivo para las personas que concurren al Parque Termal.<\/p>\n\n\n\n<figure class=\"wp-block-image\"><img loading=\"lazy\" decoding=\"async\" width=\"1000\" height=\"700\" src=\"http:\/\/blog.alquilerargentina.com\/wp-content\/uploads\/2019\/07\/complejo-termal-carhu\u00e9-foto3.jpg\" alt=\"\" class=\"wp-image-34064\" srcset=\"https:\/\/blog3.alquilerargentina.com\/wp-content\/uploads\/2019\/07\/complejo-termal-carhu\u00e9-foto3.jpg 1000w, https:\/\/blog3.alquilerargentina.com\/wp-content\/uploads\/2019\/07\/complejo-termal-carhu\u00e9-foto3-300x210.jpg 300w, https:\/\/blog3.alquilerargentina.com\/wp-content\/uploads\/2019\/07\/complejo-termal-carhu\u00e9-foto3-768x538.jpg 768w\" sizes=\"(max-width: 1000px) 100vw, 1000px\" \/><\/figure>\n\n\n\n<h2 class=\"wp-block-heading\">Para tener en cuenta<\/h2>\n\n\n\n<blockquote class=\"wp-block-quote is-style-large is-layout-flow wp-block-quote-is-layout-flow\"><p>A partir del viernes 05 de julio y hasta el 04 de agosto, el complejo permanecer\u00e1 abierto todos los d\u00edas en el horario de 11 a 19hs.<\/p><\/blockquote>\n\n\n\n<p>La tarifa ser\u00e1 de $650 por persona. Siempre vigente el descuento a jubilados, que abonan $490; grupos cada 5 personas una liberada, y la promo con reserva, \u00abdomingos inolvidables\u00bb que incluye: d\u00eda de piletas, almuerzo (asado a la le\u00f1a en sistema de spetto corrido), 1 fangoterapia general y merienda, todo por $1690.<\/p>\n\n\n\n<figure class=\"wp-block-image\"><img loading=\"lazy\" decoding=\"async\" width=\"1000\" height=\"700\" src=\"http:\/\/blog.alquilerargentina.com\/wp-content\/uploads\/2019\/07\/complejo-termal-carhu\u00e9-foto-6.jpg\" alt=\"\" class=\"wp-image-34065\" srcset=\"https:\/\/blog3.alquilerargentina.com\/wp-content\/uploads\/2019\/07\/complejo-termal-carhu\u00e9-foto-6.jpg 1000w, https:\/\/blog3.alquilerargentina.com\/wp-content\/uploads\/2019\/07\/complejo-termal-carhu\u00e9-foto-6-300x210.jpg 300w, https:\/\/blog3.alquilerargentina.com\/wp-content\/uploads\/2019\/07\/complejo-termal-carhu\u00e9-foto-6-768x538.jpg 768w\" sizes=\"(max-width: 1000px) 100vw, 1000px\" \/><\/figure>\n\n\n\n<p><a href=\"https:\/\/www.alquilerargentina.com\/Buenos-Aires\/Carhue\/?itm_source=blog&amp;itm_medium=paseos&amp;itm_campaign=complejo_termal_carhue&amp;itm_content=carhue\" target=\"_blank\" rel=\"noreferrer noopener\" aria-label=\" (abre en una nueva pesta\u00f1a)\">No dejes de visitar Carhu\u00e9 y su impresionante complejo termal<\/a><\/p>\n","protected":false},"excerpt":{"rendered":"<p>La localidad de Carhu\u00e9, en la provincia de Buenos Aires, fue testigo de la inauguraci\u00f3n del nuevo parque termal, \u00fanico en el mundo por las aguas hipermineralizadas del Lago Epecu\u00e9n. Sin duda alguna, un atractivo tur\u00edstico de gran importancia, por lo que en esta nota te contamos todo sobre el nuevo complejo termal en Carhu\u00e9&#8230;.<\/p>\n","protected":false},"author":1,"featured_media":34061,"comment_status":"open","ping_status":"open","sticky":false,"template":"","format":"standard","meta":{"footnotes":""},"categories":[3588],"tags":[],"_links":{"self":[{"href":"https:\/\/www.alquilerargentina.com\/blog\/wp-json\/wp\/v2\/posts\/33973"}],"collection":[{"href":"https:\/\/www.alquilerargentina.com\/blog\/wp-json\/wp\/v2\/posts"}],"about":[{"href":"https:\/\/www.alquilerargentina.com\/blog\/wp-json\/wp\/v2\/types\/post"}],"author":[{"embeddable":true,"href":"https:\/\/www.alquilerargentina.com\/blog\/wp-json\/wp\/v2\/users\/1"}],"replies":[{"embeddable":true,"href":"https:\/\/www.alquilerargentina.com\/blog\/wp-json\/wp\/v2\/comments?post=33973"}],"version-history":[{"count":10,"href":"https:\/\/www.alquilerargentina.com\/blog\/wp-json\/wp\/v2\/posts\/33973\/revisions"}],"predecessor-version":[{"id":34118,"href":"https:\/\/www.alquilerargentina.com\/blog\/wp-json\/wp\/v2\/posts\/33973\/revisions\/34118"}],"wp:featuredmedia":[{"embeddable":true,"href":"https:\/\/www.alquilerargentina.com\/blog\/wp-json\/wp\/v2\/media\/34061"}],"wp:attachment":[{"href":"https:\/\/www.alquilerargentina.com\/blog\/wp-json\/wp\/v2\/media?parent=33973"}],"wp:term":[{"taxonomy":"category","embeddable":true,"href":"https:\/\/www.alquilerargentina.com\/blog\/wp-json\/wp\/v2\/categories?post=33973"},{"taxonomy":"post_tag","embeddable":true,"href":"https:\/\/www.alquilerargentina.com\/blog\/wp-json\/wp\/v2\/tags?post=33973"}],"curies":[{"name":"wp","href":"https:\/\/api.w.org\/{rel}","templated":true}]}}