{"id":33390,"date":"2019-07-03T13:00:10","date_gmt":"2019-07-03T16:00:10","guid":{"rendered":"http:\/\/blog.alquilerargentina.com\/?p=33390"},"modified":"2019-07-02T17:06:38","modified_gmt":"2019-07-02T20:06:38","slug":"aprovecha-estos-precios-y-reserva-antes-las-vacaciones-de-invierno","status":"publish","type":"post","link":"https:\/\/www.alquilerargentina.com\/blog\/oferta\/aprovecha-estos-precios-y-reserva-antes-las-vacaciones-de-invierno.html","title":{"rendered":"Aprovech\u00e1 estos precios y reserv\u00e1 antes las vacaciones de invierno"},"content":{"rendered":"\n<p><em>El<strong> invierno<\/strong> lleg\u00f3 junto con los d\u00edas fr\u00edos y  las primeras nevadas que embellecen los distintos rincones de nuestro pa\u00eds. Anticip\u00e1ndonos a lo que ser\u00e1n las <strong>vacaciones de invierno<\/strong>&nbsp;ac\u00e1 algunos <strong>precios de alojamientos<\/strong> para que disfrutes&nbsp;en familia o con amigos.<\/em><\/p>\n\n\n\n<p>Eleg\u00ed el destino que m\u00e1s te guste y comenz\u00e1 a organizar tu escapada, viaje o d\u00edas de descanso.<\/p>\n\n\n\n<h2 class=\"wp-block-heading\">Casa de campo en Cafayate<\/h2>\n\n\n\n<p>A s\u00f3lo 20 minutos de la plaza de <strong><a href=\"https:\/\/www.alquilerargentina.com\/Salta\/Cafayate\/?itm_source=blog&amp;itm_medium=ofertas&amp;itm_campaign=ofertas_invierno_2019&amp;itm_content=cafayate\">Cafayate<\/a><\/strong>, emplazada en el coraz\u00f3n de los Valles Calchaquies, te espera una casa rodeada de naturaleza y un paisaje deslumbrante. <\/p>\n\n\n\n<figure class=\"wp-block-image\"><img loading=\"lazy\" decoding=\"async\" width=\"1000\" height=\"700\" src=\"http:\/\/blog.alquilerargentina.com\/wp-content\/uploads\/2019\/07\/Aprovech\u00e1-estos-precios-y-reserv\u00e1-antes-las-vacaciones-de-invierno-cafayate2.jpg\" alt=\"\" class=\"wp-image-33453\" srcset=\"https:\/\/blog3.alquilerargentina.com\/wp-content\/uploads\/2019\/07\/Aprovech\u00e1-estos-precios-y-reserv\u00e1-antes-las-vacaciones-de-invierno-cafayate2.jpg 1000w, https:\/\/blog3.alquilerargentina.com\/wp-content\/uploads\/2019\/07\/Aprovech\u00e1-estos-precios-y-reserv\u00e1-antes-las-vacaciones-de-invierno-cafayate2-300x210.jpg 300w, https:\/\/blog3.alquilerargentina.com\/wp-content\/uploads\/2019\/07\/Aprovech\u00e1-estos-precios-y-reserv\u00e1-antes-las-vacaciones-de-invierno-cafayate2-768x538.jpg 768w\" sizes=\"(max-width: 1000px) 100vw, 1000px\" \/><\/figure>\n\n\n\n<p><strong><a href=\"https:\/\/www.alquilerargentina.com\/alojamientos\/sr47-Estancia-Casa-de-Campo-Estancia-Chimpa-Cafayate.html?itm_source=blog&amp;itm_medium=ofertas&amp;itm_campaign=ofertas_invierno_2019&amp;itm_content=sr47\" target=\"_blank\" rel=\"noreferrer noopener\" aria-label=\" (abre en una nueva pesta\u00f1a)\">Casa de Campo Estancia Chimpa<\/a><\/strong> cuenta con 5 habitaciones en total, 3 de las cuales, pueden ser dobles o triples,  un departamento familiar  cu\u00e1druple y un loft qu\u00edntuple.  Adem\u00e1s, dispone de ba\u00f1o completo, calefacci\u00f3n, cocina con horno, hogar a le\u00f1a y todo lo necesario para que tu estad\u00eda sea perfecta. La casa tiene capacidad de alojar hasta 16 personas. Ofrece servicio de ropa blanca, ropa de cama, desayuno e Internet Wi-Fi gratis. <\/p>\n\n\n\n<figure class=\"wp-block-image\"><img loading=\"lazy\" decoding=\"async\" width=\"1000\" height=\"700\" src=\"http:\/\/blog.alquilerargentina.com\/wp-content\/uploads\/2019\/07\/Aprovech\u00e1-estos-precios-y-reserv\u00e1-antes-las-vacaciones-de-invierno-cafayate3.jpg\" alt=\"\" class=\"wp-image-33454\" srcset=\"https:\/\/blog3.alquilerargentina.com\/wp-content\/uploads\/2019\/07\/Aprovech\u00e1-estos-precios-y-reserv\u00e1-antes-las-vacaciones-de-invierno-cafayate3.jpg 1000w, https:\/\/blog3.alquilerargentina.com\/wp-content\/uploads\/2019\/07\/Aprovech\u00e1-estos-precios-y-reserv\u00e1-antes-las-vacaciones-de-invierno-cafayate3-300x210.jpg 300w, https:\/\/blog3.alquilerargentina.com\/wp-content\/uploads\/2019\/07\/Aprovech\u00e1-estos-precios-y-reserv\u00e1-antes-las-vacaciones-de-invierno-cafayate3-768x538.jpg 768w\" sizes=\"(max-width: 1000px) 100vw, 1000px\" \/><\/figure>\n\n\n\n<blockquote class=\"wp-block-quote is-layout-flow wp-block-quote-is-layout-flow\"><p><strong><a href=\"https:\/\/www.alquilerargentina.com\/alojamientos\/sr47-Estancia-Casa-de-Campo-Estancia-Chimpa-Cafayate.html?itm_source=blog&amp;itm_medium=ofertas&amp;itm_campaign=ofertas_invierno_2019&amp;itm_content=sr47\">Aprovech\u00e1 esta incre\u00edble oferta: 3 noches por $7.500<\/a><\/strong><em><strong><a href=\"https:\/\/www.alquilerargentina.com\/alojamientos\/sr47-Estancia-Casa-de-Campo-Estancia-Chimpa-Cafayate.html?itm_source=blog&amp;itm_medium=ofertas&amp;itm_campaign=ofertas_invierno_2019&amp;itm_content=sr47\"> <\/a><\/strong><\/em><strong><a href=\"https:\/\/www.alquilerargentina.com\/alojamientos\/sr47-Estancia-Casa-de-Campo-Estancia-Chimpa-Cafayate.html?itm_source=blog&amp;itm_medium=ofertas&amp;itm_campaign=ofertas_invierno_2019&amp;itm_content=sr47\">finales para 5 personas ingresando el 12 de julio y egresando el 15 en Casa Estancia Chimpa.<\/a><\/strong><\/p><\/blockquote>\n\n\n\n<h2 class=\"wp-block-heading\">Apart en Mar del Plata<\/h2>\n\n\n\n<p>Si pensas hacer turismo en ciudad tur\u00edstica de <strong><a href=\"https:\/\/www.alquilerargentina.com\/Buenos-Aires\/Mar-Del-Plata\/?itm_source=blog&amp;itm_medium=ofertas&amp;itm_campaign=ofertas_invierno_2019&amp;itm_content=mar_del_plata\" target=\"_blank\" rel=\"noreferrer noopener\" aria-label=\" (abre en una nueva pesta\u00f1a)\">Mar del Plata<\/a> <\/strong>y disfrutar all\u00ed de la temporada invernal, el siguiente alojamiento es la mejor opci\u00f3n para despejarte.<\/p>\n\n\n\n<figure class=\"wp-block-image\"><img loading=\"lazy\" decoding=\"async\" width=\"1000\" height=\"700\" src=\"http:\/\/blog.alquilerargentina.com\/wp-content\/uploads\/2019\/07\/Aprovech\u00e1-estos-precios-y-reserv\u00e1-antes-las-vacaciones-de-invierno-bah\u00edamogotes.jpg\" alt=\"\" class=\"wp-image-33455\" srcset=\"https:\/\/blog3.alquilerargentina.com\/wp-content\/uploads\/2019\/07\/Aprovech\u00e1-estos-precios-y-reserv\u00e1-antes-las-vacaciones-de-invierno-bah\u00edamogotes.jpg 1000w, https:\/\/blog3.alquilerargentina.com\/wp-content\/uploads\/2019\/07\/Aprovech\u00e1-estos-precios-y-reserv\u00e1-antes-las-vacaciones-de-invierno-bah\u00edamogotes-300x210.jpg 300w, https:\/\/blog3.alquilerargentina.com\/wp-content\/uploads\/2019\/07\/Aprovech\u00e1-estos-precios-y-reserv\u00e1-antes-las-vacaciones-de-invierno-bah\u00edamogotes-768x538.jpg 768w\" sizes=\"(max-width: 1000px) 100vw, 1000px\" \/><\/figure>\n\n\n\n<p><strong><a href=\"https:\/\/www.alquilerargentina.com\/alojamientos\/mt80-Caba%C3%B1a-Apart-Bahia-Mogotes-Mar-Del-Plata.html?itm_source=blog&amp;itm_medium=ofertas&amp;itm_campaign=ofertas_invierno_2019&amp;itm_content=mt80\" target=\"_blank\" rel=\"noreferrer noopener\" aria-label=\" (abre en una nueva pesta\u00f1a)\">Apart Bah\u00eda Mogotes<\/a> <\/strong>cuenta 3 unidades con capacidad de alojar hasta 6 personas. Cada apart tiene cocina, calefacci\u00f3n, televisi\u00f3n por cable, cochera cubierta e Internet Wi-Fi gratis. <\/p>\n\n\n\n<figure class=\"wp-block-image\"><img loading=\"lazy\" decoding=\"async\" width=\"1000\" height=\"700\" src=\"http:\/\/blog.alquilerargentina.com\/wp-content\/uploads\/2019\/07\/Aprovech\u00e1-estos-precios-y-reserv\u00e1-antes-las-vacaciones-de-invierno-bah\u00edamogotes1.jpg\" alt=\"\" class=\"wp-image-33456\" srcset=\"https:\/\/blog3.alquilerargentina.com\/wp-content\/uploads\/2019\/07\/Aprovech\u00e1-estos-precios-y-reserv\u00e1-antes-las-vacaciones-de-invierno-bah\u00edamogotes1.jpg 1000w, https:\/\/blog3.alquilerargentina.com\/wp-content\/uploads\/2019\/07\/Aprovech\u00e1-estos-precios-y-reserv\u00e1-antes-las-vacaciones-de-invierno-bah\u00edamogotes1-300x210.jpg 300w, https:\/\/blog3.alquilerargentina.com\/wp-content\/uploads\/2019\/07\/Aprovech\u00e1-estos-precios-y-reserv\u00e1-antes-las-vacaciones-de-invierno-bah\u00edamogotes1-768x538.jpg 768w\" sizes=\"(max-width: 1000px) 100vw, 1000px\" \/><\/figure>\n\n\n\n<blockquote class=\"wp-block-quote is-layout-flow wp-block-quote-is-layout-flow\"><p><strong><a href=\"https:\/\/www.alquilerargentina.com\/alojamientos\/mt80-Caba%C3%B1a-Apart-Bahia-Mogotes-Mar-Del-Plata.html?itm_source=blog&amp;itm_medium=ofertas&amp;itm_campaign=ofertas_invierno_2019&amp;itm_content=mt80\">Hac\u00e9 tu reserva en Apart Bah\u00eda Mogotes por 3 noches por $6.000 finales para 4 personas ingresando el 19 de julio y egresando el 22.<\/a><\/strong><\/p><\/blockquote>\n\n\n\n<h2 class=\"wp-block-heading\">Caba\u00f1as en Potrerillos<\/h2>\n\n\n\n<p>Un destino perfecto para disfrutar del invierno es, sin duda alguna, <strong><a href=\"https:\/\/www.alquilerargentina.com\/Mendoza\/Potrerillos\/?itm_source=blog&amp;itm_medium=ofertas&amp;itm_campaign=ofertas_invierno_2019&amp;itm_content=potrerillos\" target=\"_blank\" rel=\"noreferrer noopener\" aria-label=\" (abre en una nueva pesta\u00f1a)\">Potrerillos.<\/a><\/strong><\/p>\n\n\n\n<figure class=\"wp-block-image\"><img loading=\"lazy\" decoding=\"async\" width=\"1000\" height=\"700\" src=\"http:\/\/blog.alquilerargentina.com\/wp-content\/uploads\/2019\/07\/Aprovech\u00e1-estos-precios-y-reserv\u00e1-antes-las-vacaciones-de-invierno-caba\u00f1astierradeluna.jpg\" alt=\"\" class=\"wp-image-33457\" srcset=\"https:\/\/blog3.alquilerargentina.com\/wp-content\/uploads\/2019\/07\/Aprovech\u00e1-estos-precios-y-reserv\u00e1-antes-las-vacaciones-de-invierno-caba\u00f1astierradeluna.jpg 1000w, https:\/\/blog3.alquilerargentina.com\/wp-content\/uploads\/2019\/07\/Aprovech\u00e1-estos-precios-y-reserv\u00e1-antes-las-vacaciones-de-invierno-caba\u00f1astierradeluna-300x210.jpg 300w, https:\/\/blog3.alquilerargentina.com\/wp-content\/uploads\/2019\/07\/Aprovech\u00e1-estos-precios-y-reserv\u00e1-antes-las-vacaciones-de-invierno-caba\u00f1astierradeluna-768x538.jpg 768w\" sizes=\"(max-width: 1000px) 100vw, 1000px\" \/><\/figure>\n\n\n\n<p>All\u00ed te espera el <strong><a href=\"https:\/\/www.alquilerargentina.com\/alojamientos\/zz12-Caba%C3%B1a-Complejo-de-Caba%C3%B1as-Tierra-de-Luna-Potrerillos.html?itm_source=blog&amp;itm_medium=ofertas&amp;itm_campaign=ofertas_invierno_2019&amp;itm_content=zz12\" target=\"_blank\" rel=\"noreferrer noopener\" aria-label=\" (abre en una nueva pesta\u00f1a)\">Caba\u00f1as Tierra de Luna,<\/a> <\/strong>el cual cuenta con 2 dormitorios, 1 ba\u00f1o y capacidad para alojar hasta 6 personas. La caba\u00f1a est\u00e1 totalmente equipada con calefacci\u00f3n, cocina, televisi\u00f3n y se ofrece servicio de ropa blanca, ropa de cama e Internet Wi-Fi. <\/p>\n\n\n\n<figure class=\"wp-block-image\"><img loading=\"lazy\" decoding=\"async\" width=\"1000\" height=\"700\" src=\"http:\/\/blog.alquilerargentina.com\/wp-content\/uploads\/2019\/07\/Aprovech\u00e1-estos-precios-y-reserv\u00e1-antes-las-vacaciones-de-invierno-caba\u00f1astierradeluna1.jpg\" alt=\"\" class=\"wp-image-33458\" srcset=\"https:\/\/blog3.alquilerargentina.com\/wp-content\/uploads\/2019\/07\/Aprovech\u00e1-estos-precios-y-reserv\u00e1-antes-las-vacaciones-de-invierno-caba\u00f1astierradeluna1.jpg 1000w, https:\/\/blog3.alquilerargentina.com\/wp-content\/uploads\/2019\/07\/Aprovech\u00e1-estos-precios-y-reserv\u00e1-antes-las-vacaciones-de-invierno-caba\u00f1astierradeluna1-300x210.jpg 300w, https:\/\/blog3.alquilerargentina.com\/wp-content\/uploads\/2019\/07\/Aprovech\u00e1-estos-precios-y-reserv\u00e1-antes-las-vacaciones-de-invierno-caba\u00f1astierradeluna1-768x538.jpg 768w\" sizes=\"(max-width: 1000px) 100vw, 1000px\" \/><\/figure>\n\n\n\n<blockquote class=\"wp-block-quote is-layout-flow wp-block-quote-is-layout-flow\"><p><strong><a href=\"https:\/\/www.alquilerargentina.com\/alojamientos\/zz12-Caba%C3%B1a-Complejo-de-Caba%C3%B1as-Tierra-de-Luna-Potrerillos.html?itm_source=blog&amp;itm_medium=ofertas&amp;itm_campaign=ofertas_invierno_2019&amp;itm_content=zz12\">Disfrut\u00e1 del invierno en Caba\u00f1as Tierra de Luna desde 2 noches por $4.400 finales para 2 personas desde el 10 al 12 de julio. <\/a><\/strong><\/p><\/blockquote>\n\n\n\n<h2 class=\"wp-block-heading\">Caba\u00f1as en Bariloche <\/h2>\n\n\n\n<p>En vacaciones de invierno, viajar el sur es siempre una excelente opci\u00f3n. En <strong><a href=\"https:\/\/www.alquilerargentina.com\/R%C3%ADo-Negro\/San-Carlos-De-Bariloche\/?itm_source=blog&amp;itm_medium=ofertas&amp;itm_campaign=ofertas_invierno_2019&amp;itm_content=bariloche\">Bariloche<\/a><\/strong> vas a poder disfrutar de un incre\u00edble alojamiento.<\/p>\n\n\n\n<figure class=\"wp-block-image\"><img loading=\"lazy\" decoding=\"async\" width=\"1000\" height=\"700\" src=\"http:\/\/blog.alquilerargentina.com\/wp-content\/uploads\/2019\/07\/Aprovech\u00e1-estos-precios-y-reserv\u00e1-antes-las-vacaciones-de-invierno-cumel\u00e9n2.jpg\" alt=\"\" class=\"wp-image-33459\" srcset=\"https:\/\/blog3.alquilerargentina.com\/wp-content\/uploads\/2019\/07\/Aprovech\u00e1-estos-precios-y-reserv\u00e1-antes-las-vacaciones-de-invierno-cumel\u00e9n2.jpg 1000w, https:\/\/blog3.alquilerargentina.com\/wp-content\/uploads\/2019\/07\/Aprovech\u00e1-estos-precios-y-reserv\u00e1-antes-las-vacaciones-de-invierno-cumel\u00e9n2-300x210.jpg 300w, https:\/\/blog3.alquilerargentina.com\/wp-content\/uploads\/2019\/07\/Aprovech\u00e1-estos-precios-y-reserv\u00e1-antes-las-vacaciones-de-invierno-cumel\u00e9n2-768x538.jpg 768w\" sizes=\"(max-width: 1000px) 100vw, 1000px\" \/><\/figure>\n\n\n\n<p><strong><a href=\"https:\/\/www.alquilerargentina.com\/alojamientos\/zn37-Caba%C3%B1a-Cumelen-Complejo-de-Caba%C3%B1as-San-Carlos-De-Bariloche.html?itm_source=blog&amp;itm_medium=ofertas&amp;itm_campaign=ofertas_invierno_2019&amp;itm_content=zn37\" target=\"_blank\" rel=\"noreferrer noopener\" aria-label=\" (abre en una nueva pesta\u00f1a)\">Cumel\u00e9n Caba\u00f1as<\/a><\/strong> cuenta con Internet Wi-Fi gratis en las instalaciones,  calefacci\u00f3n, servicio de ropa blanca, ropa de cama, ba\u00f1o privado, servicio de limpieza e Internet Wi-Fi.<\/p>\n\n\n\n<blockquote class=\"wp-block-quote is-layout-flow wp-block-quote-is-layout-flow\"><p><strong><a href=\"https:\/\/www.alquilerargentina.com\/alojamientos\/zn37-Caba%C3%B1a-Cumelen-Complejo-de-Caba%C3%B1as-San-Carlos-De-Bariloche.html?itm_source=blog&amp;itm_medium=ofertas&amp;itm_campaign=ofertas_invierno_2019&amp;itm_content=zn37\">Disfrut\u00e1 de Cumel\u00e9n Caba\u00f1as desde 2 noches por $9.000 finales para 5 personas desde el 12 al 14 de julio.<\/a><\/strong><\/p><\/blockquote>\n\n\n\n<figure class=\"wp-block-image\"><img loading=\"lazy\" decoding=\"async\" width=\"1000\" height=\"700\" src=\"http:\/\/blog.alquilerargentina.com\/wp-content\/uploads\/2019\/07\/Aprovech\u00e1-estos-precios-y-reserv\u00e1-antes-las-vacaciones-de-invierno-cumel\u00e9n1.jpg\" alt=\"\" class=\"wp-image-33461\" srcset=\"https:\/\/blog3.alquilerargentina.com\/wp-content\/uploads\/2019\/07\/Aprovech\u00e1-estos-precios-y-reserv\u00e1-antes-las-vacaciones-de-invierno-cumel\u00e9n1.jpg 1000w, https:\/\/blog3.alquilerargentina.com\/wp-content\/uploads\/2019\/07\/Aprovech\u00e1-estos-precios-y-reserv\u00e1-antes-las-vacaciones-de-invierno-cumel\u00e9n1-300x210.jpg 300w, https:\/\/blog3.alquilerargentina.com\/wp-content\/uploads\/2019\/07\/Aprovech\u00e1-estos-precios-y-reserv\u00e1-antes-las-vacaciones-de-invierno-cumel\u00e9n1-768x538.jpg 768w\" sizes=\"(max-width: 1000px) 100vw, 1000px\" \/><\/figure>\n\n\n\n<blockquote class=\"wp-block-quote is-layout-flow wp-block-quote-is-layout-flow\"><p><strong><a href=\"https:\/\/www.alquilerargentina.com\/promociones-imperdibles\/?itm_source=blog&amp;itm_medium=ofertas&amp;itm_campaign=ofertas_invierno_2019&amp;itm_content=invierno_low_cost\" target=\"_blank\" rel=\"noreferrer noopener\" aria-label=\" (abre en una nueva pesta\u00f1a)\">Encontr\u00e1 m\u00e1s ofertas para estas vacaciones de invierno ac\u00e1.<\/a><\/strong><\/p><\/blockquote>\n","protected":false},"excerpt":{"rendered":"<p>El invierno lleg\u00f3 junto con los d\u00edas fr\u00edos y las primeras nevadas que embellecen los distintos rincones de nuestro pa\u00eds. Anticip\u00e1ndonos a lo que ser\u00e1n las vacaciones de invierno&nbsp;ac\u00e1 algunos precios de alojamientos para que disfrutes&nbsp;en familia o con amigos. Eleg\u00ed el destino que m\u00e1s te guste y comenz\u00e1 a organizar tu escapada, viaje o&#8230;<\/p>\n","protected":false},"author":1,"featured_media":33452,"comment_status":"open","ping_status":"open","sticky":false,"template":"","format":"standard","meta":{"footnotes":""},"categories":[1],"tags":[],"_links":{"self":[{"href":"https:\/\/www.alquilerargentina.com\/blog\/wp-json\/wp\/v2\/posts\/33390"}],"collection":[{"href":"https:\/\/www.alquilerargentina.com\/blog\/wp-json\/wp\/v2\/posts"}],"about":[{"href":"https:\/\/www.alquilerargentina.com\/blog\/wp-json\/wp\/v2\/types\/post"}],"author":[{"embeddable":true,"href":"https:\/\/www.alquilerargentina.com\/blog\/wp-json\/wp\/v2\/users\/1"}],"replies":[{"embeddable":true,"href":"https:\/\/www.alquilerargentina.com\/blog\/wp-json\/wp\/v2\/comments?post=33390"}],"version-history":[{"count":27,"href":"https:\/\/www.alquilerargentina.com\/blog\/wp-json\/wp\/v2\/posts\/33390\/revisions"}],"predecessor-version":[{"id":33559,"href":"https:\/\/www.alquilerargentina.com\/blog\/wp-json\/wp\/v2\/posts\/33390\/revisions\/33559"}],"wp:featuredmedia":[{"embeddable":true,"href":"https:\/\/www.alquilerargentina.com\/blog\/wp-json\/wp\/v2\/media\/33452"}],"wp:attachment":[{"href":"https:\/\/www.alquilerargentina.com\/blog\/wp-json\/wp\/v2\/media?parent=33390"}],"wp:term":[{"taxonomy":"category","embeddable":true,"href":"https:\/\/www.alquilerargentina.com\/blog\/wp-json\/wp\/v2\/categories?post=33390"},{"taxonomy":"post_tag","embeddable":true,"href":"https:\/\/www.alquilerargentina.com\/blog\/wp-json\/wp\/v2\/tags?post=33390"}],"curies":[{"name":"wp","href":"https:\/\/api.w.org\/{rel}","templated":true}]}}