{"id":33154,"date":"2022-08-26T11:00:30","date_gmt":"2022-08-26T14:00:30","guid":{"rendered":"http:\/\/blog.alquilerargentina.com\/?p=33154"},"modified":"2022-08-31T16:39:52","modified_gmt":"2022-08-31T19:39:52","slug":"todo-lo-que-tenes-que-saber-sobre-el-tren-de-las-nubes","status":"publish","type":"post","link":"https:\/\/www.alquilerargentina.com\/blog\/tips\/todo-lo-que-tenes-que-saber-sobre-el-tren-de-las-nubes.html","title":{"rendered":"Tren de las Nubes: informaci\u00f3n, recorrido y tarifas"},"content":{"rendered":"\n<p><span style=\"background-color: rgb(232, 234, 235);\"><i>Una de las mayores atracciones tur\u00edsticas de la provincia de Salta es sin duda, el <strong>Tren de las Nubes.<\/strong> Descubr\u00ed a continuaci\u00f3n de qu\u00e9 se trata es esta experiencia, cu\u00e1les son los costos y toda la informaci\u00f3n importante para hacer este viaje.<\/i><\/span><\/p>\n\n\n\n<figure class=\"wp-block-image\"><img loading=\"lazy\" decoding=\"async\" width=\"1000\" height=\"700\" src=\"http:\/\/blog.alquilerargentina.com\/wp-content\/uploads\/2019\/06\/todo-lo-que-ten\u00e9s-q-saber-sobre-el-tren-de-las-nubes-portada.jpg\" alt=\"\" class=\"wp-image-33175\" srcset=\"https:\/\/blog3.alquilerargentina.com\/wp-content\/uploads\/2019\/06\/todo-lo-que-ten\u00e9s-q-saber-sobre-el-tren-de-las-nubes-portada.jpg 1000w, https:\/\/blog3.alquilerargentina.com\/wp-content\/uploads\/2019\/06\/todo-lo-que-ten\u00e9s-q-saber-sobre-el-tren-de-las-nubes-portada-300x210.jpg 300w, https:\/\/blog3.alquilerargentina.com\/wp-content\/uploads\/2019\/06\/todo-lo-que-ten\u00e9s-q-saber-sobre-el-tren-de-las-nubes-portada-768x538.jpg 768w\" sizes=\"(max-width: 1000px) 100vw, 1000px\" \/><\/figure>\n\n\n\n<p>Ubicado en la localidad de <strong>San Antonio de los Cobres<\/strong>, provincia de<strong><a rel=\"noreferrer noopener\" aria-label=\" Salta,  (abre en una nueva pesta\u00f1a)\" href=\"https:\/\/www.alquilerargentina.com\/Salta\/?itm_source=blog&amp;itm_medium=paseosyexcursiones&amp;itm_campaign=trendelasnubes&amp;itm_content=salta\" target=\"_blank\"> <\/a><a href=\"https:\/\/www.alquilerargentina.com\/Salta\/?itm_source=blog&amp;itm_medium=paseosyexcursiones&amp;itm_campaign=tren_de_las_nubes&amp;itm_content=salta\" target=\"_blank\" rel=\"noreferrer noopener\" aria-label=\"Salta (abre en una nueva pesta\u00f1a)\">Salta<\/a><a rel=\"noreferrer noopener\" aria-label=\" Salta,  (abre en una nueva pesta\u00f1a)\" href=\"https:\/\/www.alquilerargentina.com\/Salta\/?itm_source=blog&amp;itm_medium=paseosyexcursiones&amp;itm_campaign=trendelasnubes&amp;itm_content=salta\" target=\"_blank\">,<\/a><\/strong>esta atracci\u00f3n debe su nombre al atractivo de encontrarse y posicionarse a grandes niveles de altura. A continuaci\u00f3n, te contamos <em>todo lo que tenes que saber sobre el Tren de las Nubes<\/em>, as\u00ed comenz\u00e1s a planificar tu recorrido por las alturas. <\/p>\n\n\n\n<figure class=\"wp-block-image\"><img loading=\"lazy\" decoding=\"async\" width=\"1000\" height=\"700\" src=\"http:\/\/blog.alquilerargentina.com\/wp-content\/uploads\/2019\/06\/todo-lo-que-ten\u00e9s-q-saber-sobre-el-tren-de-las-nubes-paisajeso\u00f1ado.jpg\" alt=\"\" class=\"wp-image-33177\" srcset=\"https:\/\/blog3.alquilerargentina.com\/wp-content\/uploads\/2019\/06\/todo-lo-que-ten\u00e9s-q-saber-sobre-el-tren-de-las-nubes-paisajeso\u00f1ado.jpg 1000w, https:\/\/blog3.alquilerargentina.com\/wp-content\/uploads\/2019\/06\/todo-lo-que-ten\u00e9s-q-saber-sobre-el-tren-de-las-nubes-paisajeso\u00f1ado-300x210.jpg 300w, https:\/\/blog3.alquilerargentina.com\/wp-content\/uploads\/2019\/06\/todo-lo-que-ten\u00e9s-q-saber-sobre-el-tren-de-las-nubes-paisajeso\u00f1ado-768x538.jpg 768w\" sizes=\"(max-width: 1000px) 100vw, 1000px\" \/><\/figure>\n\n\n\n<p>Creado en el a\u00f1o 1971 por iniciativa de las autoridades del Ferrocarril General Belgrano, y tras su primer viaje el 16 de julio de 1972, este emprendimiento ferrotur\u00edstico se caracteriza por realizar uno de los recorridos m\u00e1s altos del mundo. <\/p>\n\n\n\n<blockquote class=\"wp-block-quote is-layout-flow wp-block-quote-is-layout-flow\"><p><em>Junto a otros 15 trenes de China, Suiza y Estados Unidos, el <strong>Tren de las Nubes<\/strong>&nbsp;fue&nbsp;seleccionado por&nbsp;National Geographic como&nbsp;<strong>uno de los viajes ferroviarios m\u00e1s relevantes del mundo.<\/strong><\/em> <\/p><\/blockquote>\n\n\n\n<h3 class=\"wp-block-heading\"> \u00bfC\u00f3mo es el recorrido? <\/h3>\n\n\n\n<p><strong>Se trata de una excursi\u00f3n de d\u00eda completo,<\/strong> en la que el usuario interact\u00faa con las comunidades, aprende sobre su cultura, y disfruta de los paisajes a trav\u00e9s de la ingenier\u00eda suprema del ramal c14. <br \/><br \/>Es sin duda, un conjunto de experiencias  \u00fanicas e inolvidables. <strong>El Tren de las Nubes logr\u00f3 la distinci\u00f3n \u201cMarca Pa\u00eds\u201d.<\/strong><\/p>\n\n\n\n<figure class=\"wp-block-image\"><img loading=\"lazy\" decoding=\"async\" width=\"1000\" height=\"700\" src=\"http:\/\/blog.alquilerargentina.com\/wp-content\/uploads\/2019\/06\/todo-lo-que-ten\u00e9s-q-saber-sobre-el-tren-de-las-nubes-alfarcito.jpg\" alt=\"\" class=\"wp-image-33178\" srcset=\"https:\/\/blog3.alquilerargentina.com\/wp-content\/uploads\/2019\/06\/todo-lo-que-ten\u00e9s-q-saber-sobre-el-tren-de-las-nubes-alfarcito.jpg 1000w, https:\/\/blog3.alquilerargentina.com\/wp-content\/uploads\/2019\/06\/todo-lo-que-ten\u00e9s-q-saber-sobre-el-tren-de-las-nubes-alfarcito-300x210.jpg 300w, https:\/\/blog3.alquilerargentina.com\/wp-content\/uploads\/2019\/06\/todo-lo-que-ten\u00e9s-q-saber-sobre-el-tren-de-las-nubes-alfarcito-768x538.jpg 768w\" sizes=\"(max-width: 1000px) 100vw, 1000px\" \/><\/figure>\n\n\n\n<p>El Tren de las Nubes se distingue porque llega a m\u00e1s de 4220 metros de altura sobre el nivel del mar. La vista de las monta\u00f1as de Salta conforman que pueden apreciarse desde el tren, una de las postales m\u00e1s ic\u00f3nicas del lugar. <\/p>\n\n\n\n<p>Para el recorrido se puede adquirir un paseo combinado de bus y tren, o solo adquirir el pasaje en tren. Si se opta por la primera modalidad, el tour parte a las 7 horas de la Estaci\u00f3n de Trenes, y posteriormente se dirige por ruta 51 recorriendo las siguientes localidades: <\/p>\n\n\n\n<h4 class=\"wp-block-heading\"><strong>Campo Quijano<\/strong><\/h4>\n\n\n\n<p> Se encuentra a 30 km de la Ciudad de Salta en la antesala de la ruta y camino natural que conduce hacia la regi\u00f3n de la Puna. E<strong>ste poblado denominado \u201cPortal de los Andes<\/strong>\u201d recibe al visitante con el primer descenso de la excursi\u00f3n en una referencia hist\u00f3rica acerca de la obra de ingenier\u00eda m\u00e1s emblem\u00e1tica de Salta: el ramal ferroviario C-14.<\/p>\n\n\n\n<h4 class=\"wp-block-heading\"><strong>El Alfarcito<\/strong><\/h4>\n\n\n\n<p>Se encuentra a 2.800 msnm. Se puede visitar<strong> la pintoresca capilla, donde el patrono es San Cayetano<\/strong>. Las familias viven de las artesan\u00edas y poseen una econom\u00eda de subsistencia basada en la agricultura y la cr\u00eda de cabras y ovejas, liebres, guanacos, vizcachas, burros y caballos. <\/p>\n\n\n\n<h4 class=\"wp-block-heading\"><strong>San Antonio de los Cobres<\/strong><\/h4>\n\n\n\n<p>Es punto de trasbordo de esta experiencia; all\u00ed, el contingente se traslada a la Estaci\u00f3n de Trenes donde los viajeros se embarcan en el Tren a las Nubes que los lleva al Viaducto La Polvorilla. <\/p>\n\n\n\n<p>El recorrido es de una hora hasta el viaducto, a 4.200 msnm, donde se atraviesa<strong> la obra m\u00e1s imponente de la ingenier\u00eda del siglo pasado<\/strong>. Luego de 30 minutos se inicia el regreso nuevamente a San Antonio de los Cobres donde los pasajeros embarcan en los buses para retornar a la Ciudad de Salta.<\/p>\n\n\n\n<h4 class=\"wp-block-heading\"><strong>Santa Rosa de Tastil<\/strong><\/h4>\n\n\n\n<p>La \u00faltima parada es en Santa Rosa de Tastil, \u00e1rea de influencia del Qhapaq \u00d1an en la Provincia de Salta y centro administrativo de la Quebrada del Toro. All\u00ed se puede visitar <strong>el Museo de Sitio, que exhibe piezas y objetos pertenecientes al sitio arqueol\u00f3gico ubicado en la parte alta del cerro, <\/strong>muy pr\u00f3ximo al actual poblado. <\/p>\n\n\n\n<p>El sitio arqueol\u00f3gico es uno de los m\u00e1s grandes de nuestro pa\u00eds, <strong>se calcula que lleg\u00f3 a albergar aproximadamente 3.000 personas. <\/strong>Tambi\u00e9n se puede comprar distintas artesan\u00edas y productos locales en el Centro de Artesanos de la comunidad. Luego de la visita se contin\u00faa el regreso hasta la capital salte<\/p>\n\n\n\n<figure class=\"wp-block-image\"><img loading=\"lazy\" decoding=\"async\" width=\"1000\" height=\"700\" src=\"http:\/\/blog.alquilerargentina.com\/wp-content\/uploads\/2019\/06\/todo-lo-que-ten\u00e9s-q-saber-sobre-el-tren-de-las-nubes-recorriendosalta.jpg\" alt=\"\" class=\"wp-image-33176\" srcset=\"https:\/\/blog3.alquilerargentina.com\/wp-content\/uploads\/2019\/06\/todo-lo-que-ten\u00e9s-q-saber-sobre-el-tren-de-las-nubes-recorriendosalta.jpg 1000w, https:\/\/blog3.alquilerargentina.com\/wp-content\/uploads\/2019\/06\/todo-lo-que-ten\u00e9s-q-saber-sobre-el-tren-de-las-nubes-recorriendosalta-300x210.jpg 300w, https:\/\/blog3.alquilerargentina.com\/wp-content\/uploads\/2019\/06\/todo-lo-que-ten\u00e9s-q-saber-sobre-el-tren-de-las-nubes-recorriendosalta-768x538.jpg 768w\" sizes=\"(max-width: 1000px) 100vw, 1000px\" \/><\/figure>\n\n\n\n<h2 class=\"wp-block-heading\">\u00bfCu\u00e1nto cuesta el paseo?<\/h2>\n\n\n\n<p>Las tarifas del Tren de las Nubes dependen de las fechas en las que se realice el viaje. Se pueden consultar a trav\u00e9s de los siguientes medios: <\/p>\n\n\n\n<ul><li><a href=\"https:\/\/trenalasnubes.com.ar\/tarifas-es\/\">Sitio web oficial Tren de las Nubes<\/a><\/li><li><strong>Oficina de ventas: <\/strong>Ameghino 660 &#8211; Estaci\u00f3n Central de Trenes, Ciudad de Salta.  Horarios de atenci\u00f3n: Lunes a Viernes de 8 a 20 hs \u2013 S\u00e1bados de 9 a 15 hs. <\/li><li><strong>Venta telef\u00f3nica: <\/strong>0800 888 NUBE (6823)  Lunes a Viernes de 8 a 20 hs \u2013 S\u00e1bados de 9 a 15 hs. <\/li><li><strong>Correo electr\u00f3nico: <\/strong> ventas@trenalasnubes.com.ar  Podr\u00e1s enviar tu consulta de reserva las 24 hs. <\/li><\/ul>\n\n\n\n<ul><li><strong>Whatsapp<\/strong>:  543875104822 o <a rel=\"noreferrer noopener\" href=\"https:\/\/api.whatsapp.com\/send?phone=543875104892&amp;text=Quiero%20quiero%20comprar%20pasajes%20para%20el%20Tren%20m%C3%A1s%20Asombroso%20del%20Mundo%21\" target=\"_blank\">Click aqu\u00ed. <\/a>Podr\u00e1s enviar tu consulta de reserva las 24 hs<\/li><\/ul>\n\n\n\n<p><a href=\"https:\/\/www.alquilerargentina.com\/Salta\/?itm_source=blog&amp;itm_medium=paseosyexcursiones&amp;itm_campaign=tren_de_las_nubes&amp;itm_content=salta\">No dejes de visitar el Tren de las Nubes en la hermosa ciudad de Salta<\/a><\/p>\n","protected":false},"excerpt":{"rendered":"<p>Una de las mayores atracciones tur\u00edsticas de la provincia de Salta es sin duda, el Tren de las Nubes. Descubr\u00ed a continuaci\u00f3n de qu\u00e9 se trata es esta experiencia, cu\u00e1les son los costos y toda la informaci\u00f3n importante para hacer este viaje. Ubicado en la localidad de San Antonio de los Cobres, provincia de Salta,esta&#8230;<\/p>\n","protected":false},"author":1,"featured_media":33180,"comment_status":"open","ping_status":"open","sticky":false,"template":"","format":"standard","meta":{"footnotes":""},"categories":[1269],"tags":[],"_links":{"self":[{"href":"https:\/\/www.alquilerargentina.com\/blog\/wp-json\/wp\/v2\/posts\/33154"}],"collection":[{"href":"https:\/\/www.alquilerargentina.com\/blog\/wp-json\/wp\/v2\/posts"}],"about":[{"href":"https:\/\/www.alquilerargentina.com\/blog\/wp-json\/wp\/v2\/types\/post"}],"author":[{"embeddable":true,"href":"https:\/\/www.alquilerargentina.com\/blog\/wp-json\/wp\/v2\/users\/1"}],"replies":[{"embeddable":true,"href":"https:\/\/www.alquilerargentina.com\/blog\/wp-json\/wp\/v2\/comments?post=33154"}],"version-history":[{"count":18,"href":"https:\/\/www.alquilerargentina.com\/blog\/wp-json\/wp\/v2\/posts\/33154\/revisions"}],"predecessor-version":[{"id":44349,"href":"https:\/\/www.alquilerargentina.com\/blog\/wp-json\/wp\/v2\/posts\/33154\/revisions\/44349"}],"wp:featuredmedia":[{"embeddable":true,"href":"https:\/\/www.alquilerargentina.com\/blog\/wp-json\/wp\/v2\/media\/33180"}],"wp:attachment":[{"href":"https:\/\/www.alquilerargentina.com\/blog\/wp-json\/wp\/v2\/media?parent=33154"}],"wp:term":[{"taxonomy":"category","embeddable":true,"href":"https:\/\/www.alquilerargentina.com\/blog\/wp-json\/wp\/v2\/categories?post=33154"},{"taxonomy":"post_tag","embeddable":true,"href":"https:\/\/www.alquilerargentina.com\/blog\/wp-json\/wp\/v2\/tags?post=33154"}],"curies":[{"name":"wp","href":"https:\/\/api.w.org\/{rel}","templated":true}]}}