{"id":32508,"date":"2019-05-06T10:00:28","date_gmt":"2019-05-06T13:00:28","guid":{"rendered":"http:\/\/blog.alquilerargentina.com\/?p=32508"},"modified":"2019-05-02T12:50:19","modified_gmt":"2019-05-02T15:50:19","slug":"veni-a-conocer-el-nuevo-puente-en-cordoba","status":"publish","type":"post","link":"https:\/\/www.alquilerargentina.com\/blog\/paseos-y-excursiones\/veni-a-conocer-el-nuevo-puente-en-cordoba.html","title":{"rendered":"Ven\u00ed a conocer el nuevo puente en C\u00f3rdoba"},"content":{"rendered":"\n<p><em>El <strong><a rel=\"noreferrer noopener\" aria-label=\" (abre en una nueva pesta\u00f1a)\" href=\"https:\/\/www.alquilerargentina.com\/Cordoba\/Valle-De-Punilla\/?itm_source=blog&amp;itm_medium=paseos-y-escursiones&amp;itm_campaign=puente-arco&amp;itm_content=valle_de_punilla\" target=\"_blank\">Valle de Punilla<\/a><\/strong> suma una nuevo paseo: el <strong>puente arco<\/strong> sobre el <strong>Lago San Roque<\/strong>, \u00fanico en su tipo con m\u00e1s de 300 metros y vistas \u00fanicas sobre el Dique<\/em>.<\/p>\n\n\n\n<figure class=\"wp-block-image\"><img loading=\"lazy\" decoding=\"async\" width=\"1000\" height=\"700\" src=\"http:\/\/blog.alquilerargentina.com\/wp-content\/uploads\/2019\/04\/Ven\u00ed-a-conocer-el-nuevo-puente-en-C\u00f3rdoba-portada-2.jpg\" alt=\"\" class=\"wp-image-32519\" srcset=\"https:\/\/blog3.alquilerargentina.com\/wp-content\/uploads\/2019\/04\/Ven\u00ed-a-conocer-el-nuevo-puente-en-C\u00f3rdoba-portada-2.jpg 1000w, https:\/\/blog3.alquilerargentina.com\/wp-content\/uploads\/2019\/04\/Ven\u00ed-a-conocer-el-nuevo-puente-en-C\u00f3rdoba-portada-2-300x210.jpg 300w, https:\/\/blog3.alquilerargentina.com\/wp-content\/uploads\/2019\/04\/Ven\u00ed-a-conocer-el-nuevo-puente-en-C\u00f3rdoba-portada-2-768x538.jpg 768w\" sizes=\"(max-width: 1000px) 100vw, 1000px\" \/><\/figure>\n\n\n\n<p>E<em>l dique San Roque<\/em> tiene un nuevo punto de referencia y es el <strong>puente arco<\/strong>. Con el nombre del ex gobernador fallecido <strong>Jos\u00e9 Manuel De la Sota<\/strong>, su construcci\u00f3n es una obra de ingenier\u00eda in\u00e9dita en Sudam\u00e9rica y representar\u00e1 un nuevo corredor tur\u00edstico en la nueva ruta Variante Costa Azul.<\/p>\n\n\n\n<figure class=\"wp-block-image\"><img loading=\"lazy\" decoding=\"async\" width=\"1000\" height=\"700\" src=\"http:\/\/blog.alquilerargentina.com\/wp-content\/uploads\/2019\/04\/Ven\u00ed-a-conocer-el-nuevo-puente-en-C\u00f3rdoba-portada-3.jpg\" alt=\"\" class=\"wp-image-32522\" srcset=\"https:\/\/blog3.alquilerargentina.com\/wp-content\/uploads\/2019\/04\/Ven\u00ed-a-conocer-el-nuevo-puente-en-C\u00f3rdoba-portada-3.jpg 1000w, https:\/\/blog3.alquilerargentina.com\/wp-content\/uploads\/2019\/04\/Ven\u00ed-a-conocer-el-nuevo-puente-en-C\u00f3rdoba-portada-3-300x210.jpg 300w, https:\/\/blog3.alquilerargentina.com\/wp-content\/uploads\/2019\/04\/Ven\u00ed-a-conocer-el-nuevo-puente-en-C\u00f3rdoba-portada-3-768x538.jpg 768w\" sizes=\"(max-width: 1000px) 100vw, 1000px\" \/><\/figure>\n\n\n\n<p>El<a rel=\"noreferrer noopener\" aria-label=\" Valle de Punilla  (abre en una nueva pesta\u00f1a)\" href=\"https:\/\/www.alquilerargentina.com\/C%C3%B3rdoba\/Valle-De-Punilla\/?itm_source=blog&amp;itm_medium=paseosyesxcursiones&amp;itm_campaign=puentearco&amp;itm_content=valledepunilla\" target=\"_blank\"> Valle de <\/a><a rel=\"noreferrer noopener\" aria-label=\"Punilla  (abre en una nueva pesta\u00f1a)\" href=\"https:\/\/www.alquilerargentina.com\/Cordoba\/Valle-De-Punilla\/?itm_source=blog&amp;itm_medium=paseos-y-escursiones&amp;itm_campaign=puente-arco&amp;itm_content=valle_de_punilla\" target=\"_blank\">Punilla <\/a>suma as\u00ed una nueva obra que permitir\u00e1 en un paseo r\u00e1pido, llegar a las distintas localidades del norte del valle de una manera m\u00e1s \u00e1gil y descongestionada, pero tambi\u00e9n realizar un hermoso paseo observando el viejo Dique San Roque, el lago y la ciudad de <a rel=\"noreferrer noopener\" aria-label=\"Villa Carlos Paz. (abre en una nueva pesta\u00f1a)\" href=\"https:\/\/www.alquilerargentina.com\/C%C3%B3rdoba\/Villa-Carlos-Paz\/?itm_source=blog&amp;itm_medium=paseosyesxcursiones&amp;itm_campaign=puentearco&amp;itm_content=villacarlospaz\" target=\"_blank\">Villa <\/a><a href=\"https:\/\/www.alquilerargentina.com\/Cordoba\/Villa-Carlos-Paz\/?itm_source=blog&amp;itm_medium=paseos-y-escursiones&amp;itm_campaign=puente-arco&amp;itm_content=villa_carlos_paz\" target=\"_blank\" rel=\"noreferrer noopener\" aria-label=\"Carlos  (abre en una nueva pesta\u00f1a)\">Carlos <\/a><a rel=\"noreferrer noopener\" aria-label=\"Villa Carlos Paz. (abre en una nueva pesta\u00f1a)\" href=\"https:\/\/www.alquilerargentina.com\/C%C3%B3rdoba\/Villa-Carlos-Paz\/?itm_source=blog&amp;itm_medium=paseosyesxcursiones&amp;itm_campaign=puentearco&amp;itm_content=villacarlospaz\" target=\"_blank\">Paz.<\/a><\/p>\n\n\n\n<p>La atracci\u00f3n cuenta con pasos peatonales y dos arcos de 156 metros cada uno, que se imponen como un sello de identidad sobre la sierras cordobesas.<\/p>\n\n\n\n<figure class=\"wp-block-image\"><img loading=\"lazy\" decoding=\"async\" width=\"1000\" height=\"700\" src=\"http:\/\/blog.alquilerargentina.com\/wp-content\/uploads\/2019\/04\/Ven\u00ed-a-conocer-el-nuevo-puente-en-C\u00f3rdoba-portada-4.jpg\" alt=\"\" class=\"wp-image-32523\" srcset=\"https:\/\/blog3.alquilerargentina.com\/wp-content\/uploads\/2019\/04\/Ven\u00ed-a-conocer-el-nuevo-puente-en-C\u00f3rdoba-portada-4.jpg 1000w, https:\/\/blog3.alquilerargentina.com\/wp-content\/uploads\/2019\/04\/Ven\u00ed-a-conocer-el-nuevo-puente-en-C\u00f3rdoba-portada-4-300x210.jpg 300w, https:\/\/blog3.alquilerargentina.com\/wp-content\/uploads\/2019\/04\/Ven\u00ed-a-conocer-el-nuevo-puente-en-C\u00f3rdoba-portada-4-768x538.jpg 768w\" sizes=\"(max-width: 1000px) 100vw, 1000px\" \/><\/figure>\n\n\n\n<p>Este nuevo corredor tur\u00edstico permite adem\u00e1s, visitar algunos atractivos cercanos como la <strong>Plaza Federal<\/strong>, la <strong>Estaci\u00f3n del Tren de las Sierras<\/strong> de la <strong>Comuna San Roque<\/strong>, la <strong>iglesia San Pl\u00e1cido<\/strong>, o el horno de <strong>Bialet Mass\u00e9<\/strong>, donde se prepar\u00f3 el material para la construcci\u00f3n del dique.<\/p>\n","protected":false},"excerpt":{"rendered":"<p>El Valle de Punilla suma una nuevo paseo: el puente arco sobre el Lago San Roque, \u00fanico en su tipo con m\u00e1s de 300 metros y vistas \u00fanicas sobre el Dique. El dique San Roque tiene un nuevo punto de referencia y es el puente arco. Con el nombre del ex gobernador fallecido Jos\u00e9 Manuel&#8230;<\/p>\n","protected":false},"author":1,"featured_media":32520,"comment_status":"open","ping_status":"open","sticky":false,"template":"","format":"standard","meta":{"footnotes":""},"categories":[3588],"tags":[],"_links":{"self":[{"href":"https:\/\/www.alquilerargentina.com\/blog\/wp-json\/wp\/v2\/posts\/32508"}],"collection":[{"href":"https:\/\/www.alquilerargentina.com\/blog\/wp-json\/wp\/v2\/posts"}],"about":[{"href":"https:\/\/www.alquilerargentina.com\/blog\/wp-json\/wp\/v2\/types\/post"}],"author":[{"embeddable":true,"href":"https:\/\/www.alquilerargentina.com\/blog\/wp-json\/wp\/v2\/users\/1"}],"replies":[{"embeddable":true,"href":"https:\/\/www.alquilerargentina.com\/blog\/wp-json\/wp\/v2\/comments?post=32508"}],"version-history":[{"count":7,"href":"https:\/\/www.alquilerargentina.com\/blog\/wp-json\/wp\/v2\/posts\/32508\/revisions"}],"predecessor-version":[{"id":32534,"href":"https:\/\/www.alquilerargentina.com\/blog\/wp-json\/wp\/v2\/posts\/32508\/revisions\/32534"}],"wp:featuredmedia":[{"embeddable":true,"href":"https:\/\/www.alquilerargentina.com\/blog\/wp-json\/wp\/v2\/media\/32520"}],"wp:attachment":[{"href":"https:\/\/www.alquilerargentina.com\/blog\/wp-json\/wp\/v2\/media?parent=32508"}],"wp:term":[{"taxonomy":"category","embeddable":true,"href":"https:\/\/www.alquilerargentina.com\/blog\/wp-json\/wp\/v2\/categories?post=32508"},{"taxonomy":"post_tag","embeddable":true,"href":"https:\/\/www.alquilerargentina.com\/blog\/wp-json\/wp\/v2\/tags?post=32508"}],"curies":[{"name":"wp","href":"https:\/\/api.w.org\/{rel}","templated":true}]}}