{"id":32371,"date":"2019-04-22T17:00:35","date_gmt":"2019-04-22T20:00:35","guid":{"rendered":"http:\/\/blog.alquilerargentina.com\/?p=32371"},"modified":"2019-04-22T16:23:01","modified_gmt":"2019-04-22T19:23:01","slug":"vamos-a-tomar-el-te-mira-estos-lugares-en-villa-gesell","status":"publish","type":"post","link":"https:\/\/www.alquilerargentina.com\/blog\/paseos-y-excursiones\/vamos-a-tomar-el-te-mira-estos-lugares-en-villa-gesell.html","title":{"rendered":"\u00bfVamos a tomar el t\u00e9? Mir\u00e1 estos lugares en Villa Gesell"},"content":{"rendered":"\n<p><em>No hay nada como ir a <strong><a href=\"https:\/\/www.alquilerargentina.com\/Buenos-Aires\/Villa-Gesell\/?itm_source=blog&amp;itm_medium=paseos-y-excursiones&amp;itm_campaign=te-villa-gesell&amp;itm_content=villa_gesell\" target=\"_blank\" rel=\"noreferrer noopener\" aria-label=\"Villa  (abre en una nueva pesta\u00f1a)\">Villa <\/a><a rel=\"noreferrer noopener\" aria-label=\"Gesell (abre en una nueva pesta\u00f1a)\" href=\"https:\/\/www.alquilerargentina.com\/Buenos-Aires\/Villa-Gesell\/?itm_source=blog&amp;itm_medium=paseos-y-excursiones&amp;itm_campaign=te-villa-gesell&amp;itm_content=villa_gesell\" target=\"_blank\">Gesell<\/a><\/strong>. Las playas, el mar -inclusive en oto\u00f1o-, la noche. Pero por las tardes no hay como recorrer su <\/em><strong><em>Circuito de casas de t\u00e9. <\/em><\/strong><em>Ideal para quienes quieran relax y conocer la otra cara de esta localidad, degustando los reposter\u00eda artesanal, infusiones, tablas de fiambres y platos t\u00edpicos centroeuropeos.<\/em><\/p>\n\n\n\n<p>Son en total siete emprendimientos familiares, en donde se puede sentir la impronta alemana de la familia de <strong>Carlos Gesell -fundador de la ciudad<\/strong>-. Pero siempre enriquecido por inmigrantes espa\u00f1oles, italianos, austr\u00edacos, lituanos, libaneses, jud\u00edos y paraguayos -entre otras colectividades-, que han dejado sus huellas en los sabores, para que toda persona tenga un viaje de sabores ahora&#8230;<\/p>\n\n\n\n<p>A continuaci\u00f3n los lugares para tomarse m\u00e1s de cinco minutos y tomarse m\u00e1s que un solo t\u00e9.<\/p>\n\n\n\n<h4 class=\"wp-block-heading\">Casa de t\u00e9 La Holandesa<\/h4>\n\n\n\n<p>Legendaria pasteler\u00eda &#8211; casa de t\u00e9, tortas y dulces que funcionaba desde 1956 en la esquina de 6 y Paseo 111-, La Holandesa -en 1 y 116- a\u00f1adi\u00f3 a la carta una amplia variedad de cervezas artesanales de Mar del Plata y platos muy elaborados. <\/p>\n\n\n\n<figure class=\"wp-block-image\"><img loading=\"lazy\" decoding=\"async\" width=\"1000\" height=\"700\" src=\"http:\/\/blog.alquilerargentina.com\/wp-content\/uploads\/2019\/04\/holandesa.jpg\" alt=\"\" class=\"wp-image-32394\" srcset=\"https:\/\/blog3.alquilerargentina.com\/wp-content\/uploads\/2019\/04\/holandesa.jpg 1000w, https:\/\/blog3.alquilerargentina.com\/wp-content\/uploads\/2019\/04\/holandesa-300x210.jpg 300w, https:\/\/blog3.alquilerargentina.com\/wp-content\/uploads\/2019\/04\/holandesa-768x538.jpg 768w\" sizes=\"(max-width: 1000px) 100vw, 1000px\" \/><\/figure>\n\n\n\n<p>Cuenta con salones y el deck exterior, donde degustar los cookies crocantes con caramelo y manteca son una obligaci\u00f3n. Inclusive fueron de los preferidos cuando el embajador de Holanda durante su visita a la zona. Como tambi\u00e9n probar alg\u00fan t\u00e9 en hebras importado de Inglaterra o Sri Lanka y la torta Alejandra, creada por la due\u00f1a de casa en honor a su hija, que lleva canela, clavo, az\u00facar negra, crema y otros secretos que le dan el toque justo. <\/p>\n\n\n\n<p>El local se puede visitar de jueves a domingos a partir de las 19. En Mar Azul -a 8 km de <a href=\"https:\/\/www.alquilerargentina.com\/Buenos-Aires\/Villa-Gesell\/?itm_source=blog&amp;itm_medium=paseos-y-excursiones&amp;itm_campaign=te-villa-gesell&amp;itm_content=villa_gesell\" target=\"_blank\" rel=\"noreferrer noopener\" aria-label=\"Villa Gesell (abre en una nueva pesta\u00f1a)\">Villa Gesell<\/a>&#8211; hay una sucursal de La Holandesa a cargo de Pablo, hijo de In\u00e9s y Roberto.<\/p>\n\n\n\n<p>Reservas. (02255) 47-2722.<\/p>\n\n\n\n<h4 class=\"wp-block-heading\">Casa de t\u00e9 La Austr\u00edaca<\/h4>\n\n\n\n<p>La fachada del chal\u00e9 -en 4 y Paseo 129- y su colorida decoraci\u00f3n de estilo tirol\u00e9s nos hacen acordar pintorescos poblados alpinos de Alemania, \u00c1ustria o Suiza. <\/p>\n\n\n\n<figure class=\"wp-block-image\"><img loading=\"lazy\" decoding=\"async\" width=\"1000\" height=\"700\" src=\"http:\/\/blog.alquilerargentina.com\/wp-content\/uploads\/2019\/04\/us.jpg\" alt=\"\" class=\"wp-image-32411\" srcset=\"https:\/\/blog3.alquilerargentina.com\/wp-content\/uploads\/2019\/04\/us.jpg 1000w, https:\/\/blog3.alquilerargentina.com\/wp-content\/uploads\/2019\/04\/us-300x210.jpg 300w, https:\/\/blog3.alquilerargentina.com\/wp-content\/uploads\/2019\/04\/us-768x538.jpg 768w\" sizes=\"(max-width: 1000px) 100vw, 1000px\" \/><\/figure>\n\n\n\n<p>Aqu\u00ed pueden degustar platos sabrosos y reposter\u00eda de calidad van de la mano con la ambientaci\u00f3n. Y eso se ve en cada brownie, tartas, strudel, selva negra, sacher torte, goulasch de cerveza, etc, etc&#8230; <\/p>\n\n\n\n<p>Federico Holotiuk (descendiente de austroh\u00fangaros) y su esposa Marianne H\u00fcbert, cuyo or\u00edgen registra antepasados alemanes y escoceses, son los responsables de que la gente se vaya del lugar con un recuerdo latente, en la memoria, pero adem\u00e1s en el paladar.  El lugar abre a las 16 y cierra alrededor de la medianoche.<\/p>\n\n\n\n<figure class=\"wp-block-image\"><img loading=\"lazy\" decoding=\"async\" width=\"1000\" height=\"700\" src=\"http:\/\/blog.alquilerargentina.com\/wp-content\/uploads\/2019\/04\/pabn.jpg\" alt=\"\" class=\"wp-image-32412\" srcset=\"https:\/\/blog3.alquilerargentina.com\/wp-content\/uploads\/2019\/04\/pabn.jpg 1000w, https:\/\/blog3.alquilerargentina.com\/wp-content\/uploads\/2019\/04\/pabn-300x210.jpg 300w, https:\/\/blog3.alquilerargentina.com\/wp-content\/uploads\/2019\/04\/pabn-768x538.jpg 768w\" sizes=\"(max-width: 1000px) 100vw, 1000px\" \/><\/figure>\n\n\n\n<p>Reservas. (02255) 46-6631.<\/p>\n\n\n\n<h4 class=\"wp-block-heading\">Casa de t\u00e9 Las Cortaderas<\/h4>\n\n\n\n<p>\n\nEnmarcado en un lugar lleno de pinos, acacias, eucaliptos que rodean las mesas dispuestas en la terraza al aire libre y en el sal\u00f3n, este lugar es ideal para visitar y probar exquisiteces. Ana Stolis, hija del fundador,  conserva la colecci\u00f3n de libros que estuvieron desde la creaci\u00f3n de la casa de t\u00e9 y f\u00e1brica artesanal de tortas en 1984. \n\n<\/p>\n\n\n\n<figure class=\"wp-block-image\"><img loading=\"lazy\" decoding=\"async\" width=\"1000\" height=\"700\" src=\"http:\/\/blog.alquilerargentina.com\/wp-content\/uploads\/2019\/04\/luga.jpg\" alt=\"\" class=\"wp-image-32413\" srcset=\"https:\/\/blog3.alquilerargentina.com\/wp-content\/uploads\/2019\/04\/luga.jpg 1000w, https:\/\/blog3.alquilerargentina.com\/wp-content\/uploads\/2019\/04\/luga-300x210.jpg 300w, https:\/\/blog3.alquilerargentina.com\/wp-content\/uploads\/2019\/04\/luga-768x538.jpg 768w\" sizes=\"(max-width: 1000px) 100vw, 1000px\" \/><\/figure>\n\n\n\n<p>Hoy en d\u00eda cuenta con un men\u00fa cambiante que incluye desayunos y meriendas con productos naturales,  t\u00e9s en hebras, una torta crocante de crema con dulce de leche y merengue, que se destaca, mousse de chocolate o de lim\u00f3n con merengue italiano, entre otras. A Las Cortaderas se llega a trav\u00e9s de un sendero de 30 metros que se interna en el bosque desde el port\u00f3n de entrada, en avenida Buenos Aires 1520 casi Circunvalaci\u00f3n.<\/p>\n\n\n\n<figure class=\"wp-block-image\"><img loading=\"lazy\" decoding=\"async\" width=\"1000\" height=\"700\" src=\"http:\/\/blog.alquilerargentina.com\/wp-content\/uploads\/2019\/04\/del.jpg\" alt=\"\" class=\"wp-image-32414\" srcset=\"https:\/\/blog3.alquilerargentina.com\/wp-content\/uploads\/2019\/04\/del.jpg 1000w, https:\/\/blog3.alquilerargentina.com\/wp-content\/uploads\/2019\/04\/del-300x210.jpg 300w, https:\/\/blog3.alquilerargentina.com\/wp-content\/uploads\/2019\/04\/del-768x538.jpg 768w\" sizes=\"(max-width: 1000px) 100vw, 1000px\" \/><\/figure>\n\n\n\n<p>Reservas. (02255) 47-8689.<\/p>\n\n\n\n<h4 class=\"wp-block-heading\">Casa de t\u00e9 Bakeology<\/h4>\n\n\n\n<p>Es la casa de t\u00e9 m\u00e1s cercana al centro -en 107 entre la avenida 3 y la calle 4-,  pero eso no atenta para su tranquilidad. 14 mesas para que nadie quede afuera de \u201cla cuna del cheescake de Villa Gesell\u201d, como se la conoce.<\/p>\n\n\n\n<figure class=\"wp-block-image\"><img loading=\"lazy\" decoding=\"async\" width=\"1000\" height=\"700\" src=\"http:\/\/blog.alquilerargentina.com\/wp-content\/uploads\/2019\/04\/amin.jpg\" alt=\"\" class=\"wp-image-32416\" srcset=\"https:\/\/blog3.alquilerargentina.com\/wp-content\/uploads\/2019\/04\/amin.jpg 1000w, https:\/\/blog3.alquilerargentina.com\/wp-content\/uploads\/2019\/04\/amin-300x210.jpg 300w, https:\/\/blog3.alquilerargentina.com\/wp-content\/uploads\/2019\/04\/amin-768x538.jpg 768w\" sizes=\"(max-width: 1000px) 100vw, 1000px\" \/><\/figure>\n\n\n\n<p>Natalia Mango, su due\u00f1a, cocina a la vista sus budines de zanahoria y de banana, adem\u00e1s de la reconocida torta de queso. El lugar funciona todos los d\u00edas del a\u00f1o de 8 a 21.<\/p>\n\n\n\n<figure class=\"wp-block-image\"><img loading=\"lazy\" decoding=\"async\" width=\"1000\" height=\"700\" src=\"http:\/\/blog.alquilerargentina.com\/wp-content\/uploads\/2019\/04\/herm.jpg\" alt=\"\" class=\"wp-image-32417\" srcset=\"https:\/\/blog3.alquilerargentina.com\/wp-content\/uploads\/2019\/04\/herm.jpg 1000w, https:\/\/blog3.alquilerargentina.com\/wp-content\/uploads\/2019\/04\/herm-300x210.jpg 300w, https:\/\/blog3.alquilerargentina.com\/wp-content\/uploads\/2019\/04\/herm-768x538.jpg 768w\" sizes=\"(max-width: 1000px) 100vw, 1000px\" \/><\/figure>\n\n\n\n<p>Reservas. (02255) 46-5552.<\/p>\n\n\n\n<h4 class=\"wp-block-heading\">Casa de t\u00e9 El Churrinche<\/h4>\n\n\n\n<p>Este lugar es muy importante, porque tiene ra\u00edces de Gesell. Y literalmente es as\u00ed, ya que era la casa de artesan\u00edas de \u00darsula \u201cTrudy\u201d Gesell -una de las tres hijas de Carlos Gesell- que mut\u00f3 en una casa de t\u00e9 y reposter\u00eda. <\/p>\n\n\n\n<figure class=\"wp-block-image\"><img loading=\"lazy\" decoding=\"async\" width=\"1000\" height=\"700\" src=\"http:\/\/blog.alquilerargentina.com\/wp-content\/uploads\/2019\/04\/xchu.jpg\" alt=\"\" class=\"wp-image-32427\" srcset=\"https:\/\/blog3.alquilerargentina.com\/wp-content\/uploads\/2019\/04\/xchu.jpg 1000w, https:\/\/blog3.alquilerargentina.com\/wp-content\/uploads\/2019\/04\/xchu-300x210.jpg 300w, https:\/\/blog3.alquilerargentina.com\/wp-content\/uploads\/2019\/04\/xchu-768x538.jpg 768w\" sizes=\"(max-width: 1000px) 100vw, 1000px\" \/><\/figure>\n\n\n\n<p>Fondue, chocolates y tortas como lemon pie, de manzana con az\u00facar negra, ricota con frutos rojos, dulce de leche y chocolate, ricota con nuez y ciruelas con chocolate, es algo de lo que se puede probar. Adem\u00e1s de contar con artesan\u00edas, piedras de colores, una colecci\u00f3n de teteras para que se lleven todo tipo de recuerdos. Av. Buenos Aires y 205.<\/p>\n\n\n\n<p>Reservas. (02255) 46-0694.<\/p>\n\n\n\n<h4 class=\"wp-block-heading\">Casa de t\u00e9 El Viejo Hobbit<\/h4>\n\n\n\n<p>Es una casa de t\u00e9, que adem\u00e1s es cervecer\u00eda y almac\u00e9n de quesos artesanales de Tandil. Cuenta con una ambientaci\u00f3n de estilo medieval, un rasgo distintivo que se extiende a los platos del men\u00fa y el vestuario de los mozos. <\/p>\n\n\n\n<figure class=\"wp-block-image\"><img loading=\"lazy\" decoding=\"async\" width=\"1000\" height=\"700\" src=\"http:\/\/blog.alquilerargentina.com\/wp-content\/uploads\/2019\/04\/viejo.jpg\" alt=\"\" class=\"wp-image-32428\" srcset=\"https:\/\/blog3.alquilerargentina.com\/wp-content\/uploads\/2019\/04\/viejo.jpg 1000w, https:\/\/blog3.alquilerargentina.com\/wp-content\/uploads\/2019\/04\/viejo-300x210.jpg 300w, https:\/\/blog3.alquilerargentina.com\/wp-content\/uploads\/2019\/04\/viejo-768x538.jpg 768w\" sizes=\"(max-width: 1000px) 100vw, 1000px\" \/><\/figure>\n\n\n\n<p>La m\u00fasica celta acompa\u00f1a de la mejor forma sus tortas de chocolate con crema y dulce, de manzana y crema , de caf\u00e9 y tartas de queso con dulce de guinda y de frambuesa con cobertura de coco. En avenida 8 N\u00b0 1165, entre Paseo 111 y 112.<\/p>\n\n\n\n<p>Reservas. (02255) 46-5851.<\/p>\n","protected":false},"excerpt":{"rendered":"<p>No hay nada como ir a Villa Gesell. Las playas, el mar -inclusive en oto\u00f1o-, la noche. Pero por las tardes no hay como recorrer su Circuito de casas de t\u00e9. Ideal para quienes quieran relax y conocer la otra cara de esta localidad, degustando los reposter\u00eda artesanal, infusiones, tablas de fiambres y platos t\u00edpicos&#8230;<\/p>\n","protected":false},"author":1,"featured_media":32391,"comment_status":"open","ping_status":"open","sticky":false,"template":"","format":"standard","meta":{"footnotes":""},"categories":[3588],"tags":[],"_links":{"self":[{"href":"https:\/\/www.alquilerargentina.com\/blog\/wp-json\/wp\/v2\/posts\/32371"}],"collection":[{"href":"https:\/\/www.alquilerargentina.com\/blog\/wp-json\/wp\/v2\/posts"}],"about":[{"href":"https:\/\/www.alquilerargentina.com\/blog\/wp-json\/wp\/v2\/types\/post"}],"author":[{"embeddable":true,"href":"https:\/\/www.alquilerargentina.com\/blog\/wp-json\/wp\/v2\/users\/1"}],"replies":[{"embeddable":true,"href":"https:\/\/www.alquilerargentina.com\/blog\/wp-json\/wp\/v2\/comments?post=32371"}],"version-history":[{"count":18,"href":"https:\/\/www.alquilerargentina.com\/blog\/wp-json\/wp\/v2\/posts\/32371\/revisions"}],"predecessor-version":[{"id":32440,"href":"https:\/\/www.alquilerargentina.com\/blog\/wp-json\/wp\/v2\/posts\/32371\/revisions\/32440"}],"wp:featuredmedia":[{"embeddable":true,"href":"https:\/\/www.alquilerargentina.com\/blog\/wp-json\/wp\/v2\/media\/32391"}],"wp:attachment":[{"href":"https:\/\/www.alquilerargentina.com\/blog\/wp-json\/wp\/v2\/media?parent=32371"}],"wp:term":[{"taxonomy":"category","embeddable":true,"href":"https:\/\/www.alquilerargentina.com\/blog\/wp-json\/wp\/v2\/categories?post=32371"},{"taxonomy":"post_tag","embeddable":true,"href":"https:\/\/www.alquilerargentina.com\/blog\/wp-json\/wp\/v2\/tags?post=32371"}],"curies":[{"name":"wp","href":"https:\/\/api.w.org\/{rel}","templated":true}]}}