{"id":32096,"date":"2019-04-11T10:00:16","date_gmt":"2019-04-11T13:00:16","guid":{"rendered":"http:\/\/blog.alquilerargentina.com\/?p=32096"},"modified":"2019-04-11T11:19:05","modified_gmt":"2019-04-11T14:19:05","slug":"via-rucis-en-tandil","status":"publish","type":"post","link":"https:\/\/www.alquilerargentina.com\/blog\/paseos-y-excursiones\/via-rucis-en-tandil.html","title":{"rendered":"V\u00eda rucis en Tandil"},"content":{"rendered":"\n<p>Cada Semana Santa, la ciudad de <a href=\"https:\/\/www.alquilerargentina.com\/Buenos-Aires\/Tandil\/?itm_source=blog&amp;itm_medium=paseos&amp;itm_campaign= via-crucis-tandil&amp;itm_content=tandil\" target=\"_blank\" rel=\"noreferrer noopener\" aria-label=\"Tandil  (abre en una nueva pesta\u00f1a)\">Tandil <\/a>recibe a miles de peregrinos y turistas en una tradici\u00f3n consolidada en el tiempo gracias a la presencia de su Monte Calvario, que este a\u00f1o cumple 76 a\u00f1os desde su inauguraci\u00f3n, recreando las diferentes estaciones del <strong>V\u00eda Crucis<\/strong>. <\/p>\n\n\n\n<figure class=\"wp-block-image\"><img loading=\"lazy\" decoding=\"async\" width=\"1000\" height=\"700\" src=\"http:\/\/blog.alquilerargentina.com\/wp-content\/uploads\/2019\/04\/via-crucis-tandil-via-crucis.jpg\" alt=\"\" class=\"wp-image-32100\" srcset=\"https:\/\/blog3.alquilerargentina.com\/wp-content\/uploads\/2019\/04\/via-crucis-tandil-via-crucis.jpg 1000w, https:\/\/blog3.alquilerargentina.com\/wp-content\/uploads\/2019\/04\/via-crucis-tandil-via-crucis-300x210.jpg 300w, https:\/\/blog3.alquilerargentina.com\/wp-content\/uploads\/2019\/04\/via-crucis-tandil-via-crucis-768x538.jpg 768w\" sizes=\"(max-width: 1000px) 100vw, 1000px\" \/><\/figure>\n\n\n\n<p><a rel=\"noreferrer noopener\" aria-label=\"Tandil (abre en una nueva pesta\u00f1a)\" href=\"https:\/\/www.alquilerargentina.com\/Buenos-Aires\/Tandil\/?itm_source=blog&amp;itm_medium=paseos&amp;itm_campaign= via-crucis-tandil&amp;itm_content=tandil\" target=\"_blank\">Tandil<\/a>, una de las mecas del turismo religioso durante <em>Semana Santa<\/em>, llevar\u00e1 a cabo el popular <strong>V\u00eda Crucis <\/strong>local, presidido por una cruz de <br \/>coihue  de 20 metros de altura. <\/p>\n\n\n\n<p>La ciudad es el escenario ideal para una <strong>escapada de Semana Santa<\/strong>, ya que invita tanto a la aventura como a la introspecci\u00f3n, a disfrutar de las artesan\u00edas y la gastronom\u00eda regional en medio de las sierras. <\/p>\n\n\n\n<figure class=\"wp-block-image\"><img loading=\"lazy\" decoding=\"async\" width=\"1000\" height=\"700\" src=\"http:\/\/blog.alquilerargentina.com\/wp-content\/uploads\/2019\/04\/via-crucis-tandil-estaciones.jpg\" alt=\"\" class=\"wp-image-32101\" srcset=\"https:\/\/blog3.alquilerargentina.com\/wp-content\/uploads\/2019\/04\/via-crucis-tandil-estaciones.jpg 1000w, https:\/\/blog3.alquilerargentina.com\/wp-content\/uploads\/2019\/04\/via-crucis-tandil-estaciones-300x210.jpg 300w, https:\/\/blog3.alquilerargentina.com\/wp-content\/uploads\/2019\/04\/via-crucis-tandil-estaciones-768x538.jpg 768w\" sizes=\"(max-width: 1000px) 100vw, 1000px\" \/><\/figure>\n\n\n\n<p>En este lugar se erige un impresionante V\u00eda Crucis que tiene 14 grupos de piezas y termina con Cristo en la Cruz, una representaci\u00f3n realizada en m\u00e1rmol, que est\u00e1 enclavada en la cima del <strong>Cerro \u00abEl Calvario\u00bb<\/strong>. Para acceder all\u00ed hay que caminar por una escalinata de piedra, que recorre las estaciones. Est\u00e1 muy cerca del centro de <a href=\"https:\/\/www.alquilerargentina.com\/Buenos-Aires\/Tandil\/?itm_source=blog&amp;itm_medium=paseos&amp;itm_campaign= via-crucis-tandil&amp;itm_content=tandil\" target=\"_blank\" rel=\"noreferrer noopener\" aria-label=\"Tandil (abre en una nueva pesta\u00f1a)\">Tandil<\/a><a rel=\"noreferrer noopener\" aria-label=\"Tandil.  (abre en una nueva pesta\u00f1a)\" href=\"https:\/\/www.alquilerargentina.com\/Buenos-Aires\/Tandil\/?itm_source=blog&amp;itm_medium=paseos&amp;itm_campaign=v%C3%ADa%20crucis%20tandil&amp;itm_content=norte_tandil\" target=\"_blank\">. <\/a><\/p>\n\n\n\n<p>Uno de los actos art\u00edstico culturales centrales de esta celebraci\u00f3n, es en el magn\u00edfico escenario natural del <strong>Anfiteatro Municipal Mart\u00edn Fierro<\/strong> donde m\u00e1s de un centenar de vecinos y vecinas realizan el acto conocido como <strong>\u00abJes\u00fas el Nazareno<\/strong>\u00ab. All\u00ed ponen en escena la vida, muerte y resurrecci\u00f3n de Jesucristo, en una una expresi\u00f3n conmovedora que combina arte y espiritualidad. <\/p>\n\n\n\n<figure class=\"wp-block-image\"><img loading=\"lazy\" decoding=\"async\" width=\"1000\" height=\"700\" src=\"http:\/\/blog.alquilerargentina.com\/wp-content\/uploads\/2019\/04\/via-crucis-tandil-jeuselnazareno.jpg\" alt=\"\" class=\"wp-image-32102\" srcset=\"https:\/\/blog3.alquilerargentina.com\/wp-content\/uploads\/2019\/04\/via-crucis-tandil-jeuselnazareno.jpg 1000w, https:\/\/blog3.alquilerargentina.com\/wp-content\/uploads\/2019\/04\/via-crucis-tandil-jeuselnazareno-300x210.jpg 300w, https:\/\/blog3.alquilerargentina.com\/wp-content\/uploads\/2019\/04\/via-crucis-tandil-jeuselnazareno-768x538.jpg 768w\" sizes=\"(max-width: 1000px) 100vw, 1000px\" \/><\/figure>\n\n\n\n<h3 class=\"wp-block-heading\">Para agendar<\/h3>\n\n\n\n<p>Los feriados de <strong>Semana Santa de este a\u00f1o ser\u00e1n los d\u00edas 18 y 19 de abril<\/strong>, seg\u00fan se anunci\u00f3 en el calendario oficial argentino determinado por el Ministerio del Interior. El 18 de abril es Jueves Santo, d\u00eda no laborable y el 19, Viernes Santo, es feriado inamovible.<\/p>\n\n\n\n<p><a href=\"https:\/\/www.alquilerargentina.com\/Buenos-Aires\/Tandil\/?itm_source=blog&amp;itm_medium=paseos&amp;itm_campaign= via-crucis-tandil&amp;itm_content=tandil\" target=\"_blank\" rel=\"noreferrer noopener\" aria-label=\" (abre en una nueva pesta\u00f1a)\">En Semana Santa visit\u00e1 la hermosa Tandil, y disfrut\u00e1 de todo lo que tiene para ofrecer. <\/a><\/p>\n","protected":false},"excerpt":{"rendered":"<p>Cada Semana Santa, la ciudad de Tandil recibe a miles de peregrinos y turistas en una tradici\u00f3n consolidada en el tiempo gracias a la presencia de su Monte Calvario, que este a\u00f1o cumple 76 a\u00f1os desde su inauguraci\u00f3n, recreando las diferentes estaciones del V\u00eda Crucis. Tandil, una de las mecas del turismo religioso durante Semana&#8230;<\/p>\n","protected":false},"author":1,"featured_media":32099,"comment_status":"open","ping_status":"open","sticky":false,"template":"","format":"standard","meta":{"footnotes":""},"categories":[3588],"tags":[],"_links":{"self":[{"href":"https:\/\/www.alquilerargentina.com\/blog\/wp-json\/wp\/v2\/posts\/32096"}],"collection":[{"href":"https:\/\/www.alquilerargentina.com\/blog\/wp-json\/wp\/v2\/posts"}],"about":[{"href":"https:\/\/www.alquilerargentina.com\/blog\/wp-json\/wp\/v2\/types\/post"}],"author":[{"embeddable":true,"href":"https:\/\/www.alquilerargentina.com\/blog\/wp-json\/wp\/v2\/users\/1"}],"replies":[{"embeddable":true,"href":"https:\/\/www.alquilerargentina.com\/blog\/wp-json\/wp\/v2\/comments?post=32096"}],"version-history":[{"count":12,"href":"https:\/\/www.alquilerargentina.com\/blog\/wp-json\/wp\/v2\/posts\/32096\/revisions"}],"predecessor-version":[{"id":32250,"href":"https:\/\/www.alquilerargentina.com\/blog\/wp-json\/wp\/v2\/posts\/32096\/revisions\/32250"}],"wp:featuredmedia":[{"embeddable":true,"href":"https:\/\/www.alquilerargentina.com\/blog\/wp-json\/wp\/v2\/media\/32099"}],"wp:attachment":[{"href":"https:\/\/www.alquilerargentina.com\/blog\/wp-json\/wp\/v2\/media?parent=32096"}],"wp:term":[{"taxonomy":"category","embeddable":true,"href":"https:\/\/www.alquilerargentina.com\/blog\/wp-json\/wp\/v2\/categories?post=32096"},{"taxonomy":"post_tag","embeddable":true,"href":"https:\/\/www.alquilerargentina.com\/blog\/wp-json\/wp\/v2\/tags?post=32096"}],"curies":[{"name":"wp","href":"https:\/\/api.w.org\/{rel}","templated":true}]}}