{"id":32058,"date":"2019-04-09T10:00:47","date_gmt":"2019-04-09T13:00:47","guid":{"rendered":"http:\/\/blog.alquilerargentina.com\/?p=32058"},"modified":"2019-04-03T11:09:19","modified_gmt":"2019-04-03T14:09:19","slug":"empiezan-a-llegar-las-orcas-a-chubut","status":"publish","type":"post","link":"https:\/\/www.alquilerargentina.com\/blog\/paseos-y-excursiones\/empiezan-a-llegar-las-orcas-a-chubut.html","title":{"rendered":"Empiezan a llegar las orcas a Chubut"},"content":{"rendered":"\n<p>D<em>urante la segunda quincena de marzo, qued\u00f3 oficialmente inaugurada <strong>la temporada de avistamiento de orcas<\/strong> en<strong> <a href=\"https:\/\/www.alquilerargentina.com\/Chubut\/Puerto-Piramides\/?itm_source=blog&amp;itm_medium=paseos&amp;itm_campaign=temporada-de-orcas&amp;itm_content=puerto_piramides\" target=\"_blank\" rel=\"noreferrer noopener\" aria-label=\" (abre en una nueva pesta\u00f1a)\">Pen\u00ednsula de Vald\u00e9s<\/a><\/strong><a href=\"https:\/\/www.alquilerargentina.com\/Chubut\/Puerto-Piramides\/?itm_source=blog&amp;itm_medium=paseos&amp;itm_campaign=temporada-de-orcas&amp;itm_content=puerto_piramides\" target=\"_blank\" rel=\"noreferrer noopener\" aria-label=\" (abre en una nueva pesta\u00f1a)\">,<\/a> que se realiza desde Punta Norte sobre el golfo San Mat\u00edas. <\/em><\/p>\n\n\n\n<figure class=\"wp-block-image\"><img loading=\"lazy\" decoding=\"async\" width=\"1000\" height=\"700\" src=\"http:\/\/blog.alquilerargentina.com\/wp-content\/uploads\/2019\/04\/Empiezan-a-llegar-las-orcas-a-Chubut-portada2.jpg\" alt=\"\" class=\"wp-image-32062\" srcset=\"https:\/\/blog3.alquilerargentina.com\/wp-content\/uploads\/2019\/04\/Empiezan-a-llegar-las-orcas-a-Chubut-portada2.jpg 1000w, https:\/\/blog3.alquilerargentina.com\/wp-content\/uploads\/2019\/04\/Empiezan-a-llegar-las-orcas-a-Chubut-portada2-300x210.jpg 300w, https:\/\/blog3.alquilerargentina.com\/wp-content\/uploads\/2019\/04\/Empiezan-a-llegar-las-orcas-a-Chubut-portada2-768x538.jpg 768w\" sizes=\"(max-width: 1000px) 100vw, 1000px\" \/><\/figure>\n\n\n\n<p>El <strong>Ministerio de Turismo de<\/strong><em><strong> <\/strong><a rel=\"noreferrer noopener\" aria-label=\"Chubut  (abre en una nueva pesta\u00f1a)\" href=\"https:\/\/www.alquilerargentina.com\/Chubut\/?itm_source=blog&amp;itm_medium=paseos&amp;itm_campaign=temporada-de-orcas&amp;itm_content=chubut\" target=\"_blank\"><strong>Chubut<\/strong> <\/a><\/em>inform\u00f3 que por cuestiones clim\u00e1ticas, el acto de inauguraci\u00f3n no pudo realizarse.  De todas formas, <br \/><strong>la temporada de avistamiento de orcas,<\/strong> uno de los fen\u00f3menos naturales m\u00e1s espectaculares, que convoca a fot\u00f3grafos, documentalistas, cient\u00edficos y turistas de todo el mundo, qued\u00f3 oficialmente inaugurada.<\/p>\n\n\n\n<figure class=\"wp-block-image\"><img loading=\"lazy\" decoding=\"async\" width=\"1000\" height=\"700\" src=\"http:\/\/blog.alquilerargentina.com\/wp-content\/uploads\/2019\/04\/Empiezan-a-llegar-las-orcas-a-Chubut-portada3.jpg\" alt=\"\" class=\"wp-image-32063\" srcset=\"https:\/\/blog3.alquilerargentina.com\/wp-content\/uploads\/2019\/04\/Empiezan-a-llegar-las-orcas-a-Chubut-portada3.jpg 1000w, https:\/\/blog3.alquilerargentina.com\/wp-content\/uploads\/2019\/04\/Empiezan-a-llegar-las-orcas-a-Chubut-portada3-300x210.jpg 300w, https:\/\/blog3.alquilerargentina.com\/wp-content\/uploads\/2019\/04\/Empiezan-a-llegar-las-orcas-a-Chubut-portada3-768x538.jpg 768w\" sizes=\"(max-width: 1000px) 100vw, 1000px\" \/><\/figure>\n\n\n\n<p>Las orcas ya empezaron a merodear la colonia de lobos marinos Punta Norte, ubicada a unos 170 kil\u00f3metros de la ciudad de <a href=\"https:\/\/www.alquilerargentina.com\/Chubut\/Puerto-Madryn\/?itm_source=blog&amp;itm_medium=paseos&amp;itm_campaign=temporada-de-orcas&amp;itm_content=puerto_madryn\" target=\"_blank\" rel=\"noreferrer noopener\" aria-label=\" (abre en una nueva pesta\u00f1a)\">Puerto Madryn. <\/a>Desde mediados de febrero y hasta fines de abril, unos 30 ejemplares de orcas se acercan a este rinc\u00f3n de la Patagonia argentina para cazar y alimentarse de cr\u00edas de lobos marinos <\/p>\n\n\n\n<figure class=\"wp-block-image\"><img loading=\"lazy\" decoding=\"async\" width=\"1000\" height=\"700\" src=\"http:\/\/blog.alquilerargentina.com\/wp-content\/uploads\/2019\/04\/Empiezan-a-llegar-las-orcas-a-Chubut-foto1.jpg\" alt=\"\" class=\"wp-image-32065\" srcset=\"https:\/\/blog3.alquilerargentina.com\/wp-content\/uploads\/2019\/04\/Empiezan-a-llegar-las-orcas-a-Chubut-foto1.jpg 1000w, https:\/\/blog3.alquilerargentina.com\/wp-content\/uploads\/2019\/04\/Empiezan-a-llegar-las-orcas-a-Chubut-foto1-300x210.jpg 300w, https:\/\/blog3.alquilerargentina.com\/wp-content\/uploads\/2019\/04\/Empiezan-a-llegar-las-orcas-a-Chubut-foto1-768x538.jpg 768w\" sizes=\"(max-width: 1000px) 100vw, 1000px\" \/><\/figure>\n\n\n\n<p><a href=\"https:\/\/www.alquilerargentina.com\/Chubut\/?itm_source=blog&amp;itm_medium=paseos&amp;itm_campaign=temporada-de-orcas&amp;itm_content=chubut\" target=\"_blank\" rel=\"noreferrer noopener\" aria-label=\" (abre en una nueva pesta\u00f1a)\">No te pierdas este incre\u00edble espect\u00e1culo, y disfrut\u00e1 de Chubut y el sur argentino. <\/a><\/p>\n","protected":false},"excerpt":{"rendered":"<p>Durante la segunda quincena de marzo, qued\u00f3 oficialmente inaugurada la temporada de avistamiento de orcas en Pen\u00ednsula de Vald\u00e9s, que se realiza desde Punta Norte sobre el golfo San Mat\u00edas. El Ministerio de Turismo de Chubut inform\u00f3 que por cuestiones clim\u00e1ticas, el acto de inauguraci\u00f3n no pudo realizarse. De todas formas, la temporada de avistamiento&#8230;<\/p>\n","protected":false},"author":1,"featured_media":32061,"comment_status":"open","ping_status":"open","sticky":false,"template":"","format":"standard","meta":{"footnotes":""},"categories":[3588],"tags":[],"_links":{"self":[{"href":"https:\/\/www.alquilerargentina.com\/blog\/wp-json\/wp\/v2\/posts\/32058"}],"collection":[{"href":"https:\/\/www.alquilerargentina.com\/blog\/wp-json\/wp\/v2\/posts"}],"about":[{"href":"https:\/\/www.alquilerargentina.com\/blog\/wp-json\/wp\/v2\/types\/post"}],"author":[{"embeddable":true,"href":"https:\/\/www.alquilerargentina.com\/blog\/wp-json\/wp\/v2\/users\/1"}],"replies":[{"embeddable":true,"href":"https:\/\/www.alquilerargentina.com\/blog\/wp-json\/wp\/v2\/comments?post=32058"}],"version-history":[{"count":9,"href":"https:\/\/www.alquilerargentina.com\/blog\/wp-json\/wp\/v2\/posts\/32058\/revisions"}],"predecessor-version":[{"id":32080,"href":"https:\/\/www.alquilerargentina.com\/blog\/wp-json\/wp\/v2\/posts\/32058\/revisions\/32080"}],"wp:featuredmedia":[{"embeddable":true,"href":"https:\/\/www.alquilerargentina.com\/blog\/wp-json\/wp\/v2\/media\/32061"}],"wp:attachment":[{"href":"https:\/\/www.alquilerargentina.com\/blog\/wp-json\/wp\/v2\/media?parent=32058"}],"wp:term":[{"taxonomy":"category","embeddable":true,"href":"https:\/\/www.alquilerargentina.com\/blog\/wp-json\/wp\/v2\/categories?post=32058"},{"taxonomy":"post_tag","embeddable":true,"href":"https:\/\/www.alquilerargentina.com\/blog\/wp-json\/wp\/v2\/tags?post=32058"}],"curies":[{"name":"wp","href":"https:\/\/api.w.org\/{rel}","templated":true}]}}