{"id":28385,"date":"2018-10-09T09:12:43","date_gmt":"2018-10-09T12:12:43","guid":{"rendered":"http:\/\/blog.alquilerargentina.com\/?p=28385"},"modified":"2018-10-05T11:16:56","modified_gmt":"2018-10-05T14:16:56","slug":"todo-lo-que-podes-hacer-en-villa-general-belgrano","status":"publish","type":"post","link":"https:\/\/www.alquilerargentina.com\/blog\/destinos\/todo-lo-que-podes-hacer-en-villa-general-belgrano.html","title":{"rendered":"Todo lo que podes hacer en Villa General Belgrano"},"content":{"rendered":"<p style=\"text-align: justify;\"><em>El <strong>viernes 5 de octubre<\/strong> comenzaron las celebraciones del <strong>Oktoberfest 2018<\/strong> en <a href=\"https:\/\/www.alquilerargentina.com\/C\u00f3rdoba\/Villa-General-Belgrano\/?utm_source=alquilerargentina&amp;utm_medium=blog&amp;utm_campaign=destinos_villageneralbelgrano\" target=\"_blank\" rel=\"noopener\"><strong>Villa General\u00a0Belgrano<\/strong>,<\/a> provincia de C\u00f3rdoba. Es la principal celebraci\u00f3n cervecera del pa\u00eds y la tercera en el mundo luego de las de Munich, Alemania, y Blumenau, Brasil.<\/em><\/p>\n<p><a ref=\"magnificPopup\" href=\"http:\/\/blog.alquilerargentina.com\/wp-content\/uploads\/2018\/09\/Todo-lo-que-podes-hacer-en-Villa-General-Belgrano-villageneralnelgrano.jpg\"><img loading=\"lazy\" decoding=\"async\" class=\"alignnone size-full wp-image-28402\" src=\"http:\/\/blog.alquilerargentina.com\/wp-content\/uploads\/2018\/09\/Todo-lo-que-podes-hacer-en-Villa-General-Belgrano-villageneralnelgrano.jpg\" alt=\"\" width=\"1000\" height=\"700\" srcset=\"https:\/\/blog3.alquilerargentina.com\/wp-content\/uploads\/2018\/09\/Todo-lo-que-podes-hacer-en-Villa-General-Belgrano-villageneralnelgrano.jpg 1000w, https:\/\/blog3.alquilerargentina.com\/wp-content\/uploads\/2018\/09\/Todo-lo-que-podes-hacer-en-Villa-General-Belgrano-villageneralnelgrano-300x210.jpg 300w, https:\/\/blog3.alquilerargentina.com\/wp-content\/uploads\/2018\/09\/Todo-lo-que-podes-hacer-en-Villa-General-Belgrano-villageneralnelgrano-768x538.jpg 768w\" sizes=\"(max-width: 1000px) 100vw, 1000px\" \/><\/a><\/p>\n<p style=\"text-align: justify;\">La celebraci\u00f3n alemana\u00a0<strong>Oktoberfest 2018<\/strong> se desarrolla en el nuevo predio Bosque de los Pioneros. Diez jornadas en donde se podr\u00e1 disfrutar de distintas actividades para toda la familia. A continuaci\u00f3n, conoc\u00e9 <em>todo lo que podes hacer en<a href=\"https:\/\/www.alquilerargentina.com\/C\u00f3rdoba\/Villa-General-Belgrano\/?utm_source=alquilerargentina&amp;utm_medium=blog&amp;utm_campaign=destinos_villageneralbelgrano\" target=\"_blank\" rel=\"noopener\"> Villa General Belgrano.<\/a><\/em><\/p>\n<h3 style=\"text-align: justify;\">Visitas guiadas<\/h3>\n<p style=\"text-align: justify;\">Las f\u00e1bricas de la regi\u00f3n abren sus puertas para que todos puedan conocer el proceso de elaboraci\u00f3n de cerveza artesanal. En estos d\u00edas habr\u00e1, adem\u00e1s, talleres que explicar\u00e1n el paso a paso para confeccionar esta bebida de dioses y reyes. Una de las opciones para visitar es la F\u00e1brica de Cerveza Artesanal Viejo Munich.<\/p>\n<p><a ref=\"magnificPopup\" href=\"http:\/\/blog.alquilerargentina.com\/wp-content\/uploads\/2018\/09\/Todo-lo-que-podes-hacer-en-Villa-General-Belgrano-cerveza.jpg\"><img loading=\"lazy\" decoding=\"async\" class=\"alignnone size-full wp-image-28398\" src=\"http:\/\/blog.alquilerargentina.com\/wp-content\/uploads\/2018\/09\/Todo-lo-que-podes-hacer-en-Villa-General-Belgrano-cerveza.jpg\" alt=\"\" width=\"1000\" height=\"700\" srcset=\"https:\/\/blog3.alquilerargentina.com\/wp-content\/uploads\/2018\/09\/Todo-lo-que-podes-hacer-en-Villa-General-Belgrano-cerveza.jpg 1000w, https:\/\/blog3.alquilerargentina.com\/wp-content\/uploads\/2018\/09\/Todo-lo-que-podes-hacer-en-Villa-General-Belgrano-cerveza-300x210.jpg 300w, https:\/\/blog3.alquilerargentina.com\/wp-content\/uploads\/2018\/09\/Todo-lo-que-podes-hacer-en-Villa-General-Belgrano-cerveza-768x538.jpg 768w\" sizes=\"(max-width: 1000px) 100vw, 1000px\" \/><\/a><\/p>\n<h3 style=\"text-align: justify;\">Actividades culturales<\/h3>\n<p style=\"text-align: justify;\">Distintas actividades para toda la familia, tanto con los artistas y grupos sobre el escenario como aquellas pensadas para crear e imaginar.<\/p>\n<h3 style=\"text-align: justify;\">Locura por lo dulce<\/h3>\n<p style=\"text-align: justify;\">Definitivamente hay muchos manjares salados imperdibles, pero la fiesta tambi\u00e9n es famosa por sus delicados postres y dulces, como los populares selva negra y apple strudel. Los chocolates, alfajores y colaciones artesanales, son tambi\u00e9n una excelente opci\u00f3n.<\/p>\n<p><a ref=\"magnificPopup\" href=\"http:\/\/blog.alquilerargentina.com\/wp-content\/uploads\/2018\/09\/Todo-lo-que-podes-hacer-en-Villa-General-Belgrano-selva-negra.jpg\"><img loading=\"lazy\" decoding=\"async\" class=\"alignnone size-full wp-image-28400\" src=\"http:\/\/blog.alquilerargentina.com\/wp-content\/uploads\/2018\/09\/Todo-lo-que-podes-hacer-en-Villa-General-Belgrano-selva-negra.jpg\" alt=\"\" width=\"1000\" height=\"700\" srcset=\"https:\/\/blog3.alquilerargentina.com\/wp-content\/uploads\/2018\/09\/Todo-lo-que-podes-hacer-en-Villa-General-Belgrano-selva-negra.jpg 1000w, https:\/\/blog3.alquilerargentina.com\/wp-content\/uploads\/2018\/09\/Todo-lo-que-podes-hacer-en-Villa-General-Belgrano-selva-negra-300x210.jpg 300w, https:\/\/blog3.alquilerargentina.com\/wp-content\/uploads\/2018\/09\/Todo-lo-que-podes-hacer-en-Villa-General-Belgrano-selva-negra-768x538.jpg 768w\" sizes=\"(max-width: 1000px) 100vw, 1000px\" \/><\/a><\/p>\n<h3 style=\"text-align: justify;\">Alquiler de caballos<\/h3>\n<p style=\"text-align: justify;\">Andar en caballo, disfrutando del paisaje, introduce a todos los visitantes en el ambiente criollo de la villa. Adem\u00e1s es otra de las maneras que se ofrecen para visitar los paseos naturales. Se sugiere asistir con ropa y calzado c\u00f3modo. Una propuesta para compartir en familia, pareja o amigos.<\/p>\n<p><a ref=\"magnificPopup\" href=\"http:\/\/blog.alquilerargentina.com\/wp-content\/uploads\/2018\/09\/Todo-lo-que-podes-hacer-en-Villa-General-Belgranocaballos.jpg\"><img loading=\"lazy\" decoding=\"async\" class=\"alignnone size-full wp-image-28397\" src=\"http:\/\/blog.alquilerargentina.com\/wp-content\/uploads\/2018\/09\/Todo-lo-que-podes-hacer-en-Villa-General-Belgranocaballos.jpg\" alt=\"\" width=\"1000\" height=\"700\" srcset=\"https:\/\/blog3.alquilerargentina.com\/wp-content\/uploads\/2018\/09\/Todo-lo-que-podes-hacer-en-Villa-General-Belgranocaballos.jpg 1000w, https:\/\/blog3.alquilerargentina.com\/wp-content\/uploads\/2018\/09\/Todo-lo-que-podes-hacer-en-Villa-General-Belgranocaballos-300x210.jpg 300w, https:\/\/blog3.alquilerargentina.com\/wp-content\/uploads\/2018\/09\/Todo-lo-que-podes-hacer-en-Villa-General-Belgranocaballos-768x538.jpg 768w\" sizes=\"(max-width: 1000px) 100vw, 1000px\" \/><\/a><\/p>\n<h3 style=\"text-align: justify;\">Visita al Cristo Grande<\/h3>\n<p style=\"text-align: justify;\">Ubicado a 2 Km. de <a href=\"https:\/\/www.alquilerargentina.com\/C\u00f3rdoba\/Villa-General-Belgrano\/?utm_source=alquilerargentina&amp;utm_medium=blog&amp;utm_campaign=destinos_villageneralbelgrano\" target=\"_blank\" rel=\"noopener\">Villa General Belgrano,<\/a> en el camino a <strong><a href=\"https:\/\/www.alquilerargentina.com\/C%C3%B3rdoba\/La-Cumbrecita\/?utm_source=alquilerargentina&amp;utm_medium=blog&amp;utm_campaign=destinos_lacumbrecita\" target=\"_blank\" rel=\"noopener\">La Cumbrecita<\/a><\/strong> por <strong><a href=\"https:\/\/www.alquilerargentina.com\/C%C3%B3rdoba\/Athos-Pampa\/?utm_source=alquilerargentina&amp;utm_medium=blog&amp;utm_campaign=destinos_athospampa\" target=\"_blank\" rel=\"noopener\">Athos Pampa<\/a><\/strong>, Cristo Grande es una imagen\u00a0tallada en madera a tama\u00f1o natural, obra del artista local Harold Anz. Fue terminada por \u00e9ste en el a\u00f1o 1940, pero en 1998 debi\u00f3 ser restaurada por el artesano Francisco Romano.\u00a0La escultura de 2 metros de altura re\u00fane un Cristo de madera de roble del Chaco y una cruz de lapacho. Adquiere un significado religioso importante en Semana Santa, pues se convierte en el punto final de una ferviente peregrinaci\u00f3n que recorre 4 Km. desde la calle principal de la villa.<\/p>\n<p><a ref=\"magnificPopup\" href=\"http:\/\/blog.alquilerargentina.com\/wp-content\/uploads\/2018\/09\/Todo-lo-que-podes-hacer-en-Villa-General-Belgrano-cristo-grande.jpg\"><img loading=\"lazy\" decoding=\"async\" class=\"alignnone size-full wp-image-28399\" src=\"http:\/\/blog.alquilerargentina.com\/wp-content\/uploads\/2018\/09\/Todo-lo-que-podes-hacer-en-Villa-General-Belgrano-cristo-grande.jpg\" alt=\"\" width=\"1000\" height=\"700\" srcset=\"https:\/\/blog3.alquilerargentina.com\/wp-content\/uploads\/2018\/09\/Todo-lo-que-podes-hacer-en-Villa-General-Belgrano-cristo-grande.jpg 1000w, https:\/\/blog3.alquilerargentina.com\/wp-content\/uploads\/2018\/09\/Todo-lo-que-podes-hacer-en-Villa-General-Belgrano-cristo-grande-300x210.jpg 300w, https:\/\/blog3.alquilerargentina.com\/wp-content\/uploads\/2018\/09\/Todo-lo-que-podes-hacer-en-Villa-General-Belgrano-cristo-grande-768x538.jpg 768w\" sizes=\"(max-width: 1000px) 100vw, 1000px\" \/><\/a><\/p>\n<h3 style=\"text-align: justify;\">Feria de las Culturas<\/h3>\n<p style=\"text-align: justify;\">Podes encontrar orfebrer\u00eda, herrer\u00eda, macram\u00e9 y trabajos en madera. Las artesan\u00edas reflejan las distintas culturas de la regi\u00f3n. Adem\u00e1s, como atractivo especial, se puede observar a los artesanos mientras realizan sus trabajos. Hoy son alrededor de 80 artesanos que ofrecen sus productos.<\/p>\n<h3 style=\"text-align: justify;\">Museo del Ovni<\/h3>\n<p style=\"text-align: justify;\">Este museo, destinado a quienes se interesan y apasionan por el fen\u00f3meno de los objetos voladores no identificados, devela misterios y expresa su versi\u00f3n sobre la existencia de vida m\u00e1s all\u00e1 de la Tierra. Amantes y curiosos de estos enigmas, pueden visitar diariamente este sitio de 9:00 h a 12:00 h y de 15:00 h a 20:00 h.<\/p>\n<p><a href=\"https:\/\/www.alquilerargentina.com\/C\u00f3rdoba\/Villa-General-Belgrano\/?utm_source=alquilerargentina&amp;utm_medium=blog&amp;utm_campaign=destinos_villageneralbelgrano\" target=\"_blank\" rel=\"noopener\">Visita y hac\u00e9 tu reserva en <strong>Villa General Belgrano<\/strong><\/a><\/p>\n","protected":false},"excerpt":{"rendered":"<p>El viernes 5 de octubre comenzaron las celebraciones del Oktoberfest 2018 en Villa General\u00a0Belgrano, provincia de C\u00f3rdoba. Es la principal celebraci\u00f3n cervecera del pa\u00eds y la tercera en el mundo luego de las de Munich, Alemania, y Blumenau, Brasil. La celebraci\u00f3n alemana\u00a0Oktoberfest 2018 se desarrolla en el nuevo predio Bosque de los Pioneros. Diez jornadas&#8230;<\/p>\n","protected":false},"author":1,"featured_media":28396,"comment_status":"open","ping_status":"open","sticky":false,"template":"","format":"standard","meta":{"footnotes":""},"categories":[6],"tags":[],"_links":{"self":[{"href":"https:\/\/www.alquilerargentina.com\/blog\/wp-json\/wp\/v2\/posts\/28385"}],"collection":[{"href":"https:\/\/www.alquilerargentina.com\/blog\/wp-json\/wp\/v2\/posts"}],"about":[{"href":"https:\/\/www.alquilerargentina.com\/blog\/wp-json\/wp\/v2\/types\/post"}],"author":[{"embeddable":true,"href":"https:\/\/www.alquilerargentina.com\/blog\/wp-json\/wp\/v2\/users\/1"}],"replies":[{"embeddable":true,"href":"https:\/\/www.alquilerargentina.com\/blog\/wp-json\/wp\/v2\/comments?post=28385"}],"version-history":[{"count":18,"href":"https:\/\/www.alquilerargentina.com\/blog\/wp-json\/wp\/v2\/posts\/28385\/revisions"}],"predecessor-version":[{"id":28521,"href":"https:\/\/www.alquilerargentina.com\/blog\/wp-json\/wp\/v2\/posts\/28385\/revisions\/28521"}],"wp:featuredmedia":[{"embeddable":true,"href":"https:\/\/www.alquilerargentina.com\/blog\/wp-json\/wp\/v2\/media\/28396"}],"wp:attachment":[{"href":"https:\/\/www.alquilerargentina.com\/blog\/wp-json\/wp\/v2\/media?parent=28385"}],"wp:term":[{"taxonomy":"category","embeddable":true,"href":"https:\/\/www.alquilerargentina.com\/blog\/wp-json\/wp\/v2\/categories?post=28385"},{"taxonomy":"post_tag","embeddable":true,"href":"https:\/\/www.alquilerargentina.com\/blog\/wp-json\/wp\/v2\/tags?post=28385"}],"curies":[{"name":"wp","href":"https:\/\/api.w.org\/{rel}","templated":true}]}}