{"id":26568,"date":"2018-05-24T09:00:48","date_gmt":"2018-05-24T12:00:48","guid":{"rendered":"http:\/\/blog.alquilerargentina.com\/?p=26568"},"modified":"2018-05-08T09:54:08","modified_gmt":"2018-05-08T12:54:08","slug":"un-recorrido-por-el-tiempo-de-la-revolucion-en-buenos-aires","status":"publish","type":"post","link":"https:\/\/www.alquilerargentina.com\/blog\/paseos-y-excursiones\/un-recorrido-por-el-tiempo-de-la-revolucion-en-buenos-aires.html","title":{"rendered":"Un recorrido por el tiempo de la Revoluci\u00f3n en Buenos Aires"},"content":{"rendered":"<p class=\"bajada\" style=\"text-align: justify;\"><em>\u00bfAlguna vez te pusiste a pensar como habr\u00eda sido vivir en la Argentina de 1810? La \u00e9poca colonial esconde misterios, grandes y peque\u00f1os acontecimientos. <strong><a href=\"https:\/\/www.alquilerargentina.com\/Buenos-Aires\/?utm_source=alquilerargentina&amp;utm_medium=blog&amp;utm_campaign=destinos_buenosaires\" target=\"_blank\" rel=\"noopener\">Buenos Aires<\/a><\/strong>, por ejemplo,\u00a0 fue una de las provincias con mayor protagonismo en tiempos de Revoluci\u00f3n. En ella sucedieron hechos que muchas veces, los libros de historia no nos terminan de revelar pero que, en cierta forma, nos trasladan a ese mundo, a ese tiempo donde se viv\u00eda y sent\u00eda la Revoluci\u00f3n.<\/em><\/p>\n<p class=\"bajada\" style=\"text-align: justify;\">Todos los 25 de Mayo, desde hace 207 a\u00f1os, los argentinos celebramos la <strong>Revoluci\u00f3n de Mayo<\/strong>.\u00a0La historia que se escribe en los libros, vive primero en los lugares que la vieron nacer, y poder remontarse a la \u00e9poca colonial, hacer un recorrido por el tiempo de la Revoluci\u00f3n en Buenos Aires hoy en d\u00eda, es posible.<\/p>\n<p><iframe loading=\"lazy\" title=\"Efem\u00e9rides: D\u00eda de la Patria y de la Revoluci\u00f3n de Mayo (25 de mayo de 1810) - Canal Encuentro HD\" width=\"640\" height=\"360\" src=\"https:\/\/www.youtube.com\/embed\/mYn649fHqhM?feature=oembed\" frameborder=\"0\" allow=\"accelerometer; autoplay; clipboard-write; encrypted-media; gyroscope; picture-in-picture; web-share\" referrerpolicy=\"strict-origin-when-cross-origin\" allowfullscreen><\/iframe><\/p>\n<p class=\"bajada\" style=\"text-align: justify;\">La Revoluci\u00f3n marc\u00f3 un antes y un despu\u00e9s, poder a\u00fan recordar ese acontecimiento glorioso, son algunas de las posibilidades que nos brinda la provincia de <a href=\"https:\/\/www.alquilerargentina.com\/Buenos-Aires\/?utm_source=alquilerargentina&amp;utm_medium=blog&amp;utm_campaign=destinos_buenosaires\" target=\"_blank\" rel=\"noopener\"><strong>Buenos Aires<\/strong>.<\/a> Por tal motivo, te proponemos vivir en este 2018, un 25 de Mayo diferente, sintiendo y recordando tal como si estuvieras viviendo en esa poca del pa\u00eds.<\/p>\n<h2 class=\"bajada\" style=\"text-align: justify;\">Dar un paseo en el Tranv\u00eda Hist\u00f3rico<\/h2>\n<p class=\"bajada\" style=\"text-align: justify;\">Entre los avances m\u00e1s significativos que tuvo<strong> <a href=\"https:\/\/www.alquilerargentina.com\/Buenos-Aires\/?utm_source=alquilerargentina&amp;utm_medium=blog&amp;utm_campaign=destinos_buenosaires\" target=\"_blank\" rel=\"noopener\">Buenos Aires<\/a> <\/strong>durante la \u00e9poca del siglo XIX fue la implementaci\u00f3n del tranv\u00eda en el a\u00f1o 1863. Con casi 830 km, la provincia se supo destacar con la red vial m\u00e1s extensa del mundo. Entre 1930 y 1963, la \u00e9poca de oro del <strong>\u201ctramway\u201d,<\/strong> llegaron a trasladarse unos 5 millones de pasajeros por d\u00eda en un total de 2500 coches.<\/p>\n<p><a ref=\"magnificPopup\" href=\"http:\/\/blog.alquilerargentina.com\/wp-content\/uploads\/2018\/05\/Un-recorrido-por-el-tiempo-de-la-Revoluci\u00f3n-en-Buenos-Aires-tranv\u00eda-cl\u00e1sico.jpg\"><img loading=\"lazy\" decoding=\"async\" class=\"alignnone size-full wp-image-26582\" src=\"http:\/\/blog.alquilerargentina.com\/wp-content\/uploads\/2018\/05\/Un-recorrido-por-el-tiempo-de-la-Revoluci\u00f3n-en-Buenos-Aires-tranv\u00eda-cl\u00e1sico.jpg\" alt=\"\" width=\"1000\" height=\"700\" srcset=\"https:\/\/blog3.alquilerargentina.com\/wp-content\/uploads\/2018\/05\/Un-recorrido-por-el-tiempo-de-la-Revoluci\u00f3n-en-Buenos-Aires-tranv\u00eda-cl\u00e1sico.jpg 1000w, https:\/\/blog3.alquilerargentina.com\/wp-content\/uploads\/2018\/05\/Un-recorrido-por-el-tiempo-de-la-Revoluci\u00f3n-en-Buenos-Aires-tranv\u00eda-cl\u00e1sico-300x210.jpg 300w, https:\/\/blog3.alquilerargentina.com\/wp-content\/uploads\/2018\/05\/Un-recorrido-por-el-tiempo-de-la-Revoluci\u00f3n-en-Buenos-Aires-tranv\u00eda-cl\u00e1sico-768x538.jpg 768w, https:\/\/blog3.alquilerargentina.com\/wp-content\/uploads\/2018\/05\/Un-recorrido-por-el-tiempo-de-la-Revoluci\u00f3n-en-Buenos-Aires-tranv\u00eda-cl\u00e1sico-44x31.jpg 44w, https:\/\/blog3.alquilerargentina.com\/wp-content\/uploads\/2018\/05\/Un-recorrido-por-el-tiempo-de-la-Revoluci\u00f3n-en-Buenos-Aires-tranv\u00eda-cl\u00e1sico-571x400.jpg 571w\" sizes=\"(max-width: 1000px) 100vw, 1000px\" \/><\/a><\/p>\n<p class=\"bajada\" style=\"text-align: justify;\">En 1976, la Asociaci\u00f3n de los Amigos del Tranv\u00eda, hizo posible que este s\u00edmbolo e icono colonial volviera a recorrer las calles de Buenos Aires, permitiendo que hoy sea posible viajar en el tiempo con una visita guiada exclusiva. El punto de partida se encuentra en la intersecci\u00f3n de las calles Emilio Mitre con Jos\u00e9 Bonifacio, en el barrio de Caballito. No dudes en emprender un viaje hacia el pasado, en el \u00fanico museo en movimiento del mundo.<\/p>\n<h2 class=\"bajada\" style=\"text-align: justify;\">Sumergirse en el Zanj\u00f3n de Granados<\/h2>\n<p class=\"bajada\" style=\"text-align: justify;\">Ubicado en Defensa 755, en el barrio de\u00a0<strong>San Telmo<\/strong>, el <strong>Zanj\u00f3n de Granados<\/strong> es una casa con fachada del siglo XIX que re\u00fane salas, t\u00faneles, corredores y laberintos, adem\u00e1s de diversos artefactos de otras \u00e9pocas.<\/p>\n<p><a ref=\"magnificPopup\" href=\"http:\/\/blog.alquilerargentina.com\/wp-content\/uploads\/2018\/05\/Un-recorrido-por-el-tiempo-de-la-Revoluci\u00f3n-en-Buenos-Aires-Zanj\u00f3n-de-Granados.jpg\"><img loading=\"lazy\" decoding=\"async\" class=\"alignnone size-full wp-image-26587\" src=\"http:\/\/blog.alquilerargentina.com\/wp-content\/uploads\/2018\/05\/Un-recorrido-por-el-tiempo-de-la-Revoluci\u00f3n-en-Buenos-Aires-Zanj\u00f3n-de-Granados.jpg\" alt=\"\" width=\"1000\" height=\"700\" srcset=\"https:\/\/blog3.alquilerargentina.com\/wp-content\/uploads\/2018\/05\/Un-recorrido-por-el-tiempo-de-la-Revoluci\u00f3n-en-Buenos-Aires-Zanj\u00f3n-de-Granados.jpg 1000w, https:\/\/blog3.alquilerargentina.com\/wp-content\/uploads\/2018\/05\/Un-recorrido-por-el-tiempo-de-la-Revoluci\u00f3n-en-Buenos-Aires-Zanj\u00f3n-de-Granados-300x210.jpg 300w, https:\/\/blog3.alquilerargentina.com\/wp-content\/uploads\/2018\/05\/Un-recorrido-por-el-tiempo-de-la-Revoluci\u00f3n-en-Buenos-Aires-Zanj\u00f3n-de-Granados-768x538.jpg 768w, https:\/\/blog3.alquilerargentina.com\/wp-content\/uploads\/2018\/05\/Un-recorrido-por-el-tiempo-de-la-Revoluci\u00f3n-en-Buenos-Aires-Zanj\u00f3n-de-Granados-44x31.jpg 44w, https:\/\/blog3.alquilerargentina.com\/wp-content\/uploads\/2018\/05\/Un-recorrido-por-el-tiempo-de-la-Revoluci\u00f3n-en-Buenos-Aires-Zanj\u00f3n-de-Granados-571x400.jpg 571w\" sizes=\"(max-width: 1000px) 100vw, 1000px\" \/><\/a><\/p>\n<p class=\"bajada\" style=\"text-align: justify;\">Cuando su due\u00f1o la compro en el a\u00f1o 1985, con el fin de convertirla en un restaurante, no esperaba encontrar material que revelase la historia de las dos fundaciones de Buenos Aires y del antiguo sistema de desag\u00fce porte\u00f1o. Durante su remodelaci\u00f3n se descubri\u00f3 que debajo del edificio pasaba el \u201cZanj\u00f3n de Granados\u201d, un arroyo que desembocaba en el R\u00edo de la Plata y que supo ser la despensa de basura de la ciudad. Lo curioso es que ese restaurante que jam\u00e1s se construy\u00f3 se iba a llamar \u201cEl Rinc\u00f3n de las Viejas Historias\u201d y en la actualidad, de alguna forma, en eso se ha convertido.<\/p>\n<h2 class=\"bajada\" style=\"text-align: justify;\">Darse un gusto en un bar colonial<\/h2>\n<p><a ref=\"magnificPopup\" href=\"http:\/\/blog.alquilerargentina.com\/wp-content\/uploads\/2018\/05\/Un-recorrido-por-el-tiempo-de-la-Revoluci\u00f3n-en-Buenos-Airesbarnotable.jpg\"><img loading=\"lazy\" decoding=\"async\" class=\"alignnone size-full wp-image-26583\" src=\"http:\/\/blog.alquilerargentina.com\/wp-content\/uploads\/2018\/05\/Un-recorrido-por-el-tiempo-de-la-Revoluci\u00f3n-en-Buenos-Airesbarnotable.jpg\" alt=\"\" width=\"1000\" height=\"700\" srcset=\"https:\/\/blog3.alquilerargentina.com\/wp-content\/uploads\/2018\/05\/Un-recorrido-por-el-tiempo-de-la-Revoluci\u00f3n-en-Buenos-Airesbarnotable.jpg 1000w, https:\/\/blog3.alquilerargentina.com\/wp-content\/uploads\/2018\/05\/Un-recorrido-por-el-tiempo-de-la-Revoluci\u00f3n-en-Buenos-Airesbarnotable-300x210.jpg 300w, https:\/\/blog3.alquilerargentina.com\/wp-content\/uploads\/2018\/05\/Un-recorrido-por-el-tiempo-de-la-Revoluci\u00f3n-en-Buenos-Airesbarnotable-768x538.jpg 768w, https:\/\/blog3.alquilerargentina.com\/wp-content\/uploads\/2018\/05\/Un-recorrido-por-el-tiempo-de-la-Revoluci\u00f3n-en-Buenos-Airesbarnotable-44x31.jpg 44w, https:\/\/blog3.alquilerargentina.com\/wp-content\/uploads\/2018\/05\/Un-recorrido-por-el-tiempo-de-la-Revoluci\u00f3n-en-Buenos-Airesbarnotable-571x400.jpg 571w\" sizes=\"(max-width: 1000px) 100vw, 1000px\" \/><\/a><\/p>\n<p class=\"bajada\" style=\"text-align: justify;\"><strong><a href=\"https:\/\/www.alquilerargentina.com\/Buenos-Aires\/?utm_source=alquilerargentina&amp;utm_medium=blog&amp;utm_campaign=destinos_buenosaires\" target=\"_blank\" rel=\"noopener\">Buenos Aires<\/a> <\/strong>cuenta con muchos espacios para comer y beber algo rico. La variedad es tal, que existen en la provincia bares conocidos o denominados como <strong>\u00abNotables\u00bb<\/strong>. Tal nombre es recibido debido a su arquitectura y relevancia hist\u00f3rica y social. La cultura cafetera en la capital argentina data de la \u00e9poca colonial: ya en 1820 la ciudad contaba con 17 caf\u00e9s. Muchos surgieron como almacenes y mercados y luego mutaron en caf\u00e9s musicales (las reconocidas \u201cacademias\u201d), otros, en literarios y estudiantiles.<\/p>\n<h2 class=\"bajada\" style=\"text-align: justify;\">Dibujar en el Paseo de la Historieta<\/h2>\n[youtube youtubeurl=\u00bbKZSpC8ZQ41M\u00a0\u00bb ][\/youtube]\n<p class=\"bajada\" style=\"text-align: justify;\">Para volver el tiempo atr\u00e1s y sumergirnos a la \u00e9poca colonial es fundamental usar nuestro imaginaci\u00f3n, y un buen complemento de ellos es realizar un recorrido por la historia caricaturesca argentina: ademas de un itinerario por la escultura y murales de los personajes de historieta m\u00e1s ic\u00f3nicos del siglo XX. Una de las curiosidades de este lugar es que la ubicaci\u00f3n de las esculturas es estrat\u00e9gica: cada una se rodea de elementos que coinciden con su personalidad, gustos y chistes internos.<\/p>\n<h2 class=\"bajada\" style=\"text-align: justify;\">Visitar y recorrer el Museo de la Casa Rosada<\/h2>\n<p class=\"bajada\" style=\"text-align: justify;\">Otro atractivo colonial es la <strong>Casa Rosada<\/strong>, la cual cuenta con\u00a0visitas guiadas\u00a0para todos aquellos que quieran conocer su historia y arquitectura. Durante la visita se recorre los principales sectores de la Casa de Gobierno como por ejemplo: Sal\u00f3n de los Patriotas Latinoamericanos, Sal\u00f3n Mujeres Argentinas, el balc\u00f3n que da a la Plaza de Mayo, Patio de las Palmeras, Sal\u00f3n Blanco, el\u00a0despacho presidencial, Sal\u00f3n de los Bustos.<\/p>\n<p><a ref=\"magnificPopup\" href=\"http:\/\/blog.alquilerargentina.com\/wp-content\/uploads\/2018\/05\/Un-recorrido-por-el-tiempo-de-la-Revoluci\u00f3n-en-Buenos-Aires-casarosada.jpg\"><img loading=\"lazy\" decoding=\"async\" class=\"alignnone size-full wp-image-26589\" src=\"http:\/\/blog.alquilerargentina.com\/wp-content\/uploads\/2018\/05\/Un-recorrido-por-el-tiempo-de-la-Revoluci\u00f3n-en-Buenos-Aires-casarosada.jpg\" alt=\"\" width=\"1000\" height=\"700\" srcset=\"https:\/\/blog3.alquilerargentina.com\/wp-content\/uploads\/2018\/05\/Un-recorrido-por-el-tiempo-de-la-Revoluci\u00f3n-en-Buenos-Aires-casarosada.jpg 1000w, https:\/\/blog3.alquilerargentina.com\/wp-content\/uploads\/2018\/05\/Un-recorrido-por-el-tiempo-de-la-Revoluci\u00f3n-en-Buenos-Aires-casarosada-300x210.jpg 300w, https:\/\/blog3.alquilerargentina.com\/wp-content\/uploads\/2018\/05\/Un-recorrido-por-el-tiempo-de-la-Revoluci\u00f3n-en-Buenos-Aires-casarosada-768x538.jpg 768w, https:\/\/blog3.alquilerargentina.com\/wp-content\/uploads\/2018\/05\/Un-recorrido-por-el-tiempo-de-la-Revoluci\u00f3n-en-Buenos-Aires-casarosada-44x31.jpg 44w, https:\/\/blog3.alquilerargentina.com\/wp-content\/uploads\/2018\/05\/Un-recorrido-por-el-tiempo-de-la-Revoluci\u00f3n-en-Buenos-Aires-casarosada-571x400.jpg 571w\" sizes=\"(max-width: 1000px) 100vw, 1000px\" \/><\/a><\/p>\n<h2 class=\"bajada\" style=\"text-align: justify;\">Visitar el Cabildo<\/h2>\n<p><a ref=\"magnificPopup\" href=\"http:\/\/blog.alquilerargentina.com\/wp-content\/uploads\/2018\/05\/Un-recorrido-por-el-tiempo-de-la-Revoluci\u00f3n-en-Buenos-Aires-cabildodebuenosaires.jpg\"><img loading=\"lazy\" decoding=\"async\" class=\"alignnone size-full wp-image-26584\" src=\"http:\/\/blog.alquilerargentina.com\/wp-content\/uploads\/2018\/05\/Un-recorrido-por-el-tiempo-de-la-Revoluci\u00f3n-en-Buenos-Aires-cabildodebuenosaires.jpg\" alt=\"\" width=\"1000\" height=\"700\" srcset=\"https:\/\/blog3.alquilerargentina.com\/wp-content\/uploads\/2018\/05\/Un-recorrido-por-el-tiempo-de-la-Revoluci\u00f3n-en-Buenos-Aires-cabildodebuenosaires.jpg 1000w, https:\/\/blog3.alquilerargentina.com\/wp-content\/uploads\/2018\/05\/Un-recorrido-por-el-tiempo-de-la-Revoluci\u00f3n-en-Buenos-Aires-cabildodebuenosaires-300x210.jpg 300w, https:\/\/blog3.alquilerargentina.com\/wp-content\/uploads\/2018\/05\/Un-recorrido-por-el-tiempo-de-la-Revoluci\u00f3n-en-Buenos-Aires-cabildodebuenosaires-768x538.jpg 768w, https:\/\/blog3.alquilerargentina.com\/wp-content\/uploads\/2018\/05\/Un-recorrido-por-el-tiempo-de-la-Revoluci\u00f3n-en-Buenos-Aires-cabildodebuenosaires-44x31.jpg 44w, https:\/\/blog3.alquilerargentina.com\/wp-content\/uploads\/2018\/05\/Un-recorrido-por-el-tiempo-de-la-Revoluci\u00f3n-en-Buenos-Aires-cabildodebuenosaires-571x400.jpg 571w\" sizes=\"(max-width: 1000px) 100vw, 1000px\" \/><\/a><\/p>\n<p class=\"bajada\" style=\"text-align: justify;\">La mejor opci\u00f3n para que grandes y chicos conozcan la historia de la\u00a0Revoluci\u00f3n de Mayo\u00a0y de los hechos que iniciaron la independencia del pa\u00eds, es visitar el Cabildo. En las diferentes salas se exponen documentos, muebles, armas, mapas y dem\u00e1s testimonios del proceso hist\u00f3rico de la\u00a0Semana de Mayo de 1810.<\/p>\n<p class=\"bajada\" style=\"text-align: justify;\">Visitar\u00a0el <strong>Museo del Cabildo<\/strong> te permitir\u00e1 entender, a partir de su acervo de miles de piezas de car\u00e1cter hist\u00f3rico y art\u00edstico que abarcan desde el per\u00edodo hisp\u00e1nico hasta las presidencias argentinas, c\u00f3mo este espacio fue transformado a lo largo del tiempo.<\/p>\n<p><a ref=\"magnificPopup\" href=\"http:\/\/blog.alquilerargentina.com\/wp-content\/uploads\/2018\/05\/Un-recorrido-por-el-tiempo-de-la-Revoluci\u00f3n-en-Buenos-Aires-museocabildo-1.jpg\"><img loading=\"lazy\" decoding=\"async\" class=\"alignnone size-full wp-image-26593\" src=\"http:\/\/blog.alquilerargentina.com\/wp-content\/uploads\/2018\/05\/Un-recorrido-por-el-tiempo-de-la-Revoluci\u00f3n-en-Buenos-Aires-museocabildo-1.jpg\" alt=\"\" width=\"1000\" height=\"700\" srcset=\"https:\/\/blog3.alquilerargentina.com\/wp-content\/uploads\/2018\/05\/Un-recorrido-por-el-tiempo-de-la-Revoluci\u00f3n-en-Buenos-Aires-museocabildo-1.jpg 1000w, https:\/\/blog3.alquilerargentina.com\/wp-content\/uploads\/2018\/05\/Un-recorrido-por-el-tiempo-de-la-Revoluci\u00f3n-en-Buenos-Aires-museocabildo-1-300x210.jpg 300w, https:\/\/blog3.alquilerargentina.com\/wp-content\/uploads\/2018\/05\/Un-recorrido-por-el-tiempo-de-la-Revoluci\u00f3n-en-Buenos-Aires-museocabildo-1-768x538.jpg 768w, https:\/\/blog3.alquilerargentina.com\/wp-content\/uploads\/2018\/05\/Un-recorrido-por-el-tiempo-de-la-Revoluci\u00f3n-en-Buenos-Aires-museocabildo-1-44x31.jpg 44w, https:\/\/blog3.alquilerargentina.com\/wp-content\/uploads\/2018\/05\/Un-recorrido-por-el-tiempo-de-la-Revoluci\u00f3n-en-Buenos-Aires-museocabildo-1-571x400.jpg 571w\" sizes=\"(max-width: 1000px) 100vw, 1000px\" \/><\/a><\/p>\n<blockquote><p><span style=\"color: #000000;\"><strong>No dejes de volverte hacia el tiempo de Revoluci\u00f3n y disfrutar de lo que Buenos Aires tiene para ofrecerte.<\/strong><\/span><\/p><\/blockquote>\n","protected":false},"excerpt":{"rendered":"<p>\u00bfAlguna vez te pusiste a pensar como habr\u00eda sido vivir en la Argentina de 1810? La \u00e9poca colonial esconde misterios, grandes y peque\u00f1os acontecimientos. Buenos Aires, por ejemplo,\u00a0 fue una de las provincias con mayor protagonismo en tiempos de Revoluci\u00f3n. En ella sucedieron hechos que muchas veces, los libros de historia no nos terminan de&#8230;<\/p>\n","protected":false},"author":1,"featured_media":26581,"comment_status":"open","ping_status":"open","sticky":false,"template":"","format":"standard","meta":{"footnotes":""},"categories":[3588],"tags":[],"_links":{"self":[{"href":"https:\/\/www.alquilerargentina.com\/blog\/wp-json\/wp\/v2\/posts\/26568"}],"collection":[{"href":"https:\/\/www.alquilerargentina.com\/blog\/wp-json\/wp\/v2\/posts"}],"about":[{"href":"https:\/\/www.alquilerargentina.com\/blog\/wp-json\/wp\/v2\/types\/post"}],"author":[{"embeddable":true,"href":"https:\/\/www.alquilerargentina.com\/blog\/wp-json\/wp\/v2\/users\/1"}],"replies":[{"embeddable":true,"href":"https:\/\/www.alquilerargentina.com\/blog\/wp-json\/wp\/v2\/comments?post=26568"}],"version-history":[{"count":15,"href":"https:\/\/www.alquilerargentina.com\/blog\/wp-json\/wp\/v2\/posts\/26568\/revisions"}],"predecessor-version":[{"id":26597,"href":"https:\/\/www.alquilerargentina.com\/blog\/wp-json\/wp\/v2\/posts\/26568\/revisions\/26597"}],"wp:featuredmedia":[{"embeddable":true,"href":"https:\/\/www.alquilerargentina.com\/blog\/wp-json\/wp\/v2\/media\/26581"}],"wp:attachment":[{"href":"https:\/\/www.alquilerargentina.com\/blog\/wp-json\/wp\/v2\/media?parent=26568"}],"wp:term":[{"taxonomy":"category","embeddable":true,"href":"https:\/\/www.alquilerargentina.com\/blog\/wp-json\/wp\/v2\/categories?post=26568"},{"taxonomy":"post_tag","embeddable":true,"href":"https:\/\/www.alquilerargentina.com\/blog\/wp-json\/wp\/v2\/tags?post=26568"}],"curies":[{"name":"wp","href":"https:\/\/api.w.org\/{rel}","templated":true}]}}