{"id":2481,"date":"2015-01-14T10:58:42","date_gmt":"2015-01-14T13:58:42","guid":{"rendered":"http:\/\/www.alquilerargentina.com\/blog\/?p=2481"},"modified":"2015-01-14T10:59:51","modified_gmt":"2015-01-14T13:59:51","slug":"mar-de-las-pampas-playa-y-naturaleza-en-la-costa-atlantica","status":"publish","type":"post","link":"https:\/\/www.alquilerargentina.com\/blog\/destinos\/mar-de-las-pampas-playa-y-naturaleza-en-la-costa-atlantica.html","title":{"rendered":"Mar de las Pampas: playa y naturaleza en la Costa Atl\u00e1ntica"},"content":{"rendered":"<p style=\"text-align: justify;\"><em>Mar de las Pampas es el segundo de los balnearios de Villa Gesell. Adem\u00e1s de la pesca deportiva y la vida nocturna, son muchos los atractivos que lo definen como el destino perfecto para el descanso y relax de todos aquellos que buscan desconectarse\u00a0de la vida en la ciudad.<\/em><\/p>\n<p style=\"text-align: justify;\">Con el comienzo de la nueva temporada de <strong>verano<\/strong>, Mar de las Pampas vuelve a convertirse en el gran destino tur\u00edstico que convoca a miles de personas.\u00a0Moderna, con estilo propio, ubicada\u00a0entre el mar y un bosque de con\u00edferas, nuestro portal te ofrece las mejores opciones en <strong>alquileres<\/strong>, desde <strong>caba\u00f1as<\/strong> a departamentos, oportunidades ideales que no hay que dejar de aprovechar en estas\u00a0<strong>vacaciones<\/strong>.<\/p>\n<h2 style=\"text-align: justify;\"><strong>Un poco de historia<\/strong><\/h2>\n<p style=\"text-align: justify;\">Carlos Gesell, pionero de esta zona costera, se dedic\u00f3 a plantar pinos hasta que los brotes comenzaron a prender y a llenar de verde los m\u00e9danos. En abril de 1957, una firma de rematadores public\u00f3 un aviso que ofrecia a hombres de empresa, grandes lotes frente al mar, entre Mar del Playa y Pinamar. 22 a\u00f1os m\u00e1s tarde, en 1979, se inici\u00f3 efectivamente la comercializaci\u00f3n de sus terrenos.<\/p>\n<h2 style=\"text-align: justify;\"><strong>Conociendo Mar de las Pampas<\/strong><\/h2>\n<p style=\"text-align: justify;\">Mar de las Pampas es una peque\u00f1a ciudad ubicada en la Costa Atl\u00e1ntica. De\u00a0clima templado y de escasas lluvias, ofrece al turista\u00a0entretenidas actividades como paseos a caballo, salidas en bicicleta, excursiones en 4&#215;4 y \u00a0trecking. Las dunas son el sitio elegido para\u00a0practicar sandboard y, en el mar, diferentes deportes n\u00e1uticos como windsurf, esqu\u00ed acu\u00e1tico y wakeboard.<\/p>\n<p style=\"text-align: justify;\">Esta localidad se caracteriza por la tendencia que sigue \u00abSlow City\u00bb, que permite disfrutar del silencio y la tranquilidad obligando a descender la velocidad de los motores.<\/p>\n<h2 style=\"text-align: justify;\">\u00bfQu\u00e9 podes visitar?<\/h2>\n<h3>Balneario Soleado<\/h3>\n<p style=\"text-align: justify;\">Es el \u00fanico balneario en Mar de las Pampas, compuesto por amplias playas remodeladas que promueve el dominio de la naturaleza y la preservaci\u00f3n del patrimonio ambiental. Est\u00e1 en la intersecci\u00f3n de las calles Viraz\u00f3n y Playa y cuenta con un sal\u00f3n y una terraza de gran tama\u00f1o con cafeter\u00eda y bar de jugos y c\u00f3cteles.<\/p>\n<h3 style=\"text-align: justify;\">Arquer\u00eda de las Pampas<\/h3>\n<p style=\"text-align: justify;\">En avenida Lucero entre J. Roca y Viraz\u00f3n. All\u00ed se practica el tiro al blanco con instructores para los principiantes.<\/p>\n<h3 style=\"text-align: justify;\">Club H\u00edpico<\/h3>\n<p style=\"text-align: justify;\">Brinda alquiler de caballos y excursiones guiadas diurnas y nocturnas por bosques y playas en Avenida Cruz del Sur y del Plata.<\/p>\n<h3 style=\"text-align: justify;\">Reserva Natural Faro Querand\u00ed<\/h3>\n<p style=\"text-align: justify;\">Son 5.757 hect\u00e1reas de dunas donde se haya el Faro, primera construcci\u00f3n del distrito de Villa Gesell. Se puede llegar \u00fanicamente en 4&#215;4 y ah\u00ed se realizan caminatas por los m\u00e9danos con los cuidados de una Reserva Natural, siguiendo las huellas para preservar la flora y la fauna aut\u00f3ctonas. Durante las excursiones guiadas hasta la reserva, se realiza la pr\u00e1ctica de sandboard.<\/p>\n<blockquote>\n<h4><strong><span style=\"color: #000000;\">\u00a1Encontr\u00e1<\/span>\u00a0<a href=\"http:\/\/www.alquilerargentina.com\/Buenos-Aires\/Mar-De-Las-Pampas\/\" target=\"_blank\">Alojamientos Verificados en\u00a0<span style=\"color: #ff6600;\">Mar de las Pampas<\/span><\/a><span style=\"color: #000000;\">!<\/span><\/strong><\/h4>\n<\/blockquote>\n","protected":false},"excerpt":{"rendered":"<p>Mar de las Pampas es el segundo de los balnearios de Villa Gesell. Adem\u00e1s de la pesca deportiva y la vida nocturna, son muchos los atractivos que lo definen como el destino perfecto para el descanso y relax de todos aquellos que buscan desconectarse\u00a0de la vida en la ciudad. Con el comienzo de la nueva&#8230;<\/p>\n","protected":false},"author":1,"featured_media":2505,"comment_status":"open","ping_status":"open","sticky":false,"template":"","format":"gallery","meta":{"footnotes":""},"categories":[6],"tags":[],"_links":{"self":[{"href":"https:\/\/www.alquilerargentina.com\/blog\/wp-json\/wp\/v2\/posts\/2481"}],"collection":[{"href":"https:\/\/www.alquilerargentina.com\/blog\/wp-json\/wp\/v2\/posts"}],"about":[{"href":"https:\/\/www.alquilerargentina.com\/blog\/wp-json\/wp\/v2\/types\/post"}],"author":[{"embeddable":true,"href":"https:\/\/www.alquilerargentina.com\/blog\/wp-json\/wp\/v2\/users\/1"}],"replies":[{"embeddable":true,"href":"https:\/\/www.alquilerargentina.com\/blog\/wp-json\/wp\/v2\/comments?post=2481"}],"version-history":[{"count":11,"href":"https:\/\/www.alquilerargentina.com\/blog\/wp-json\/wp\/v2\/posts\/2481\/revisions"}],"predecessor-version":[{"id":2517,"href":"https:\/\/www.alquilerargentina.com\/blog\/wp-json\/wp\/v2\/posts\/2481\/revisions\/2517"}],"wp:featuredmedia":[{"embeddable":true,"href":"https:\/\/www.alquilerargentina.com\/blog\/wp-json\/wp\/v2\/media\/2505"}],"wp:attachment":[{"href":"https:\/\/www.alquilerargentina.com\/blog\/wp-json\/wp\/v2\/media?parent=2481"}],"wp:term":[{"taxonomy":"category","embeddable":true,"href":"https:\/\/www.alquilerargentina.com\/blog\/wp-json\/wp\/v2\/categories?post=2481"},{"taxonomy":"post_tag","embeddable":true,"href":"https:\/\/www.alquilerargentina.com\/blog\/wp-json\/wp\/v2\/tags?post=2481"}],"curies":[{"name":"wp","href":"https:\/\/api.w.org\/{rel}","templated":true}]}}