{"id":21817,"date":"2017-08-25T10:00:07","date_gmt":"2017-08-25T13:00:07","guid":{"rendered":"http:\/\/www.alquilerargentina.com\/blog\/?p=21817"},"modified":"2017-08-22T10:12:18","modified_gmt":"2017-08-22T13:12:18","slug":"subiendo-el-cerro-aconcagua","status":"publish","type":"post","link":"https:\/\/www.alquilerargentina.com\/blog\/paseos-y-excursiones\/subiendo-el-cerro-aconcagua.html","title":{"rendered":"Subiendo el Cerro Aconcagua"},"content":{"rendered":"<p><em>Vamos a comenzar un viaje que los va a elevar. Tanto que van a estar en la segunda cumbre monta\u00f1osa m\u00e1s alta del mundo. Vamos al <strong>Parque Provincial Aconcagua<\/strong>\u00a0en <a href=\"http:\/\/www.alquilerargentina.com\/Mendoza\/?utm_source=alquilerargentina&amp;utm_medium=blog&amp;utm_campaign=destinos_mendoza\" target=\"_blank\" rel=\"noopener\"><strong>Mendoza<\/strong><\/a>\u00a0y prep\u00e1rense para conocer y ascender el <strong>Cerro Aconcagua<\/strong>.<\/em><\/p>\n<p>Este lugar es una de las once \u00e1reas protegidas de Mendoza. Ubicado a unos 53 kil\u00f3metros de <strong><a href=\"http:\/\/www.alquilerargentina.com\/Mendoza\/Uspallata\/?utm_source=alquilerargentina&amp;utm_medium=blog&amp;utm_campaign=destinos_uspallata\" target=\"_blank\" rel=\"noopener\">Uspallata<\/a><\/strong>, es hermoso por donde se lo mire, en sus m\u00e1s de 71 mil hect\u00e1reas. Circundado por el r\u00edo de las Vacas y los Horcones\u00a0posee adem\u00e1s, el cerro Catedral, el Cuerno y el Bonete.<\/p>\n<p><a ref=\"magnificPopup\" href=\"http:\/\/www.alquilerargentina.com\/blog\/wp-content\/uploads\/2017\/08\/aconcagua.jpg\"><img loading=\"lazy\" decoding=\"async\" class=\"alignnone wp-image-21819\" src=\"http:\/\/www.alquilerargentina.com\/blog\/wp-content\/uploads\/2017\/08\/aconcagua-300x138.jpg\" alt=\"\" width=\"785\" height=\"360\" srcset=\"https:\/\/blog3.alquilerargentina.com\/wp-content\/uploads\/2017\/08\/aconcagua-300x138.jpg 300w, https:\/\/blog3.alquilerargentina.com\/wp-content\/uploads\/2017\/08\/aconcagua-768x352.jpg 768w, https:\/\/blog3.alquilerargentina.com\/wp-content\/uploads\/2017\/08\/aconcagua.jpg 800w\" sizes=\"(max-width: 785px) 100vw, 785px\" \/><\/a><\/p>\n<blockquote><p><span style=\"color: #000000;\"><strong>Con 6.962 metros sobre el nivel del mar, el Cerro Aconcagua\u00a0es el punto m\u00e1s alto del continente, ubicado en el extremo sur de la cadena Los Penitentes, en pleno coraz\u00f3n de la Cordillera de los Andes y a 12 kil\u00f3metros de la frontera con Chile.<\/strong><\/span><\/p><\/blockquote>\n<p>Su nombre deviene de \u00abAckon &#8211; Cauak\u00bb y deviene de la lengua quechua, en donde significa \u00abtinela de piedra\u00bb. Los aymara lo llamaron Kon &#8211; Kawa (monte nevado) y los araucanos Acon &#8211; Hue (que viene de lejos).<\/p>\n<p><a href=\"http:\/\/www.alquilerargentina.com\/Mendoza\/Uspallata\/?utm_source=alquilerargentina&amp;utm_medium=blog&amp;utm_campaign=destinos_uspallata\" target=\"_blank\" rel=\"noopener\">Reserv\u00e1 <strong>alojamientos en Uspallata<\/strong>, muy cerca del Aconcagua.<\/a><\/p>\n<h2>La obsesi\u00f3n de los escaladores<\/h2>\n<p>Este lugar es un anhelo no solo de turistas, sino de escaladores y monta\u00f1istas. Es que semejante cantidad de metros, implica todo un desaf\u00edo desde el siglo XIX, cuando el primero que lo quiso escalar fue un alem\u00e1n -Paul Gussfeldt- que no lleg\u00f3 a la cima. Reci\u00e9n en 1942 un grupo de argentinos, se aventur\u00f3 al ascenso.<\/p>\n<p>Los ascensos son controlados por los guardaparques, quienes reparten los folletos informativos y bolsas para los residuos. Lo mejor es llegar con varios d\u00edas de anticipaci\u00f3n, para adecuarse al clima y a la altura. Todo un desaf\u00edo&#8230;<\/p>\n<p><a ref=\"magnificPopup\" href=\"http:\/\/www.alquilerargentina.com\/blog\/wp-content\/uploads\/2017\/08\/ascenso-cerro.jpg\"><img loading=\"lazy\" decoding=\"async\" class=\"alignnone wp-image-21820\" src=\"http:\/\/www.alquilerargentina.com\/blog\/wp-content\/uploads\/2017\/08\/ascenso-cerro-300x138.jpg\" alt=\"\" width=\"785\" height=\"360\" srcset=\"https:\/\/blog3.alquilerargentina.com\/wp-content\/uploads\/2017\/08\/ascenso-cerro-300x138.jpg 300w, https:\/\/blog3.alquilerargentina.com\/wp-content\/uploads\/2017\/08\/ascenso-cerro-768x352.jpg 768w, https:\/\/blog3.alquilerargentina.com\/wp-content\/uploads\/2017\/08\/ascenso-cerro.jpg 800w\" sizes=\"(max-width: 785px) 100vw, 785px\" \/><\/a><\/p>\n<p>Se recomienda un ascenso gradual,\u00a0para minimizar la hipoxia. Por eso comenzar debajo de los 3000msnm y subir caminando es lo mejor.\u00a0Abundante hidrataci\u00f3n\u00a0es vital, porque es se\u00f1al si se orina poco, luego de tomar mucha agua de que la aclimataci\u00f3n no est\u00e1 funcionando. Tambien una dieta rica en hidratos de carbono,\u00a0para\u00a0niveles de ox\u00edgeno sangu\u00edneo m\u00e1s altos.<\/p>\n<h2>Las rutas de ascenso<\/h2>\n<p>Existen varias rutas. La noroeste, que es la m\u00e1s transitada, comienza dos d\u00edas a lomo de mula desde Los Horcoes y un d\u00eda a pie. La Ruta Sur, es para andinistas expertos, porque posee 3mil metros de hielo y dificultades de sexto grado. Parte de los Horcones y tras 12 kil\u00f3metros, se llega a la zona de glaciares.<\/p>\n<p><a ref=\"magnificPopup\" href=\"http:\/\/www.alquilerargentina.com\/blog\/wp-content\/uploads\/2017\/08\/cerro-aconcagua.jpg\"><img loading=\"lazy\" decoding=\"async\" class=\"alignnone wp-image-21821\" src=\"http:\/\/www.alquilerargentina.com\/blog\/wp-content\/uploads\/2017\/08\/cerro-aconcagua-300x138.jpg\" alt=\"\" width=\"785\" height=\"360\" srcset=\"https:\/\/blog3.alquilerargentina.com\/wp-content\/uploads\/2017\/08\/cerro-aconcagua-300x138.jpg 300w, https:\/\/blog3.alquilerargentina.com\/wp-content\/uploads\/2017\/08\/cerro-aconcagua-768x352.jpg 768w, https:\/\/blog3.alquilerargentina.com\/wp-content\/uploads\/2017\/08\/cerro-aconcagua.jpg 800w\" sizes=\"(max-width: 785px) 100vw, 785px\" \/><\/a><\/p>\n<p>La Ruta Oriental, o Glaciar de los Polacos, sale de Punta de Vacas, remontando por el r\u00edo por unos 60 kil\u00f3metros, hasta Plaza Argentina Inferior. Al llegar a los 5.300 metros, comienza una ladera de hielo con dificultades crecientes.\u00a0La sudoeste comienza en Plaza de Mulas por la pared oeste, para subir unos 6.707 metros por un laberinto de canaletas y paredones, que no permiten llegar f\u00e1cil a la cima.\u00a0Por \u00faltimo, la ruta Glaciar de los Argentinos,\u00a0parte de la Plaza Argentina Superior y se llega hasta la cumbre norte.<\/p>\n","protected":false},"excerpt":{"rendered":"<p>Vamos a comenzar un viaje que los va a elevar. Tanto que van a estar en la segunda cumbre monta\u00f1osa m\u00e1s alta del mundo. Vamos al Parque Provincial Aconcagua\u00a0en Mendoza\u00a0y prep\u00e1rense para conocer y ascender el Cerro Aconcagua. Este lugar es una de las once \u00e1reas protegidas de Mendoza. Ubicado a unos 53 kil\u00f3metros de&#8230;<\/p>\n","protected":false},"author":1,"featured_media":21822,"comment_status":"open","ping_status":"open","sticky":false,"template":"","format":"standard","meta":{"footnotes":""},"categories":[3588],"tags":[],"_links":{"self":[{"href":"https:\/\/www.alquilerargentina.com\/blog\/wp-json\/wp\/v2\/posts\/21817"}],"collection":[{"href":"https:\/\/www.alquilerargentina.com\/blog\/wp-json\/wp\/v2\/posts"}],"about":[{"href":"https:\/\/www.alquilerargentina.com\/blog\/wp-json\/wp\/v2\/types\/post"}],"author":[{"embeddable":true,"href":"https:\/\/www.alquilerargentina.com\/blog\/wp-json\/wp\/v2\/users\/1"}],"replies":[{"embeddable":true,"href":"https:\/\/www.alquilerargentina.com\/blog\/wp-json\/wp\/v2\/comments?post=21817"}],"version-history":[{"count":15,"href":"https:\/\/www.alquilerargentina.com\/blog\/wp-json\/wp\/v2\/posts\/21817\/revisions"}],"predecessor-version":[{"id":21857,"href":"https:\/\/www.alquilerargentina.com\/blog\/wp-json\/wp\/v2\/posts\/21817\/revisions\/21857"}],"wp:featuredmedia":[{"embeddable":true,"href":"https:\/\/www.alquilerargentina.com\/blog\/wp-json\/wp\/v2\/media\/21822"}],"wp:attachment":[{"href":"https:\/\/www.alquilerargentina.com\/blog\/wp-json\/wp\/v2\/media?parent=21817"}],"wp:term":[{"taxonomy":"category","embeddable":true,"href":"https:\/\/www.alquilerargentina.com\/blog\/wp-json\/wp\/v2\/categories?post=21817"},{"taxonomy":"post_tag","embeddable":true,"href":"https:\/\/www.alquilerargentina.com\/blog\/wp-json\/wp\/v2\/tags?post=21817"}],"curies":[{"name":"wp","href":"https:\/\/api.w.org\/{rel}","templated":true}]}}