{"id":21295,"date":"2017-08-10T10:00:21","date_gmt":"2017-08-10T13:00:21","guid":{"rendered":"http:\/\/www.alquilerargentina.com\/blog\/?p=21295"},"modified":"2017-07-31T10:55:59","modified_gmt":"2017-07-31T13:55:59","slug":"escalada-en-san-rafael","status":"publish","type":"post","link":"https:\/\/www.alquilerargentina.com\/blog\/paseos-y-excursiones\/escalada-en-san-rafael.html","title":{"rendered":"\u00bfTe animas? Escalada en San Rafael"},"content":{"rendered":"<p><em>\u00bfTe gusta el <strong>deporte extremo<\/strong>? Te contamos en esta nota, sobre un lugar donde deportistas extranjeros y de casi todo el pa\u00eds se llegan cada vez m\u00e1s:<strong> escalada en\u00a0<a href=\"http:\/\/www.alquilerargentina.com\/Mendoza\/San-Rafael\/?utm_source=alquilerargentina&amp;utm_medium=blog&amp;utm_campaign=destinos_invierno_sanrafael\" target=\"_blank\" rel=\"noopener\">San Rafael<\/a>.<\/strong><\/em><\/p>\n<p>La escalada no requiere tanto conocimiento previo. Se inici\u00f3 en <strong>San Rafael<\/strong> en una zona en la entrada al <strong>Valle Grande<\/strong> conocida como la <em>\u201cestaci\u00f3n sismol\u00f3gica\u201d<\/em>. All\u00ed las formaciones son ideales, y una de los grandes atractivos de <strong><a href=\"http:\/\/www.alquilerargentina.com\/Mendoza\/?utm_source=alquilerargentina&amp;utm_medium=blog&amp;utm_campaign=destinos_mendoza\" target=\"_blank\" rel=\"noopener\">Mendoza<\/a><\/strong>.<\/p>\n<p>A la estaci\u00f3n se llega tomando la ruta 173 que te lleva al Valle. En el camino se encuentra un desv\u00edo a mano derecha, antes de ingresar al ca\u00f1\u00f3n (Sentido Centro San Rafael-Valle Grande) con el cartel de \u00abParapente\u00bb. Luego se ingresa por \u00a0camino de tierra hasta llegar a un alambrado \u00a0y de ah\u00ed a cinco minutos de la gran aventura&#8230;<\/p>\n<p><a ref=\"magnificPopup\" href=\"http:\/\/www.alquilerargentina.com\/blog\/wp-content\/uploads\/2017\/07\/escalada-san-rafael.jpg\"><img loading=\"lazy\" decoding=\"async\" class=\"alignnone wp-image-21299\" src=\"http:\/\/www.alquilerargentina.com\/blog\/wp-content\/uploads\/2017\/07\/escalada-san-rafael-300x138.jpg\" alt=\"\" width=\"785\" height=\"360\" srcset=\"https:\/\/blog3.alquilerargentina.com\/wp-content\/uploads\/2017\/07\/escalada-san-rafael-300x138.jpg 300w, https:\/\/blog3.alquilerargentina.com\/wp-content\/uploads\/2017\/07\/escalada-san-rafael-768x352.jpg 768w, https:\/\/blog3.alquilerargentina.com\/wp-content\/uploads\/2017\/07\/escalada-san-rafael.jpg 800w\" sizes=\"(max-width: 785px) 100vw, 785px\" \/><\/a><\/p>\n<p><a href=\"http:\/\/www.alquilerargentina.com\/Mendoza\/San-Rafael\/?utm_source=alquilerargentina&amp;utm_medium=blog&amp;utm_campaign=destinos_sanrafael\" target=\"_blank\" rel=\"noopener\">Disfrut\u00e1 delos mejores <strong>alquileres temporarios en San Rafael<\/strong>.<\/a><\/p>\n<h2>M\u00e1s lugares para practicarlo<\/h2>\n<p>Los lugares para practicar escalada deben ser \u00abequipados\u00bb. Es decir,\u00a0en los que cualquier escalador amateur cuente con las condiciones de seguridad necesarias para llevarla a cabo. La tentaci\u00f3n m\u00e1s grande es hacerla en el <strong>Ca\u00f1\u00f3n del Atuel,<\/strong>\u00a0en el \u00e1rea denominada \u201cLa frazada\u201d. Esto significa poder disfrutarlo gracias a la fuerza mental y f\u00edsica de quienes se lleguen hasta all\u00ed.<\/p>\n<p>Hay otro sitio equipado bautizado como \u201cEl Santuario\u201d, por una peque\u00f1a gruta que existe en las inmediaciones, donde varios turistas se llegan a rezar. El mismo se encontr\u00f3 gracias a deportistas mendocinos, que llevan a cabo la pr\u00e1ctica de \u201cboulder\u201d: escalada de baja altura pero de m\u00e1xima dificultad, donde necesitan m\u00e1s de una colchoneta para amortiguar las ca\u00eddas.<\/p>\n<p><a ref=\"magnificPopup\" href=\"http:\/\/www.alquilerargentina.com\/blog\/wp-content\/uploads\/2017\/07\/esscalada.jpg\"><img loading=\"lazy\" decoding=\"async\" class=\"alignnone wp-image-21300\" src=\"http:\/\/www.alquilerargentina.com\/blog\/wp-content\/uploads\/2017\/07\/esscalada-300x138.jpg\" alt=\"\" width=\"785\" height=\"360\" srcset=\"https:\/\/blog3.alquilerargentina.com\/wp-content\/uploads\/2017\/07\/esscalada-300x138.jpg 300w, https:\/\/blog3.alquilerargentina.com\/wp-content\/uploads\/2017\/07\/esscalada-768x352.jpg 768w, https:\/\/blog3.alquilerargentina.com\/wp-content\/uploads\/2017\/07\/esscalada.jpg 800w\" sizes=\"(max-width: 785px) 100vw, 785px\" \/><\/a><\/p>\n<blockquote><p><span style=\"color: #000000;\"><strong>Los deportistas que m\u00e1s llegan lo hacen de pa\u00edses como\u00a0franceses, chilenos, estadounidenses y bolivianos. Por eso, San Rafael est\u00e1 considerada como la capital nacional para esta pr\u00e1ctica y muy cerca de ser considerada, una de las paradas obligatorias a nivel continental. Aqu\u00ed el turismo alternativo tiene vida y larga.<\/strong><\/span><\/p><\/blockquote>\n<h2>Antes del vino, el desgaste f\u00edsico<\/h2>\n<p>La t\u00e9cnica de escalada e tener tres puntos de apoyo, desde donde se busca realizar el mayor esfuerzo con las piernas, para que los brazos no se cansen. Bajar es hacerlo por la misma pared vertical, cuando se deja deslizar el cuerpo por una cuerda, arn\u00e9s de por medio. Mosquet\u00f3n con seguro, un descensor y guantes, son la seguridad de tierra firme.<\/p>\n<p><a ref=\"magnificPopup\" href=\"http:\/\/www.alquilerargentina.com\/blog\/wp-content\/uploads\/2017\/07\/san-rafael.jpg\"><img loading=\"lazy\" decoding=\"async\" class=\"alignnone wp-image-21301\" src=\"http:\/\/www.alquilerargentina.com\/blog\/wp-content\/uploads\/2017\/07\/san-rafael-300x138.jpg\" alt=\"\" width=\"785\" height=\"360\" srcset=\"https:\/\/blog3.alquilerargentina.com\/wp-content\/uploads\/2017\/07\/san-rafael-300x138.jpg 300w, https:\/\/blog3.alquilerargentina.com\/wp-content\/uploads\/2017\/07\/san-rafael-768x352.jpg 768w, https:\/\/blog3.alquilerargentina.com\/wp-content\/uploads\/2017\/07\/san-rafael.jpg 800w\" sizes=\"(max-width: 785px) 100vw, 785px\" \/><\/a><\/p>\n<p>La escalada en San Rafael es en roca, alpina y de grandes paredes. Si son deportistas, ac\u00e1 tienen que estar. Si no lo son, tambi\u00e9n. Disfrutar de Mendoza, muchas veces es disfrutar de San Rafael y de escalada. \u00bfTe anim\u00e1s?<\/p>\n","protected":false},"excerpt":{"rendered":"<p>\u00bfTe gusta el deporte extremo? Te contamos en esta nota, sobre un lugar donde deportistas extranjeros y de casi todo el pa\u00eds se llegan cada vez m\u00e1s: escalada en\u00a0San Rafael. La escalada no requiere tanto conocimiento previo. Se inici\u00f3 en San Rafael en una zona en la entrada al Valle Grande conocida como la \u201cestaci\u00f3n&#8230;<\/p>\n","protected":false},"author":1,"featured_media":21302,"comment_status":"open","ping_status":"open","sticky":false,"template":"","format":"standard","meta":{"footnotes":""},"categories":[3588],"tags":[],"_links":{"self":[{"href":"https:\/\/www.alquilerargentina.com\/blog\/wp-json\/wp\/v2\/posts\/21295"}],"collection":[{"href":"https:\/\/www.alquilerargentina.com\/blog\/wp-json\/wp\/v2\/posts"}],"about":[{"href":"https:\/\/www.alquilerargentina.com\/blog\/wp-json\/wp\/v2\/types\/post"}],"author":[{"embeddable":true,"href":"https:\/\/www.alquilerargentina.com\/blog\/wp-json\/wp\/v2\/users\/1"}],"replies":[{"embeddable":true,"href":"https:\/\/www.alquilerargentina.com\/blog\/wp-json\/wp\/v2\/comments?post=21295"}],"version-history":[{"count":16,"href":"https:\/\/www.alquilerargentina.com\/blog\/wp-json\/wp\/v2\/posts\/21295\/revisions"}],"predecessor-version":[{"id":21531,"href":"https:\/\/www.alquilerargentina.com\/blog\/wp-json\/wp\/v2\/posts\/21295\/revisions\/21531"}],"wp:featuredmedia":[{"embeddable":true,"href":"https:\/\/www.alquilerargentina.com\/blog\/wp-json\/wp\/v2\/media\/21302"}],"wp:attachment":[{"href":"https:\/\/www.alquilerargentina.com\/blog\/wp-json\/wp\/v2\/media?parent=21295"}],"wp:term":[{"taxonomy":"category","embeddable":true,"href":"https:\/\/www.alquilerargentina.com\/blog\/wp-json\/wp\/v2\/categories?post=21295"},{"taxonomy":"post_tag","embeddable":true,"href":"https:\/\/www.alquilerargentina.com\/blog\/wp-json\/wp\/v2\/tags?post=21295"}],"curies":[{"name":"wp","href":"https:\/\/api.w.org\/{rel}","templated":true}]}}