{"id":20106,"date":"2017-06-01T10:00:27","date_gmt":"2017-06-01T13:00:27","guid":{"rendered":"http:\/\/www.alquilerargentina.com\/blog\/?p=20106"},"modified":"2017-06-02T15:30:56","modified_gmt":"2017-06-02T18:30:56","slug":"planes-para-las-vacaciones-de-invierno","status":"publish","type":"post","link":"https:\/\/www.alquilerargentina.com\/blog\/paseos-y-excursiones\/planes-para-las-vacaciones-de-invierno.html","title":{"rendered":"Se vienen las vacaciones de invierno: 5 planes para hacer con los chicos"},"content":{"rendered":"<p style=\"text-align: justify;\"><em>Falta poquito para que llegue el mes de julio y las esperadas<strong> vacaciones de invierno.<\/strong> Por tal motivo te ofrecemos<strong> 5 planes para hacer con los chicos<\/strong> y disfrutar en familia de unos d\u00edas de descanso, recreaci\u00f3n y diversi\u00f3n.<\/em><\/p>\n<p style=\"text-align: justify;\"><iframe loading=\"lazy\" class=\"giphy-embed\" src=\"https:\/\/giphy.com\/embed\/l2YWzsUUqWOYWOvio\" width=\"480\" height=\"200\" frameborder=\"0\" allowfullscreen=\"allowfullscreen\"><\/iframe><\/p>\n<p>Visitar\u00a0museos interactivos, parques de diversiones, realizar actividades art\u00edsticas y paseos, son algunas de las propuestas que te esperan en estas <em>vacaciones de invierno<\/em>. Para que puedas organizarte bien y planear tu viaje y agenda con los chicos, te dejamos la fecha del inicio de las vacaciones en tu provincia.<\/p>\n<ul>\n<li style=\"text-align: justify;\"><strong>Del 4 al 15 de julio:<\/strong> Salta.<\/li>\n<li style=\"text-align: justify;\"><strong>Del 11 al 22 de julio:<\/strong> Catamarca, C\u00f3rdoba, Corrientes, Chubut, Entre R\u00edos, Formosa, Jujuy, La Pampa, La Rioja, Misiones, Neuqu\u00e9n, Mendoza, R\u00edo Negro, San Luis, Santa Fe, San Juan y Tucum\u00e1n.<\/li>\n<li style=\"text-align: justify;\"><strong>Del 18 al 29 de julio:<\/strong> Buenos Aires, Ciudad de Buenos Aires, Chaco, Santa Cruz, Santiago del Estero, Tierra del Fuego.<\/li>\n<\/ul>\n<blockquote>\n<p style=\"text-align: justify;\">Adem\u00e1s muchas de las actividades son gratuitas y muy accesibles para toda la familia.<\/p>\n<\/blockquote>\n<h2 style=\"text-align: justify;\"><strong>Bioparque Temaik\u00e9n<\/strong><\/h2>\n<p><a ref=\"magnificPopup\" href=\"http:\/\/www.alquilerargentina.com\/blog\/wp-content\/uploads\/2017\/05\/Se-vienen-las-vacaciones-de-invierno-5-planes-para-hacer-con-los-chicostemaiken-1.jpg\"><img loading=\"lazy\" decoding=\"async\" class=\"alignnone size-full wp-image-20118\" src=\"http:\/\/www.alquilerargentina.com\/blog\/wp-content\/uploads\/2017\/05\/Se-vienen-las-vacaciones-de-invierno-5-planes-para-hacer-con-los-chicostemaiken-1.jpg\" alt=\"\" width=\"785\" height=\"360\" srcset=\"https:\/\/blog3.alquilerargentina.com\/wp-content\/uploads\/2017\/05\/Se-vienen-las-vacaciones-de-invierno-5-planes-para-hacer-con-los-chicostemaiken-1.jpg 785w, https:\/\/blog3.alquilerargentina.com\/wp-content\/uploads\/2017\/05\/Se-vienen-las-vacaciones-de-invierno-5-planes-para-hacer-con-los-chicostemaiken-1-300x138.jpg 300w, https:\/\/blog3.alquilerargentina.com\/wp-content\/uploads\/2017\/05\/Se-vienen-las-vacaciones-de-invierno-5-planes-para-hacer-con-los-chicostemaiken-1-768x352.jpg 768w\" sizes=\"(max-width: 785px) 100vw, 785px\" \/><\/a><\/p>\n<p style=\"text-align: justify;\">Si sos de <span style=\"color: #ff6600;\"><strong><a style=\"color: #ff6600;\" href=\"http:\/\/www.alquilerargentina.com\/Buenos-Aires\/?utm_source=alquilerargentina&amp;utm_medium=blog&amp;utm_campaign=destinos_invierno_buenosaires\" target=\"_blank\">Buenos Aires<\/a><\/strong><\/span>, o viaj\u00e1s a la provincia durante las vacaciones de invierno, una opci\u00f3n excelente para los chicos es visitar <strong>Temaik\u00e9n.<\/strong> Se caracteriza por ser un bioparque que combina los objetivos de los jardines bot\u00e1nicos, zool\u00f3gicos, acuarios y muesos de historia natural y antropolog\u00eda.<\/p>\n<p style=\"text-align: justify;\"><a ref=\"magnificPopup\" href=\"http:\/\/www.alquilerargentina.com\/blog\/wp-content\/uploads\/2017\/05\/Se-vienen-las-vacaciones-de-invierno-5-planes-para-hacer-con-los-chicostemaiken-2.jpg\"><img loading=\"lazy\" decoding=\"async\" class=\"alignnone size-full wp-image-20120\" src=\"http:\/\/www.alquilerargentina.com\/blog\/wp-content\/uploads\/2017\/05\/Se-vienen-las-vacaciones-de-invierno-5-planes-para-hacer-con-los-chicostemaiken-2.jpg\" alt=\"\" width=\"785\" height=\"360\" srcset=\"https:\/\/blog3.alquilerargentina.com\/wp-content\/uploads\/2017\/05\/Se-vienen-las-vacaciones-de-invierno-5-planes-para-hacer-con-los-chicostemaiken-2.jpg 785w, https:\/\/blog3.alquilerargentina.com\/wp-content\/uploads\/2017\/05\/Se-vienen-las-vacaciones-de-invierno-5-planes-para-hacer-con-los-chicostemaiken-2-300x138.jpg 300w, https:\/\/blog3.alquilerargentina.com\/wp-content\/uploads\/2017\/05\/Se-vienen-las-vacaciones-de-invierno-5-planes-para-hacer-con-los-chicostemaiken-2-768x352.jpg 768w\" sizes=\"(max-width: 785px) 100vw, 785px\" \/><\/a><\/p>\n<p style=\"text-align: justify;\">Van a poder asistir a una sesi\u00f3n de entrenamiento de hipop\u00f3tamos, de aves rapaces rescatadas, conocer los secretos de los murci\u00e9lagos, alimentaci\u00f3n de chuchos, entre otras propuestas.\u00a0Adem\u00e1s, suma a <strong>Gaturro,<\/strong> el famoso personaje de Nik, a su campa\u00f1a de concientizaci\u00f3n \u201cLos animales silvestres nos necesitan\u201d y tambi\u00e9n como aplicaci\u00f3n m\u00f3vil (Temaik\u00e8n con Gaturro\u201d) para acceder al plano interactivo para conocer a los animales silvestres.<\/p>\n<p><iframe loading=\"lazy\" title=\"TEMAIKEN 2016 by Martin Torres\" width=\"640\" height=\"360\" src=\"https:\/\/www.youtube.com\/embed\/spGMYswa59U?feature=oembed\" frameborder=\"0\" allow=\"accelerometer; autoplay; clipboard-write; encrypted-media; gyroscope; picture-in-picture; web-share\" referrerpolicy=\"strict-origin-when-cross-origin\" allowfullscreen><\/iframe><\/p>\n<h3 style=\"text-align: justify;\"><strong>Precios de las entradas 2017<\/strong><\/h3>\n<ul>\n<li style=\"text-align: justify;\"><strong>Mayores<\/strong>:\u00a0<strong>$375\u00a0<\/strong><\/li>\n<li style=\"text-align: justify;\"><strong>Menores<\/strong>: (3 a 10 a\u00f1os inclusive) <strong>$320<\/strong><\/li>\n<li style=\"text-align: justify;\"><strong>Menores de 3 a\u00f1os<\/strong>: gratis.<\/li>\n<li style=\"text-align: justify;\"><strong>Jubilados<\/strong>: <strong>$320<\/strong><\/li>\n<li style=\"text-align: justify;\"><strong>Estacionamiento:<\/strong> <strong>$100\u00a0<\/strong><\/li>\n<li style=\"text-align: justify;\"><strong>D\u00edas y Horarios:<\/strong> abierto todos los d\u00edas de 10 a 18 hs.<\/li>\n<\/ul>\n<p><a href=\"http:\/\/www.alquilerargentina.com\/Buenos-Aires\/?utm_source=alquilerargentina&amp;utm_medium=blog&amp;utm_campaign=destinos_invierno_buenosaires\" target=\"_blank\">Encontr\u00e1 y reserv\u00e1 <strong>alojamientos en Buenos Aires<\/strong>.<\/a><\/p>\n<h2 style=\"text-align: justify;\">Parque de la Costa<\/h2>\n<p><a ref=\"magnificPopup\" href=\"http:\/\/www.alquilerargentina.com\/blog\/wp-content\/uploads\/2017\/05\/Se-vienen-las-vacaciones-de-invierno-5-planes-para-hacer-con-los-chicos-parquedelacosta-1.jpg\"><img loading=\"lazy\" decoding=\"async\" class=\"alignnone size-full wp-image-20121\" src=\"http:\/\/www.alquilerargentina.com\/blog\/wp-content\/uploads\/2017\/05\/Se-vienen-las-vacaciones-de-invierno-5-planes-para-hacer-con-los-chicos-parquedelacosta-1.jpg\" alt=\"\" width=\"785\" height=\"360\" srcset=\"https:\/\/blog3.alquilerargentina.com\/wp-content\/uploads\/2017\/05\/Se-vienen-las-vacaciones-de-invierno-5-planes-para-hacer-con-los-chicos-parquedelacosta-1.jpg 785w, https:\/\/blog3.alquilerargentina.com\/wp-content\/uploads\/2017\/05\/Se-vienen-las-vacaciones-de-invierno-5-planes-para-hacer-con-los-chicos-parquedelacosta-1-300x138.jpg 300w, https:\/\/blog3.alquilerargentina.com\/wp-content\/uploads\/2017\/05\/Se-vienen-las-vacaciones-de-invierno-5-planes-para-hacer-con-los-chicos-parquedelacosta-1-768x352.jpg 768w\" sizes=\"(max-width: 785px) 100vw, 785px\" \/><\/a><\/p>\n<p style=\"text-align: justify;\">En <strong><a href=\"http:\/\/www.alquilerargentina.com\/Buenos-Aires\/?utm_source=alquilerargentina&amp;utm_medium=blog&amp;utm_campaign=destinos_invierno_buenosaires\" target=\"_blank\">Buenos Aires<\/a><\/strong>\u00a0las opciones para disfrutar de unas vacaciones de invierno espectaculares, son muchas, y un cl\u00e1sico es el <strong>Parque de la Costa.<\/strong><\/p>\n<p style=\"text-align: justify;\">Con m\u00e1s de 70 atracciones infantiles, familiares y de v\u00e9rtigo, sumadas a la m\u00e1s amplia gama de espect\u00e1culos teatrales en vivo, el parque garantiza diversi\u00f3n. Entre los juegos m\u00e1s novedosos se encuentra La Mansi\u00f3n del Terror, un recorrido en tren por una casa con escalofriantes moradores; un show de fuentes de aguas danzantes y l\u00e1seres; adrenalina al m\u00e1ximo con el Pendulum; y muchas atracciones imperdibles como el barco pirata, los autitos chocadores, los Botes en el Nilo, el Pulpo, el Laberinto Encantado y monta\u00f1as rusas.<\/p>\n<p><a href=\"https:\/\/www.youtube.com\/watch?v=XWW2t0sQZT0\">https:\/\/www.youtube.com\/watch?v=XWW2t0sQZT0<\/a><\/p>\n<blockquote>\n<p style=\"text-align: justify;\"><span style=\"color: #000000;\"><strong>El parque abre en\u00a0invierno los s\u00e1bados, domingos y feriados de 11 a 18.30hs. Los juegos hasta las 18hs.<\/strong><\/span><\/p>\n<\/blockquote>\n<h3 style=\"text-align: justify;\"><strong>Precios de pasaportes 2017<\/strong><\/h3>\n<ul>\n<li style=\"text-align: justify;\">Pasaporte Plus (3X1):\u00a0<strong>$452<\/strong><\/li>\n<li style=\"text-align: justify;\">Pasaporte Oro (3X1):<strong> $602<\/strong><\/li>\n<li style=\"text-align: justify;\">Pasaporte Oro Anual:<strong> $707<\/strong><\/li>\n<li style=\"text-align: justify;\">Pasaporte Bonificado (discapacitados, un acompa\u00f1ante de discapacitado; embarazadas y mayores de 60 a\u00f1os) (*): <strong>$102<\/strong><\/li>\n<li style=\"text-align: justify;\">Ni\u00f1os menores de 3 a\u00f1os no abonan pasaporte.<\/li>\n<\/ul>\n<h2>Rep\u00fablica de los Ni\u00f1os en La Plata<\/h2>\n<p><a ref=\"magnificPopup\" href=\"http:\/\/www.alquilerargentina.com\/blog\/wp-content\/uploads\/2017\/05\/Se-vienen-las-vacaciones-de-invierno-5-planes-para-hacer-con-los-chicos-republicani\u00f1os1.jpg\"><img loading=\"lazy\" decoding=\"async\" class=\"alignnone size-full wp-image-20122\" src=\"http:\/\/www.alquilerargentina.com\/blog\/wp-content\/uploads\/2017\/05\/Se-vienen-las-vacaciones-de-invierno-5-planes-para-hacer-con-los-chicos-republicani\u00f1os1.jpg\" alt=\"\" width=\"785\" height=\"360\" srcset=\"https:\/\/blog3.alquilerargentina.com\/wp-content\/uploads\/2017\/05\/Se-vienen-las-vacaciones-de-invierno-5-planes-para-hacer-con-los-chicos-republicani\u00f1os1.jpg 785w, https:\/\/blog3.alquilerargentina.com\/wp-content\/uploads\/2017\/05\/Se-vienen-las-vacaciones-de-invierno-5-planes-para-hacer-con-los-chicos-republicani\u00f1os1-300x138.jpg 300w, https:\/\/blog3.alquilerargentina.com\/wp-content\/uploads\/2017\/05\/Se-vienen-las-vacaciones-de-invierno-5-planes-para-hacer-con-los-chicos-republicani\u00f1os1-768x352.jpg 768w\" sizes=\"(max-width: 785px) 100vw, 785px\" \/><\/a><\/p>\n<p>Para lo mas chiquitos de la familia, la ciudad de <span style=\"color: #ff6600;\"><strong><a style=\"color: #ff6600;\" href=\"http:\/\/www.alquilerargentina.com\/Buenos-Aires\/La-Plata\/?utm_source=alquilerargentina&amp;utm_medium=blog&amp;utm_campaign=destinos_invierno_laplata\" target=\"_blank\">La Plata<\/a><\/strong><\/span>\u00a0cuenta con el principal parque tem\u00e1tico del pa\u00eds dedicado exclusivamente a ellos: <strong>Rep\u00fablica de los Ni\u00f1os.<\/strong><\/p>\n<p style=\"text-align: justify;\">Se trata de un predio de 53 hect\u00e1reas que posee una ciudad con 35 edificios peque\u00f1os hechos a escala de un ni\u00f1o de 10 a\u00f1os. Cada edificio fue construido mezclando estilos arquitect\u00f3nicos diferentes e inspirados en edificios reconocidos mundialmente. Por ejemplo la Legislatura est\u00e1 inspirada en la Legislatura en el Parlamento ingl\u00e9s, el Banco Municipal Infantil es una r\u00e9plica del Palacio Ducal de Venecia, el Palacio de Cultura tiene similitud con en el Taj Mahal de la India y la iglesia tiene estilos de las construcciones europeas.<\/p>\n<p style=\"text-align: justify;\"><a ref=\"magnificPopup\" href=\"http:\/\/www.alquilerargentina.com\/blog\/wp-content\/uploads\/2017\/05\/Se-vienen-las-vacaciones-de-invierno-5-planes-para-hacer-con-los-chicos-.-republica-3.jpg\"><img loading=\"lazy\" decoding=\"async\" class=\"alignnone size-full wp-image-20123\" src=\"http:\/\/www.alquilerargentina.com\/blog\/wp-content\/uploads\/2017\/05\/Se-vienen-las-vacaciones-de-invierno-5-planes-para-hacer-con-los-chicos-.-republica-3.jpg\" alt=\"\" width=\"785\" height=\"360\" srcset=\"https:\/\/blog3.alquilerargentina.com\/wp-content\/uploads\/2017\/05\/Se-vienen-las-vacaciones-de-invierno-5-planes-para-hacer-con-los-chicos-.-republica-3.jpg 785w, https:\/\/blog3.alquilerargentina.com\/wp-content\/uploads\/2017\/05\/Se-vienen-las-vacaciones-de-invierno-5-planes-para-hacer-con-los-chicos-.-republica-3-300x138.jpg 300w, https:\/\/blog3.alquilerargentina.com\/wp-content\/uploads\/2017\/05\/Se-vienen-las-vacaciones-de-invierno-5-planes-para-hacer-con-los-chicos-.-republica-3-768x352.jpg 768w\" sizes=\"(max-width: 785px) 100vw, 785px\" \/><\/a><\/p>\n<p style=\"text-align: justify;\">Tambi\u00e9n se destaca el anfiteatro donde se realizan diferentes espect\u00e1culos art\u00edsticos y el sector de juegos mec\u00e1nicos con autitos chocadores, samba, tren fantasma, gusano, barco pirata, vuelta al mundo y muchos m\u00e1s. Dentro del parque no hay buenas opciones para comer, se recomienda llevar vianda para hacer picnic y el mate.<\/p>\n<p><iframe loading=\"lazy\" title=\"Rep\u00fablica de los ni\u00f1os, Turismo La Plata Buenos Aires\" width=\"640\" height=\"360\" src=\"https:\/\/www.youtube.com\/embed\/WPdwCJYfCUE?feature=oembed\" frameborder=\"0\" allow=\"accelerometer; autoplay; clipboard-write; encrypted-media; gyroscope; picture-in-picture; web-share\" referrerpolicy=\"strict-origin-when-cross-origin\" allowfullscreen><\/iframe><\/p>\n<blockquote>\n<p style=\"text-align: justify;\"><span style=\"color: #000000;\"><strong>Abre de\u00a0lunes a domingos y feriados de 10 a 20hs. La entrada general es de $20 y no incluye el paseo en tren, los juegos mec\u00e1nicos, el paseo en barco y granja educativa. Los menores de 8 a\u00f1os entran gratis.<\/strong><\/span><\/p>\n<\/blockquote>\n<p><a href=\"http:\/\/www.alquilerargentina.com\/Buenos-Aires\/La-Plata\/?utm_source=alquilerargentina&amp;utm_medium=blog&amp;utm_campaign=destinos_invierno_laplata\" target=\"_blank\">Encontr\u00e1 y reserv\u00e1 <strong>alojamientos en La Plata<\/strong>.<\/a><\/p>\n<h2 style=\"text-align: justify;\">Museo Barrilete en C\u00f3rdoba<\/h2>\n<p><a ref=\"magnificPopup\" href=\"http:\/\/www.alquilerargentina.com\/blog\/wp-content\/uploads\/2017\/05\/Se-vienen-las-vacaciones-de-invierno-5-planes-para-hacer-con-los-chicos-barrillete-1.jpg\"><img loading=\"lazy\" decoding=\"async\" class=\"alignnone size-full wp-image-20115\" src=\"http:\/\/www.alquilerargentina.com\/blog\/wp-content\/uploads\/2017\/05\/Se-vienen-las-vacaciones-de-invierno-5-planes-para-hacer-con-los-chicos-barrillete-1.jpg\" alt=\"\" width=\"785\" height=\"360\" srcset=\"https:\/\/blog3.alquilerargentina.com\/wp-content\/uploads\/2017\/05\/Se-vienen-las-vacaciones-de-invierno-5-planes-para-hacer-con-los-chicos-barrillete-1.jpg 785w, https:\/\/blog3.alquilerargentina.com\/wp-content\/uploads\/2017\/05\/Se-vienen-las-vacaciones-de-invierno-5-planes-para-hacer-con-los-chicos-barrillete-1-300x138.jpg 300w, https:\/\/blog3.alquilerargentina.com\/wp-content\/uploads\/2017\/05\/Se-vienen-las-vacaciones-de-invierno-5-planes-para-hacer-con-los-chicos-barrillete-1-768x352.jpg 768w\" sizes=\"(max-width: 785px) 100vw, 785px\" \/><\/a><\/p>\n<p style=\"text-align: justify;\">Desde hace m\u00e1s de 20 a\u00f1os, el <strong>Museo Barrilete<\/strong> es uno de los espacios l\u00fadicos y pedag\u00f3gicos m\u00e1s importantes de <span style=\"color: #ff6600;\"><strong><a style=\"color: #ff6600;\" href=\"http:\/\/www.alquilerargentina.com\/C\u00f3rdoba\/?utm_source=alquilerargentina&amp;utm_medium=blog&amp;utm_campaign=destinos_invierno_cordoba\" target=\"_blank\">C\u00f3rdoba<\/a><\/strong><\/span>. Se caracteriza por ser un museo interactivo que\u00a0 ofrece espacios creativos, juegos y diversos talleres como el telas, carpinter\u00eda, pintura y rizos.<\/p>\n<p style=\"text-align: justify;\">Adem\u00e1s de divertirse mucho, los ni\u00f1os podr\u00e1n aprender de una manera original a trav\u00e9s de 50 experiencias l\u00fadicas pedag\u00f3gicas, las cuales hacen que el museo sea una opci\u00f3n \u00fanica y excelente para los ni\u00f1os durante las vacaciones de invierno. Se recorre f\u00e1cilmente y se disfruta en un marco colorido, relajado y atendido por personal muy c\u00e1lido y agradable.<\/p>\n<p style=\"text-align: justify;\"><a ref=\"magnificPopup\" href=\"http:\/\/www.alquilerargentina.com\/blog\/wp-content\/uploads\/2017\/05\/Se-vienen-las-vacaciones-de-invierno-5-planes-para-hacer-con-los-chicos-barrillete-3.jpg\"><img loading=\"lazy\" decoding=\"async\" class=\"alignnone size-full wp-image-20116\" src=\"http:\/\/www.alquilerargentina.com\/blog\/wp-content\/uploads\/2017\/05\/Se-vienen-las-vacaciones-de-invierno-5-planes-para-hacer-con-los-chicos-barrillete-3.jpg\" alt=\"\" width=\"785\" height=\"360\" srcset=\"https:\/\/blog3.alquilerargentina.com\/wp-content\/uploads\/2017\/05\/Se-vienen-las-vacaciones-de-invierno-5-planes-para-hacer-con-los-chicos-barrillete-3.jpg 785w, https:\/\/blog3.alquilerargentina.com\/wp-content\/uploads\/2017\/05\/Se-vienen-las-vacaciones-de-invierno-5-planes-para-hacer-con-los-chicos-barrillete-3-300x138.jpg 300w, https:\/\/blog3.alquilerargentina.com\/wp-content\/uploads\/2017\/05\/Se-vienen-las-vacaciones-de-invierno-5-planes-para-hacer-con-los-chicos-barrillete-3-768x352.jpg 768w\" sizes=\"(max-width: 785px) 100vw, 785px\" \/><\/a><\/p>\n<p style=\"text-align: justify;\">Los chicos que visitan Barrilete tienen la posibilidad de levantar la mano ante cada una de estas preguntas. Los chicos aprenden t\u00e9cnicas para desarrollar su creatividad a trav\u00e9s del est\u00edmulo de sus habilidades y el entendimiento de sus necesidades.<\/p>\n<blockquote>\n<p style=\"text-align: justify;\"><span style=\"color: #000000;\"><strong>Museo Barrilete abre de martes a viernes de 14 a 20hs. y s\u00e1bado a\u00a0domingo de 13:30hs a 20:30hs. El valor de la entrada es de $100.<\/strong><\/span><\/p>\n<\/blockquote>\n<p style=\"text-align: justify;\"><a ref=\"magnificPopup\" href=\"http:\/\/www.alquilerargentina.com\/blog\/wp-content\/uploads\/2017\/05\/Se-vienen-las-vacaciones-de-invierno-5-planes-para-hacer-con-los-chicos-barrillete-5.jpg\"><img loading=\"lazy\" decoding=\"async\" class=\"alignnone size-full wp-image-20117\" src=\"http:\/\/www.alquilerargentina.com\/blog\/wp-content\/uploads\/2017\/05\/Se-vienen-las-vacaciones-de-invierno-5-planes-para-hacer-con-los-chicos-barrillete-5.jpg\" alt=\"\" width=\"785\" height=\"360\" srcset=\"https:\/\/blog3.alquilerargentina.com\/wp-content\/uploads\/2017\/05\/Se-vienen-las-vacaciones-de-invierno-5-planes-para-hacer-con-los-chicos-barrillete-5.jpg 785w, https:\/\/blog3.alquilerargentina.com\/wp-content\/uploads\/2017\/05\/Se-vienen-las-vacaciones-de-invierno-5-planes-para-hacer-con-los-chicos-barrillete-5-300x138.jpg 300w, https:\/\/blog3.alquilerargentina.com\/wp-content\/uploads\/2017\/05\/Se-vienen-las-vacaciones-de-invierno-5-planes-para-hacer-con-los-chicos-barrillete-5-768x352.jpg 768w\" sizes=\"(max-width: 785px) 100vw, 785px\" \/><\/a><\/p>\n<p style=\"text-align: justify;\"><a href=\"http:\/\/www.alquilerargentina.com\/C\u00f3rdoba\/?utm_source=alquilerargentina&amp;utm_medium=blog&amp;utm_campaign=destinos_invierno_cordoba\" target=\"_blank\">Encontr\u00e1 <strong>alojamientos\u00a0en C\u00f3rdoba<\/strong>\u00a0y reserv\u00e1.<\/a><\/p>\n<h2 style=\"text-align: justify;\">El Jard\u00edn de los Ni\u00f1os en Rosario<\/h2>\n<p><a ref=\"magnificPopup\" href=\"http:\/\/www.alquilerargentina.com\/blog\/wp-content\/uploads\/2017\/05\/Se-vienen-las-vacaciones-de-invierno-5-planes-para-hacer-con-los-chicos-rosario-1.jpg\"><img loading=\"lazy\" decoding=\"async\" class=\"alignnone size-full wp-image-20124\" src=\"http:\/\/www.alquilerargentina.com\/blog\/wp-content\/uploads\/2017\/05\/Se-vienen-las-vacaciones-de-invierno-5-planes-para-hacer-con-los-chicos-rosario-1.jpg\" alt=\"\" width=\"785\" height=\"360\" srcset=\"https:\/\/blog3.alquilerargentina.com\/wp-content\/uploads\/2017\/05\/Se-vienen-las-vacaciones-de-invierno-5-planes-para-hacer-con-los-chicos-rosario-1.jpg 785w, https:\/\/blog3.alquilerargentina.com\/wp-content\/uploads\/2017\/05\/Se-vienen-las-vacaciones-de-invierno-5-planes-para-hacer-con-los-chicos-rosario-1-300x138.jpg 300w, https:\/\/blog3.alquilerargentina.com\/wp-content\/uploads\/2017\/05\/Se-vienen-las-vacaciones-de-invierno-5-planes-para-hacer-con-los-chicos-rosario-1-768x352.jpg 768w\" sizes=\"(max-width: 785px) 100vw, 785px\" \/><\/a><\/p>\n<p style=\"text-align: justify;\">En <span style=\"color: #ff6600;\"><strong><a style=\"color: #ff6600;\" href=\"http:\/\/www.alquilerargentina.com\/Santa-Fe\/Rosario\/?utm_source=alquilerargentina&amp;utm_medium=blog&amp;utm_campaign=destinos_invierno_rosario\" target=\"_blank\">Rosario<\/a><\/strong><\/span>\u00a0se encuentra un espectacular parque l\u00fadico dedicado a los ni\u00f1os, que se enfoca principalmente en desarrollar la imaginaci\u00f3n y creaci\u00f3n de los ni\u00f1os, a trav\u00e9s de actividades l\u00f3gicas y que impliquen un desaf\u00edo a los sentidos. El<strong> Jard\u00edn de los Ni\u00f1os<\/strong> ofrece juegos, aventuras, misterios e instancias para la literatura como:<\/p>\n<ul>\n<li style=\"text-align: justify;\"><strong>La monta\u00f1ita encantada,<\/strong>\u00a0un recorrido laber\u00edntico con alteraciones, entradas falsas, puntos de duda, obst\u00e1culos y se\u00f1ales.<\/li>\n<li style=\"text-align: justify;\"><strong>La m\u00e1quina de volar,<\/strong>\u00a0con vuelos y deslizadores, balanceos y recorridos con arneses.<\/li>\n<li style=\"text-align: justify;\"><strong>La m\u00e1quina de trepar,<\/strong>\u00a0la misma consiste en dos bergantines del siglo XVI convertidos en grandes trepadores que pueden abordarse desde distintos puntos.<\/li>\n<li style=\"text-align: justify;\"><strong>La m\u00e1quina de sonar<\/strong>, la cual combina el lenguaje sonoro y el corporal, para lograr la composici\u00f3n musical con la participaci\u00f3n de los m\u00e1s chicos.<\/li>\n<li style=\"text-align: justify;\"><strong>Muestra interactiva \u00abTiempos Modernos\u00bb<\/strong>, con juegos para celebrar a los artistas que pintaron como ni\u00f1os: Calder, Mondrian, Mir\u00f3, Picasso, Klee, Kandinsky y otros.<\/li>\n<\/ul>\n<p><iframe loading=\"lazy\" title=\"Selfistory#07 - El Jard\u00edn de los ni\u00f1os\" width=\"640\" height=\"360\" src=\"https:\/\/www.youtube.com\/embed\/pdfkuELE5kw?feature=oembed\" frameborder=\"0\" allow=\"accelerometer; autoplay; clipboard-write; encrypted-media; gyroscope; picture-in-picture; web-share\" referrerpolicy=\"strict-origin-when-cross-origin\" allowfullscreen><\/iframe><\/p>\n<h3>Horarios y precios 2017<\/h3>\n<ul>\n<li><strong>La Granja de la Infancia:<\/strong> de<span class=\"text_exposed_show\">\u00a0martes a viernes de 9 a 17 hs. S\u00e1bados, domingos y feriados de 10 a 18 hs.<\/span><\/li>\n<li><span class=\"text_exposed_show\"><strong>El Jard\u00edn de los Ni\u00f1os<\/strong>: viernes, s\u00e1bados, domingos y feriados de 13 a 18 hs.<\/span><\/li>\n<li><span class=\"text_exposed_show\"><strong>La Isla de los Inventos<\/strong>: viernes, s\u00e1bados, domingos y feriados de 14 a 19 hs.<\/span><\/li>\n<\/ul>\n<p>La entrada general es de\u00a0$15, los menores de 4 a\u00f1os gratis.<\/p>\n<p><a ref=\"magnificPopup\" href=\"http:\/\/www.alquilerargentina.com\/blog\/wp-content\/uploads\/2017\/05\/Se-vienen-las-vacaciones-de-invierno-5-planes-para-hacer-con-los-chicos-rosario-2.jpg\"><img loading=\"lazy\" decoding=\"async\" class=\"alignnone size-full wp-image-20125\" src=\"http:\/\/www.alquilerargentina.com\/blog\/wp-content\/uploads\/2017\/05\/Se-vienen-las-vacaciones-de-invierno-5-planes-para-hacer-con-los-chicos-rosario-2.jpg\" alt=\"\" width=\"785\" height=\"360\" srcset=\"https:\/\/blog3.alquilerargentina.com\/wp-content\/uploads\/2017\/05\/Se-vienen-las-vacaciones-de-invierno-5-planes-para-hacer-con-los-chicos-rosario-2.jpg 785w, https:\/\/blog3.alquilerargentina.com\/wp-content\/uploads\/2017\/05\/Se-vienen-las-vacaciones-de-invierno-5-planes-para-hacer-con-los-chicos-rosario-2-300x138.jpg 300w, https:\/\/blog3.alquilerargentina.com\/wp-content\/uploads\/2017\/05\/Se-vienen-las-vacaciones-de-invierno-5-planes-para-hacer-con-los-chicos-rosario-2-768x352.jpg 768w\" sizes=\"(max-width: 785px) 100vw, 785px\" \/><\/a><\/p>\n<p><strong><a href=\"http:\/\/www.alquilerargentina.com\/Santa-Fe\/Rosario\/?utm_source=alquilerargentina&amp;utm_medium=blog&amp;utm_campaign=destinos_invierno_rosario\" target=\"_blank\">Alojamientos y ofertas imperdibles en Rosario.<\/a><\/strong><\/p>\n","protected":false},"excerpt":{"rendered":"<p>Falta poquito para que llegue el mes de julio y las esperadas vacaciones de invierno. Por tal motivo te ofrecemos 5 planes para hacer con los chicos y disfrutar en familia de unos d\u00edas de descanso, recreaci\u00f3n y diversi\u00f3n. Visitar\u00a0museos interactivos, parques de diversiones, realizar actividades art\u00edsticas y paseos, son algunas de las propuestas que&#8230;<\/p>\n","protected":false},"author":1,"featured_media":20129,"comment_status":"open","ping_status":"open","sticky":false,"template":"","format":"standard","meta":{"footnotes":""},"categories":[3588],"tags":[],"_links":{"self":[{"href":"https:\/\/www.alquilerargentina.com\/blog\/wp-json\/wp\/v2\/posts\/20106"}],"collection":[{"href":"https:\/\/www.alquilerargentina.com\/blog\/wp-json\/wp\/v2\/posts"}],"about":[{"href":"https:\/\/www.alquilerargentina.com\/blog\/wp-json\/wp\/v2\/types\/post"}],"author":[{"embeddable":true,"href":"https:\/\/www.alquilerargentina.com\/blog\/wp-json\/wp\/v2\/users\/1"}],"replies":[{"embeddable":true,"href":"https:\/\/www.alquilerargentina.com\/blog\/wp-json\/wp\/v2\/comments?post=20106"}],"version-history":[{"count":15,"href":"https:\/\/www.alquilerargentina.com\/blog\/wp-json\/wp\/v2\/posts\/20106\/revisions"}],"predecessor-version":[{"id":20143,"href":"https:\/\/www.alquilerargentina.com\/blog\/wp-json\/wp\/v2\/posts\/20106\/revisions\/20143"}],"wp:featuredmedia":[{"embeddable":true,"href":"https:\/\/www.alquilerargentina.com\/blog\/wp-json\/wp\/v2\/media\/20129"}],"wp:attachment":[{"href":"https:\/\/www.alquilerargentina.com\/blog\/wp-json\/wp\/v2\/media?parent=20106"}],"wp:term":[{"taxonomy":"category","embeddable":true,"href":"https:\/\/www.alquilerargentina.com\/blog\/wp-json\/wp\/v2\/categories?post=20106"},{"taxonomy":"post_tag","embeddable":true,"href":"https:\/\/www.alquilerargentina.com\/blog\/wp-json\/wp\/v2\/tags?post=20106"}],"curies":[{"name":"wp","href":"https:\/\/api.w.org\/{rel}","templated":true}]}}