{"id":19767,"date":"2017-05-09T10:00:00","date_gmt":"2017-05-09T13:00:00","guid":{"rendered":"http:\/\/www.alquilerargentina.com\/blog\/?p=19767"},"modified":"2017-05-04T11:18:59","modified_gmt":"2017-05-04T14:18:59","slug":"conoce-el-museo-del-che-guevara-en-alta-gracia","status":"publish","type":"post","link":"https:\/\/www.alquilerargentina.com\/blog\/paseos-y-excursiones\/conoce-el-museo-del-che-guevara-en-alta-gracia.html","title":{"rendered":"Conoc\u00e9 el Museo del Che Guevara en Alta Gracia"},"content":{"rendered":"<p>En <span style=\"color: #ff6600;\"><a style=\"color: #ff6600;\" href=\"http:\/\/www.alquilerargentina.com\/C\u00f3rdoba\/Alta-Gracia\/?utm_source=alquilerargentina&amp;utm_medium=blog&amp;utm_campaign=destinos_temporadabaja_altagracia\" target=\"_blank\"><strong>Alta Gracia<\/strong><\/a><\/span>, se encuentra un museo muy particular. Porque es de uno de los l\u00edderes m\u00e1s importantes del Siglo XX. Hablamos del\u00a0<strong>\u00abChe\u00bb Guevara<\/strong>\u00a0y de un lugar ideal para visitar y conocer a un hombre tan importante como necesario.<\/p>\n<h2>La casa de Ernestito<\/h2>\n<p>Ernesto Guevara de la Serna, mundialmente conocido como el \u00abChe\u00bb lleg\u00f3 a <em>Alta Gracia<\/em>, con su familia cuando era ni\u00f1o. La raz\u00f3n: mitigar el asma que sufr\u00eda el rosarino. El Hotel La Gruta en 1933 y Villa Nydia en 1935, se covirtieron en su residencia. Y en el 2001 esta \u00faltima pas\u00f3 a llamarse oficialmente\u00a0<strong>Museo Casa de Ernesto Che Guevara.<\/strong><\/p>\n<p><a ref=\"magnificPopup\" href=\"http:\/\/www.alquilerargentina.com\/blog\/wp-content\/uploads\/2017\/04\/che_chiquito.jpg\"><img loading=\"lazy\" decoding=\"async\" class=\"alignnone wp-image-19770\" src=\"http:\/\/www.alquilerargentina.com\/blog\/wp-content\/uploads\/2017\/04\/che_chiquito-300x138.jpg\" alt=\"\" width=\"785\" height=\"360\" srcset=\"https:\/\/blog3.alquilerargentina.com\/wp-content\/uploads\/2017\/04\/che_chiquito-300x138.jpg 300w, https:\/\/blog3.alquilerargentina.com\/wp-content\/uploads\/2017\/04\/che_chiquito-768x352.jpg 768w, https:\/\/blog3.alquilerargentina.com\/wp-content\/uploads\/2017\/04\/che_chiquito.jpg 800w\" sizes=\"(max-width: 785px) 100vw, 785px\" \/><\/a><\/p>\n<p>El lugar exhibe una serie de fotograf\u00edas de las casas de la familia Guevara de la Serna en la localidad cordobesa; un busto realizado por <strong>Luis Hourgras<\/strong> y una gigantograf\u00eda con el famoso retrato del <em>Che<\/em>, tomado por el fot\u00f3grafo cubano <strong>Korda<\/strong>.<\/p>\n<p><a href=\"http:\/\/www.alquilerargentina.com\/C\u00f3rdoba\/Alta-Gracia\/?utm_source=alquilerargentina&amp;utm_medium=blog&amp;utm_campaign=destinos_temporadabaja_altagracia\" target=\"_blank\">Ac\u00e1 pueden ver los mejores<\/a><strong><a href=\"http:\/\/www.alquilerargentina.com\/C\u00f3rdoba\/Alta-Gracia\/?utm_source=alquilerargentina&amp;utm_medium=blog&amp;utm_campaign=destinos_temporadabaja_altagracia\" target=\"_blank\"> alquileres temporarios de Alta Gracia\u00a0<\/a><\/strong><a href=\"http:\/\/www.alquilerargentina.com\/C\u00f3rdoba\/Alta-Gracia\/?utm_source=alquilerargentina&amp;utm_medium=blog&amp;utm_campaign=destinos_temporadabaja_altagracia\" target=\"_blank\">para disfrutar m\u00e1s all\u00e1 del museo.<\/a><\/p>\n<h2>Toda la informaci\u00f3n sobre el lugar<\/h2>\n<p>En el resto de las habitaciones se exhibe su ajedrez, sus primeros palos de golf, una r\u00e9plica de la bicicleta con la que recorri\u00f3 4.000 kil\u00f3metros por la Argentina\u00a0y un mapa con el itinerario de cada uno de sus viajes.\u00a0En lo que fue su dormitorio, se ven las im\u00e1genes de sus hermanos, compa\u00f1eros de escuela y hasta boletines escolares con sus calificaciones.<\/p>\n<p><img loading=\"lazy\" decoding=\"async\" class=\"alignnone wp-image-19769\" src=\"http:\/\/www.alquilerargentina.com\/blog\/wp-content\/uploads\/2017\/04\/bici_che-300x138.jpg\" alt=\"\" width=\"785\" height=\"360\" srcset=\"https:\/\/blog3.alquilerargentina.com\/wp-content\/uploads\/2017\/04\/bici_che-300x138.jpg 300w, https:\/\/blog3.alquilerargentina.com\/wp-content\/uploads\/2017\/04\/bici_che-768x352.jpg 768w, https:\/\/blog3.alquilerargentina.com\/wp-content\/uploads\/2017\/04\/bici_che.jpg 800w\" sizes=\"(max-width: 785px) 100vw, 785px\" \/><\/p>\n<blockquote><p><span style=\"color: #000000;\"><strong>En el patio hay una pipa plantada con tierra tra\u00edda desde La Habana en 2002, cuando en octubre se cumplieron 35 a\u00f1os del asesinato del l\u00edder revolucionario.<\/strong><\/span><\/p><\/blockquote>\n<p>Por todo esto y mucho m\u00e1s, el museo se convierte en un atractivo imposible de evadir. La casa de la infancia del Che es una postal por s\u00ed misma y por eso fue visitada en julio del 2006 por su compa\u00f1ero de lucha, <strong>Fidel Castro<\/strong>.<\/p>\n<p><img loading=\"lazy\" decoding=\"async\" class=\"alignnone wp-image-19771\" src=\"http:\/\/www.alquilerargentina.com\/blog\/wp-content\/uploads\/2017\/04\/documento_che-300x138.jpg\" alt=\"\" width=\"785\" height=\"360\" srcset=\"https:\/\/blog3.alquilerargentina.com\/wp-content\/uploads\/2017\/04\/documento_che-300x138.jpg 300w, https:\/\/blog3.alquilerargentina.com\/wp-content\/uploads\/2017\/04\/documento_che-768x352.jpg 768w, https:\/\/blog3.alquilerargentina.com\/wp-content\/uploads\/2017\/04\/documento_che.jpg 800w\" sizes=\"(max-width: 785px) 100vw, 785px\" \/><\/p>\n<p id=\"frase\" class=\"ptsans\" style=\"text-align: left;\" align=\"center\"><em>\u00abSean capaces siempre de sentir, en lo m\u00e1s hondo, cualquier injusticia realizada contra cualquiera, en cualquier parte del mundo. Es la cualidad m\u00e1s linda del revolucionario\u00bb\u00a0<\/em>escribi\u00f3 alguna vez. Conocer la casa de sus primeros a\u00f1os, puede ayudar a entender porque fue quien fue&#8230;<\/p>\n<h2><strong>Museo Casa de Ernesto Che Guevara<\/strong><\/h2>\n<p>Direcci\u00f3n: Avellaneda 501<br \/>\nTel\u00e9fono: (03547) 428579<br \/>\nHorarios de Atenci\u00f3n: Lunes de 14 a 18:30 hs \/ De martes a domingo de 9 a 18:30 hs<\/p>\n<p>Entradas:<br \/>\n\u2022 Entrada general $75.-<br \/>\n\u2022 Descuento para estudiantes $ 45.- (con acreditaci\u00f3n)<br \/>\n\u2022 Descuento para residentes en Argentina: $15.- (con acreditaci\u00f3n)<br \/>\n\u2022 Entrada sin cargo para menores de 12 a\u00f1os y para los residentes en el Departamento Santa Mar\u00eda. (con acreditaci\u00f3n)<\/p>\n<p>Visitas guiadas cortas incluidas con la entrada.<br \/>\nVisitas guiadas largas incluidas con la entrada en los siguientes horarios: 09:30 hs \u2013 11:30 hs \u2013 14:30 hs \u2013 17:30 hs.<\/p>\n<p><a ref=\"magnificPopup\" href=\"http:\/\/www.alquilerargentina.com\/blog\/wp-content\/uploads\/2017\/04\/museo_interior.jpg\"><img loading=\"lazy\" decoding=\"async\" class=\"alignnone wp-image-19772\" src=\"http:\/\/www.alquilerargentina.com\/blog\/wp-content\/uploads\/2017\/04\/museo_interior-300x138.jpg\" alt=\"\" width=\"785\" height=\"360\" srcset=\"https:\/\/blog3.alquilerargentina.com\/wp-content\/uploads\/2017\/04\/museo_interior-300x138.jpg 300w, https:\/\/blog3.alquilerargentina.com\/wp-content\/uploads\/2017\/04\/museo_interior-768x352.jpg 768w, https:\/\/blog3.alquilerargentina.com\/wp-content\/uploads\/2017\/04\/museo_interior.jpg 800w\" sizes=\"(max-width: 785px) 100vw, 785px\" \/><\/a><\/p>\n","protected":false},"excerpt":{"rendered":"<p>En Alta Gracia, se encuentra un museo muy particular. Porque es de uno de los l\u00edderes m\u00e1s importantes del Siglo XX. Hablamos del\u00a0\u00abChe\u00bb Guevara\u00a0y de un lugar ideal para visitar y conocer a un hombre tan importante como necesario. La casa de Ernestito Ernesto Guevara de la Serna, mundialmente conocido como el \u00abChe\u00bb lleg\u00f3 a&#8230;<\/p>\n","protected":false},"author":1,"featured_media":19773,"comment_status":"open","ping_status":"open","sticky":false,"template":"","format":"standard","meta":{"footnotes":""},"categories":[3588],"tags":[],"_links":{"self":[{"href":"https:\/\/www.alquilerargentina.com\/blog\/wp-json\/wp\/v2\/posts\/19767"}],"collection":[{"href":"https:\/\/www.alquilerargentina.com\/blog\/wp-json\/wp\/v2\/posts"}],"about":[{"href":"https:\/\/www.alquilerargentina.com\/blog\/wp-json\/wp\/v2\/types\/post"}],"author":[{"embeddable":true,"href":"https:\/\/www.alquilerargentina.com\/blog\/wp-json\/wp\/v2\/users\/1"}],"replies":[{"embeddable":true,"href":"https:\/\/www.alquilerargentina.com\/blog\/wp-json\/wp\/v2\/comments?post=19767"}],"version-history":[{"count":11,"href":"https:\/\/www.alquilerargentina.com\/blog\/wp-json\/wp\/v2\/posts\/19767\/revisions"}],"predecessor-version":[{"id":19961,"href":"https:\/\/www.alquilerargentina.com\/blog\/wp-json\/wp\/v2\/posts\/19767\/revisions\/19961"}],"wp:featuredmedia":[{"embeddable":true,"href":"https:\/\/www.alquilerargentina.com\/blog\/wp-json\/wp\/v2\/media\/19773"}],"wp:attachment":[{"href":"https:\/\/www.alquilerargentina.com\/blog\/wp-json\/wp\/v2\/media?parent=19767"}],"wp:term":[{"taxonomy":"category","embeddable":true,"href":"https:\/\/www.alquilerargentina.com\/blog\/wp-json\/wp\/v2\/categories?post=19767"},{"taxonomy":"post_tag","embeddable":true,"href":"https:\/\/www.alquilerargentina.com\/blog\/wp-json\/wp\/v2\/tags?post=19767"}],"curies":[{"name":"wp","href":"https:\/\/api.w.org\/{rel}","templated":true}]}}