{"id":19703,"date":"2017-04-28T10:00:07","date_gmt":"2017-04-28T13:00:07","guid":{"rendered":"http:\/\/www.alquilerargentina.com\/blog\/?p=19703"},"modified":"2017-04-12T09:50:37","modified_gmt":"2017-04-12T12:50:37","slug":"una-experiencia-increible-el-tren-patagonico","status":"publish","type":"post","link":"https:\/\/www.alquilerargentina.com\/blog\/paseos-y-excursiones\/una-experiencia-increible-el-tren-patagonico.html","title":{"rendered":"Una experiencia increible: el Tren Patag\u00f3nico"},"content":{"rendered":"<p>La <strong>Patagonia<\/strong> siempre es hermosa para conocer, pero m\u00e1s si el recorrido es diferente e inolvidable. Ambas caracter\u00edsticas se logran cuando el paseo se hace en el<span style=\"color: #ff6600;\"><strong> Tren Patag\u00f3nico<\/strong><\/span>.<\/p>\n<h2>Historia sobre rieles<\/h2>\n<p>Se puede cruzar una provincia desde el cord\u00f3n monta\u00f1oso de la Cordillera hasta orillas del mar. Esta manera de recorrer\u00a0tiene lugar en la provincia de <strong><a href=\"http:\/\/www.alquilerargentina.com\/R\u00edo-Negro\/?utm_source=alquilerargentina&amp;utm_medium=blog&amp;utm_campaign=destinos_temporadabaja_rionegro\" target=\"_blank\">R\u00edo Negro<\/a><\/strong>\u00a0y es posible por la manera en que comenz\u00f3 todo y se formaron muchas de las ciudades en Argentina: por el tren.<\/p>\n<p>Se cre\u00f3 con el objetivo de activar productivamente las zonas de nuestro pa\u00eds y en especial conectar la zona cordillerana rionegrina con el Oc\u00e9ano Atl\u00e1ntico. Por eso inicia en la ciudad de\u00a0<strong><a href=\"http:\/\/www.alquilerargentina.com\/R\u00edo-Negro\/San-Carlos-De-Bariloche\/?utm_source=alquilerargentina&amp;utm_medium=blog&amp;utm_campaign=destinos_temporadabaja_bariloche\" target=\"_blank\">Bariloche<\/a>\u00a0<\/strong>y cruza toda la estepa patag\u00f3nica, incluyendo\u00a0<strong><a href=\"http:\/\/www.alquilerargentina.com\/R\u00edo-Negro\/Viedma\/?utm_source=alquilerargentina&amp;utm_medium=blog&amp;utm_campaign=destinos_temporadabaja_viedma\" target=\"_blank\">Viedma<\/a><\/strong> y <strong>San Antonio Oeste<\/strong>.<\/p>\n<p><img loading=\"lazy\" decoding=\"async\" class=\"alignnone wp-image-19706\" src=\"http:\/\/www.alquilerargentina.com\/blog\/wp-content\/uploads\/2017\/04\/tren_patagonico3-300x138.jpg\" width=\"785\" height=\"360\" srcset=\"https:\/\/blog3.alquilerargentina.com\/wp-content\/uploads\/2017\/04\/tren_patagonico3-300x138.jpg 300w, https:\/\/blog3.alquilerargentina.com\/wp-content\/uploads\/2017\/04\/tren_patagonico3-768x352.jpg 768w, https:\/\/blog3.alquilerargentina.com\/wp-content\/uploads\/2017\/04\/tren_patagonico3.jpg 800w\" sizes=\"(max-width: 785px) 100vw, 785px\" \/><\/p>\n<p>Son 820 kil\u00f3metros y casi 17 horas de viaje en el el tren de larga distancia m\u00e1s austral del mundo. Pudiendo ser testigos de los paisajes del norte patag\u00f3nico apenas delimitados por estaciones de pueblos chicos y aislados.<\/p>\n<p><a href=\"http:\/\/www.alquilerargentina.com\/R\u00edo-Negro\/Viedma\/?utm_source=alquilerargentina&amp;utm_medium=blog&amp;utm_campaign=destinos_temporadabaja_viedma\" target=\"_blank\">Los mejores lugares para<strong> descansar en Viedma<\/strong>\u00a0aqu\u00ed.<\/a><\/p>\n<h2>Lo que tenes que saber<\/h2>\n<p>Lo esencial del viaje se hace de noche, por lo que uno puede despedirse de la costa atl\u00e1ntica por la tarde, y amanecer al pie de los Andes al d\u00eda siguiente o viceversa. Se sale los viernes a las 18hs. de Viedma para regalar las primeras postales de\u00a0la puesta del sol\u00a0bajo el infinito horizonte patag\u00f3nico.<\/p>\n<p><img loading=\"lazy\" decoding=\"async\" class=\"alignnone wp-image-19707\" src=\"http:\/\/www.alquilerargentina.com\/blog\/wp-content\/uploads\/2017\/04\/tren_patagonico2-1-300x138.jpg\" width=\"785\" height=\"360\" srcset=\"https:\/\/blog3.alquilerargentina.com\/wp-content\/uploads\/2017\/04\/tren_patagonico2-1-300x138.jpg 300w, https:\/\/blog3.alquilerargentina.com\/wp-content\/uploads\/2017\/04\/tren_patagonico2-1-768x352.jpg 768w, https:\/\/blog3.alquilerargentina.com\/wp-content\/uploads\/2017\/04\/tren_patagonico2-1.jpg 800w\" sizes=\"(max-width: 785px) 100vw, 785px\" \/><\/p>\n<p>El sonido del tren, los silbatos en cada estaci\u00f3n, el humo de la locomotora&#8230; Todo, forma parte de una jornada repleta de sensaciones incomparables. La\u00a0primera parada es en San Antonio Oeste, que aparece a lo lejos casi como un oasis, cuando las luces se van notando. Aqu\u00ed, se recuerda lo que fue construir\u00a0este ramal en la Patagonia, a principios del siglo XX, cuando estas ciudades ten\u00edan m\u00e1s vitalidad.<\/p>\n<p><img loading=\"lazy\" decoding=\"async\" class=\"alignnone wp-image-19708\" src=\"http:\/\/www.alquilerargentina.com\/blog\/wp-content\/uploads\/2017\/04\/tren_patagonico4-300x138.jpg\" width=\"785\" height=\"360\" srcset=\"https:\/\/blog3.alquilerargentina.com\/wp-content\/uploads\/2017\/04\/tren_patagonico4-300x138.jpg 300w, https:\/\/blog3.alquilerargentina.com\/wp-content\/uploads\/2017\/04\/tren_patagonico4-768x352.jpg 768w, https:\/\/blog3.alquilerargentina.com\/wp-content\/uploads\/2017\/04\/tren_patagonico4.jpg 800w\" sizes=\"(max-width: 785px) 100vw, 785px\" \/><\/p>\n<p>Las otras estaciones son recuerdos de pueblos pr\u00f3speros hace mucho tiempo. Por la madrugada, se llega a <strong>Ingeniero Jacobacci<\/strong>, que fue donde comenzaba su recorrido \u00abLa Trochita\u00bb hasta que por problemas econ\u00f3micos redujo su recorrido.<\/p>\n<p>Luego, las v\u00edas llegan a los 1082 metros de altura, cuando trepan a la Cordillera. Bariloche aparece as\u00ed como el \u00faltimo lugar, cuando se disfruta desde sus ventan al <strong>Lago Nahuel Huapi\u00a0<\/strong>y esta parte del pa\u00eds se conoce desde un lugar diferente: en movimiento, sobre rieles.<\/p>\n<p><a href=\"http:\/\/www.alquilerargentina.com\/R\u00edo-Negro\/San-Carlos-De-Bariloche\/?utm_source=alquilerargentina&amp;utm_medium=blog&amp;utm_campaign=destinos_temporadabaja_bariloche\" target=\"_blank\">Alquil\u00e1<strong> caba\u00f1as en Bariloche<\/strong> despu\u00e9s de disfrutar el recorrido del <strong>Tren Patag\u00f3nico<\/strong>.<\/a><\/p>\n","protected":false},"excerpt":{"rendered":"<p>La Patagonia siempre es hermosa para conocer, pero m\u00e1s si el recorrido es diferente e inolvidable. Ambas caracter\u00edsticas se logran cuando el paseo se hace en el Tren Patag\u00f3nico. Historia sobre rieles Se puede cruzar una provincia desde el cord\u00f3n monta\u00f1oso de la Cordillera hasta orillas del mar. Esta manera de recorrer\u00a0tiene lugar en la&#8230;<\/p>\n","protected":false},"author":1,"featured_media":19704,"comment_status":"open","ping_status":"open","sticky":false,"template":"","format":"standard","meta":{"footnotes":""},"categories":[3588],"tags":[],"_links":{"self":[{"href":"https:\/\/www.alquilerargentina.com\/blog\/wp-json\/wp\/v2\/posts\/19703"}],"collection":[{"href":"https:\/\/www.alquilerargentina.com\/blog\/wp-json\/wp\/v2\/posts"}],"about":[{"href":"https:\/\/www.alquilerargentina.com\/blog\/wp-json\/wp\/v2\/types\/post"}],"author":[{"embeddable":true,"href":"https:\/\/www.alquilerargentina.com\/blog\/wp-json\/wp\/v2\/users\/1"}],"replies":[{"embeddable":true,"href":"https:\/\/www.alquilerargentina.com\/blog\/wp-json\/wp\/v2\/comments?post=19703"}],"version-history":[{"count":8,"href":"https:\/\/www.alquilerargentina.com\/blog\/wp-json\/wp\/v2\/posts\/19703\/revisions"}],"predecessor-version":[{"id":19752,"href":"https:\/\/www.alquilerargentina.com\/blog\/wp-json\/wp\/v2\/posts\/19703\/revisions\/19752"}],"wp:featuredmedia":[{"embeddable":true,"href":"https:\/\/www.alquilerargentina.com\/blog\/wp-json\/wp\/v2\/media\/19704"}],"wp:attachment":[{"href":"https:\/\/www.alquilerargentina.com\/blog\/wp-json\/wp\/v2\/media?parent=19703"}],"wp:term":[{"taxonomy":"category","embeddable":true,"href":"https:\/\/www.alquilerargentina.com\/blog\/wp-json\/wp\/v2\/categories?post=19703"},{"taxonomy":"post_tag","embeddable":true,"href":"https:\/\/www.alquilerargentina.com\/blog\/wp-json\/wp\/v2\/tags?post=19703"}],"curies":[{"name":"wp","href":"https:\/\/api.w.org\/{rel}","templated":true}]}}