{"id":19663,"date":"2017-04-24T10:00:59","date_gmt":"2017-04-24T13:00:59","guid":{"rendered":"http:\/\/www.alquilerargentina.com\/blog\/?p=19663"},"modified":"2017-04-12T10:16:13","modified_gmt":"2017-04-12T13:16:13","slug":"recorrido-historico-por-buenos-aires","status":"publish","type":"post","link":"https:\/\/www.alquilerargentina.com\/blog\/paseos-y-excursiones\/recorrido-historico-por-buenos-aires.html","title":{"rendered":"Un recorrido hist\u00f3rico por Buenos Aires"},"content":{"rendered":"<p>Llegar a la <span style=\"color: #ff6600;\"><a style=\"color: #ff6600;\" href=\"http:\/\/www.alquilerargentina.com\/Buenos-Aires\/Capital-Federal\/?utm_source=alquilerargentina&amp;utm_medium=blog&amp;utm_campaign=destinos_temporadabaja_capitalfederal\" target=\"_blank\"><strong>Ciudad de<\/strong>\u00a0<strong>Buenos Aires<\/strong><\/a><\/span>, siempre es una cita con la historia. Por eso hoy vamos a hablar de un recorrido que hay que hacer s\u00ed o s\u00ed, cuando se va a la gran ciudad:\u00a0<strong>Cabildo, Congreso <\/strong>y<strong> Plaza de Mayo.<\/strong><\/p>\n<h2>Donde empez\u00f3 todo&#8230;<\/h2>\n<p>El <strong>Cabildo<\/strong> fue autoridad m\u00e1xima de la ciudad entre 1580 a 1821. All\u00ed se dio el primer paso para lograr la independencia en 1810.<\/p>\n<p>El jesuita <strong>Giovanni Bianchi<\/strong> dise\u00f1\u00f3 en 1725 un edificio de dos pisos, con balc\u00f3n, torre, sala capitular, celdas, capillas y oficinas para jueces y escribanos. Hoy en d\u00eda all\u00ed, funciona el museo.\u00a0Su torre fue restaurada por el arquitecto Buschiazzo en 1940, junto con el resto del edificio. En el principio fue de mayor tama\u00f1o, pero se redujo al igual que todo el resto para adaptarse al nuevo trazado urbano.<\/p>\n<p><img loading=\"lazy\" decoding=\"async\" class=\"alignnone wp-image-19664\" src=\"http:\/\/www.alquilerargentina.com\/blog\/wp-content\/uploads\/2017\/04\/cabildo-300x138.jpg\" width=\"785\" height=\"360\" srcset=\"https:\/\/blog3.alquilerargentina.com\/wp-content\/uploads\/2017\/04\/cabildo-300x138.jpg 300w, https:\/\/blog3.alquilerargentina.com\/wp-content\/uploads\/2017\/04\/cabildo-768x352.jpg 768w, https:\/\/blog3.alquilerargentina.com\/wp-content\/uploads\/2017\/04\/cabildo.jpg 800w\" sizes=\"(max-width: 785px) 100vw, 785px\" \/><\/p>\n<p>El reloj original se perdi\u00f3 en el traslado a la <strong>Iglesia de Balvanera<\/strong>, siendo reemplazado en 1861 y por \u00faltima vez en 1940, que es el que funciona actualmente.<\/p>\n<p>En su interior est\u00e1 la <strong>Sala Instituci\u00f3n,\u00a0<\/strong>donde se exhiben piezas del siglo XVIII, como un reloj del general brit\u00e1nico William Beresford derrotado en la invasi\u00f3n inglesa de 1806. Desde su patio se ven los viejos calabozos construidos en 1784.<\/p>\n<p>Lo m\u00e1s importante es su Sala Capitular donde el 25 de mayo de 1810 se conform\u00f3 la <strong>Primera Junta de Gobierno<\/strong>.<\/p>\n<p><a ref=\"magnificPopup\" href=\"http:\/\/www.alquilerargentina.com\/blog\/wp-content\/uploads\/2017\/04\/horarios.jpg\"><img loading=\"lazy\" decoding=\"async\" class=\"alignnone wp-image-19668\" src=\"http:\/\/www.alquilerargentina.com\/blog\/wp-content\/uploads\/2017\/04\/horarios-300x138.jpg\" width=\"785\" height=\"360\" srcset=\"https:\/\/blog3.alquilerargentina.com\/wp-content\/uploads\/2017\/04\/horarios-300x138.jpg 300w, https:\/\/blog3.alquilerargentina.com\/wp-content\/uploads\/2017\/04\/horarios-768x352.jpg 768w, https:\/\/blog3.alquilerargentina.com\/wp-content\/uploads\/2017\/04\/horarios.jpg 800w\" sizes=\"(max-width: 785px) 100vw, 785px\" \/><\/a><\/p>\n<p><a href=\"http:\/\/www.alquilerargentina.com\/Buenos-Aires\/Capital-Federal\/?utm_source=alquilerargentina&amp;utm_medium=blog&amp;utm_campaign=destinos_temporadabaja_capitalfederal\" target=\"_blank\">Conoc\u00e9 los mejores <strong>alquileres<\/strong> <strong>en Capital Federal.<\/strong><\/a><\/p>\n<h2>Donde van tod@s&#8230;<\/h2>\n<p>Aqu\u00ed siempre se dieron momentos hist\u00f3ricos. El primer paso hacia la independencia, la jura de la Constituci\u00f3n en 1860, el apoyo a Juan Domingo Per\u00f3n en 1945, los festejos de Mundiales, etc&#8230;<\/p>\n<p><a ref=\"magnificPopup\" href=\"http:\/\/www.alquilerargentina.com\/blog\/wp-content\/uploads\/2017\/04\/plaza_de_mayo.jpg\"><img loading=\"lazy\" decoding=\"async\" class=\"alignnone wp-image-19669\" src=\"http:\/\/www.alquilerargentina.com\/blog\/wp-content\/uploads\/2017\/04\/plaza_de_mayo-300x138.jpg\" width=\"785\" height=\"360\" srcset=\"https:\/\/blog3.alquilerargentina.com\/wp-content\/uploads\/2017\/04\/plaza_de_mayo-300x138.jpg 300w, https:\/\/blog3.alquilerargentina.com\/wp-content\/uploads\/2017\/04\/plaza_de_mayo-768x352.jpg 768w, https:\/\/blog3.alquilerargentina.com\/wp-content\/uploads\/2017\/04\/plaza_de_mayo.jpg 800w\" sizes=\"(max-width: 785px) 100vw, 785px\" \/><\/a><\/p>\n<p>La <strong>Plaza de Mayo<\/strong>\u00a0se dise\u00f1\u00f3 en 1884, cuando se demoli\u00f3 la Recova que la divid\u00eda en dos. Contiene la famosa <strong>Pir\u00e1mide de Mayo<\/strong> que se erigi\u00f3 en 1811. La rodean varios edificios hist\u00f3ricos como la <strong>Casa Rosada, Catedral,<\/strong>\u00a0<strong>Casa de Gobierno,\u00a0<\/strong>el <strong>Banco Naci\u00f3n, Aduana de Taylor<\/strong> y m\u00e1s.<\/p>\n<p>La Plaza tiene pintados pa\u00f1uelos alrededor de la Pir\u00e1mide, que son los de las <strong>Madres de Plaza de Mayo\u00a0<\/strong>que recuerdan la lucha de los\u00a0organismos de derechos humanos\u00a0por los desaparecidos en la \u00faltima dictadura argentina.<\/p>\n<h2>Donde se decide todo&#8230;<\/h2>\n<p>En 1889 el entonces presidente <strong>Miguel Ju\u00e1rez Celman<\/strong> eligi\u00f3 este solar para la obra del arquitecto italiano <strong>Vittorio Meano<\/strong>, que fue asesinado antes de construirlo. Otro presidente, <strong>Figueroa Alcorta<\/strong>, lo inaugur\u00f3 en 1906. De estilo academicista y tres plantas, es sede del<strong> Poder Legislativo<\/strong> con lujosas salas y la biblioteca m\u00e1s importante del pa\u00eds.<\/p>\n<p><a ref=\"magnificPopup\" href=\"http:\/\/www.alquilerargentina.com\/blog\/wp-content\/uploads\/2017\/04\/congreso.jpg\"><img loading=\"lazy\" decoding=\"async\" class=\"alignnone wp-image-19671\" src=\"http:\/\/www.alquilerargentina.com\/blog\/wp-content\/uploads\/2017\/04\/congreso-300x138.jpg\" width=\"785\" height=\"360\" srcset=\"https:\/\/blog3.alquilerargentina.com\/wp-content\/uploads\/2017\/04\/congreso-300x138.jpg 300w, https:\/\/blog3.alquilerargentina.com\/wp-content\/uploads\/2017\/04\/congreso-768x352.jpg 768w, https:\/\/blog3.alquilerargentina.com\/wp-content\/uploads\/2017\/04\/congreso.jpg 800w\" sizes=\"(max-width: 785px) 100vw, 785px\" \/><\/a><\/p>\n<p>En el\u00a0<strong>Sal\u00f3n Eva Per\u00f3n<\/strong> se destacan refinadas ara\u00f1as, piso de roble de Eslavonia y dibujo de marqueter\u00eda. La <strong>C\u00fapula\u00a0<\/strong>es<strong>\u00a0<\/strong>la m\u00e1s grande de la ciudad, se alza 65 metros sobre el <strong>Sal\u00f3n Azul<\/strong> (que se ubica en el centro del edificio, donde se reciben a mandatarios extranjeros y se velan a presidentes fallecidos) y 85 desde la calle. Est\u00e1 revestida en cobre, trabajada en m\u00e1rmol y con rosetones en su interior.<\/p>\n<p>Hay mucho m\u00e1s por conocer de estos lugares hist\u00f3ricos. Por eso, ahora les toca el turno a ustedes de visitarlos y conocerlos.<\/p>\n","protected":false},"excerpt":{"rendered":"<p>Llegar a la Ciudad de\u00a0Buenos Aires, siempre es una cita con la historia. Por eso hoy vamos a hablar de un recorrido que hay que hacer s\u00ed o s\u00ed, cuando se va a la gran ciudad:\u00a0Cabildo, Congreso y Plaza de Mayo. Donde empez\u00f3 todo&#8230; El Cabildo fue autoridad m\u00e1xima de la ciudad entre 1580 a&#8230;<\/p>\n","protected":false},"author":1,"featured_media":19667,"comment_status":"open","ping_status":"open","sticky":false,"template":"","format":"standard","meta":{"footnotes":""},"categories":[3588],"tags":[],"_links":{"self":[{"href":"https:\/\/www.alquilerargentina.com\/blog\/wp-json\/wp\/v2\/posts\/19663"}],"collection":[{"href":"https:\/\/www.alquilerargentina.com\/blog\/wp-json\/wp\/v2\/posts"}],"about":[{"href":"https:\/\/www.alquilerargentina.com\/blog\/wp-json\/wp\/v2\/types\/post"}],"author":[{"embeddable":true,"href":"https:\/\/www.alquilerargentina.com\/blog\/wp-json\/wp\/v2\/users\/1"}],"replies":[{"embeddable":true,"href":"https:\/\/www.alquilerargentina.com\/blog\/wp-json\/wp\/v2\/comments?post=19663"}],"version-history":[{"count":6,"href":"https:\/\/www.alquilerargentina.com\/blog\/wp-json\/wp\/v2\/posts\/19663\/revisions"}],"predecessor-version":[{"id":19754,"href":"https:\/\/www.alquilerargentina.com\/blog\/wp-json\/wp\/v2\/posts\/19663\/revisions\/19754"}],"wp:featuredmedia":[{"embeddable":true,"href":"https:\/\/www.alquilerargentina.com\/blog\/wp-json\/wp\/v2\/media\/19667"}],"wp:attachment":[{"href":"https:\/\/www.alquilerargentina.com\/blog\/wp-json\/wp\/v2\/media?parent=19663"}],"wp:term":[{"taxonomy":"category","embeddable":true,"href":"https:\/\/www.alquilerargentina.com\/blog\/wp-json\/wp\/v2\/categories?post=19663"},{"taxonomy":"post_tag","embeddable":true,"href":"https:\/\/www.alquilerargentina.com\/blog\/wp-json\/wp\/v2\/tags?post=19663"}],"curies":[{"name":"wp","href":"https:\/\/api.w.org\/{rel}","templated":true}]}}