{"id":19263,"date":"2017-03-22T10:00:01","date_gmt":"2017-03-22T13:00:01","guid":{"rendered":"http:\/\/www.alquilerargentina.com\/blog\/?p=19263"},"modified":"2017-03-24T16:34:08","modified_gmt":"2017-03-24T19:34:08","slug":"tren-a-las-nubes-una-experiencia-inolvidable","status":"publish","type":"post","link":"https:\/\/www.alquilerargentina.com\/blog\/paseos-y-excursiones\/tren-a-las-nubes-una-experiencia-inolvidable.html","title":{"rendered":"Tren a las Nubes: una experiencia inolvidable"},"content":{"rendered":"<p style=\"text-align: justify;\"><em>Cuando emprendemos viaje hacia <span style=\"color: #ff6600;\"><strong><a style=\"color: #ff6600;\" href=\"http:\/\/www.alquilerargentina.com\/Salta\/?utm_source=alquilerargentina&amp;utm_medium=blog&amp;utm_campaign=destinos_salta\">Salta<\/a><\/strong><\/span>, la idea de generar momentos inolvidables, pasarla bien, divertirse y vivir experiencias \u00fanicas, son algunas de las mayores motivaciones. Recorr\u00e9\u00a0algunos de los destinos m\u00e1s tur\u00edsticos de la provincia en una de sus mayores atracciones: el<strong> Tren a las Nubes<\/strong>.<\/em><\/p>\n<p><iframe loading=\"lazy\" style=\"border: none; overflow: hidden;\" src=\"https:\/\/www.facebook.com\/plugins\/video.php?href=https%3A%2F%2Fwww.facebook.com%2Ftrenalasnubesok%2Fvideos%2F1270490096371582%2F&amp;show_text=0&amp;width=400\" width=\"400\" height=\"400\" frameborder=\"0\" scrolling=\"no\" allowfullscreen=\"allowfullscreen\"><\/iframe><\/p>\n<p style=\"text-align: justify;\">Creado en el a\u00f1o 1971 por iniciativa de las autoridades del Ferrocarril General Belgrano, y tras su primer viaje el 16 de julio de 1972, este emprendimiento ferrotur\u00edstico se caracteriza por realizar uno de los recorridos m\u00e1s altos del mundo.<\/p>\n<p style=\"text-align: justify;\"><a ref=\"magnificPopup\" href=\"http:\/\/www.alquilerargentina.com\/blog\/wp-content\/uploads\/2017\/03\/Tren-a-las-Nubes-una-experiencia-inolvidable-foto.jpg\"><img loading=\"lazy\" decoding=\"async\" class=\"alignnone wp-image-19272 size-full\" src=\"http:\/\/www.alquilerargentina.com\/blog\/wp-content\/uploads\/2017\/03\/Tren-a-las-Nubes-una-experiencia-inolvidable-foto.jpg\" width=\"785\" height=\"360\" srcset=\"https:\/\/blog3.alquilerargentina.com\/wp-content\/uploads\/2017\/03\/Tren-a-las-Nubes-una-experiencia-inolvidable-foto.jpg 785w, https:\/\/blog3.alquilerargentina.com\/wp-content\/uploads\/2017\/03\/Tren-a-las-Nubes-una-experiencia-inolvidable-foto-300x138.jpg 300w, https:\/\/blog3.alquilerargentina.com\/wp-content\/uploads\/2017\/03\/Tren-a-las-Nubes-una-experiencia-inolvidable-foto-768x352.jpg 768w\" sizes=\"(max-width: 785px) 100vw, 785px\" \/><\/a><\/p>\n<p style=\"text-align: justify;\">Un viaje impactante e imperdible que llega hasta los 4200 metros de altura comenzando en la estaci\u00f3n Salta, donde los pasajeros abordan los veh\u00edculos en los que recorrer\u00e1n lugares como <strong><a href=\"http:\/\/www.alquilerargentina.com\/Salta\/Campo-Quijano\/?utm_source=alquilerargentina&amp;utm_medium=blog&amp;utm_campaign=destinos_campoquijano\" target=\"_blank\">Campo Quijano<\/a>, Gobernador Sol\u00e1, El Alfarcito<\/strong>, la<strong> Quebrada de las Cuevas<\/strong>, la<strong> llanura de Mu\u00f1ano<\/strong> y <strong><a href=\"http:\/\/www.alquilerargentina.com\/Salta\/San-Antonio-De-Los-Cobres\/?utm_source=alquilerargentina&amp;utm_medium=blog&amp;utm_campaign=destinos_verano_sanantoniodeloscobres\" target=\"_blank\">San Antonio de los Cobres<\/a>,<\/strong> donde se aborda el tren para recorrer el tramo final hasta <strong>La Polvorilla<\/strong>; este \u00faltimo trat\u00e1ndose de una imponente obra construida entre 1930 y 1932, de 224 metros de largo y 64 de alto, que corona un paisaje lleno de colores y texturas t\u00edpicas de la Puna.<\/p>\n<p style=\"text-align: justify;\"><a ref=\"magnificPopup\" href=\"http:\/\/www.alquilerargentina.com\/blog\/wp-content\/uploads\/2017\/03\/Tren-a-las-Nubes-una-experiencia-inolvidable-servicios-del-tren.jpg\"><img loading=\"lazy\" decoding=\"async\" class=\"alignnone wp-image-19271 size-full\" src=\"http:\/\/www.alquilerargentina.com\/blog\/wp-content\/uploads\/2017\/03\/Tren-a-las-Nubes-una-experiencia-inolvidable-servicios-del-tren.jpg\" width=\"785\" height=\"360\" srcset=\"https:\/\/blog3.alquilerargentina.com\/wp-content\/uploads\/2017\/03\/Tren-a-las-Nubes-una-experiencia-inolvidable-servicios-del-tren.jpg 785w, https:\/\/blog3.alquilerargentina.com\/wp-content\/uploads\/2017\/03\/Tren-a-las-Nubes-una-experiencia-inolvidable-servicios-del-tren-300x138.jpg 300w, https:\/\/blog3.alquilerargentina.com\/wp-content\/uploads\/2017\/03\/Tren-a-las-Nubes-una-experiencia-inolvidable-servicios-del-tren-768x352.jpg 768w\" sizes=\"(max-width: 785px) 100vw, 785px\" \/><\/a><\/p>\n<blockquote>\n<p style=\"text-align: justify;\"><span style=\"color: #000000;\"><strong>Entre sus m\u00faltiples servicios cuenta con traslado en bus, coche comedor, consultorio m\u00e9dico y gu\u00edas biling\u00fces.<\/strong><\/span><\/p>\n<\/blockquote>\n<p style=\"text-align: justify;\">A lo largo del viaje, en las diferentes estaciones, vas a poder encontrarte frente a frente con la cultura andina, desde pintorescos puestos con artesan\u00edas y vestimentas caracter\u00edsticas de la regi\u00f3n, hasta productos regionales para adquirir como recuerdo de este interesante viaje.<\/p>\n<p><iframe loading=\"lazy\" style=\"border: none; overflow: hidden;\" src=\"https:\/\/www.facebook.com\/plugins\/video.php?href=https%3A%2F%2Fwww.facebook.com%2Ftrenalasnubesok%2Fvideos%2F1269586896461902%2F&amp;show_text=0&amp;width=400\" width=\"400\" height=\"400\" frameborder=\"0\" scrolling=\"no\" allowfullscreen=\"allowfullscreen\"><\/iframe><\/p>\n<p style=\"text-align: justify;\">El <em>Tren a las Nubes<\/em> es sin duda alguna un viaje imperdible que no hay que dejar de realizar. Nada te detiene para disfrutar de una de las atracciones tur\u00edsticas m\u00e1s importantes del noroeste salte\u00f1o y del pa\u00eds.<\/p>\n<p style=\"text-align: justify;\">[notification type=\u00bbnotification_info\u00bb ]<a href=\"http:\/\/www.alquilerargentina.com\/destinos\/salta.html?utm_source=alquilerargentina&amp;utm_medium=blog&amp;utm_campaign=landing_salta\" target=\"_blank\">Mir\u00e1 la <strong>gu\u00eda tur\u00edstica de Salta<\/strong><strong>\u00a0<\/strong>y enterate de lo que tiene para ofrecer la ciudad.<\/a>[\/notification]\n<p style=\"text-align: justify;\"><a ref=\"magnificPopup\" href=\"http:\/\/www.alquilerargentina.com\/blog\/wp-content\/uploads\/2017\/03\/Tren-a-las-Nubes-una-experiencia-inolvidable-trenalasnubes.jpg\"><img loading=\"lazy\" decoding=\"async\" class=\"alignnone wp-image-19274 size-full\" src=\"http:\/\/www.alquilerargentina.com\/blog\/wp-content\/uploads\/2017\/03\/Tren-a-las-Nubes-una-experiencia-inolvidable-trenalasnubes.jpg\" width=\"785\" height=\"360\" srcset=\"https:\/\/blog3.alquilerargentina.com\/wp-content\/uploads\/2017\/03\/Tren-a-las-Nubes-una-experiencia-inolvidable-trenalasnubes.jpg 785w, https:\/\/blog3.alquilerargentina.com\/wp-content\/uploads\/2017\/03\/Tren-a-las-Nubes-una-experiencia-inolvidable-trenalasnubes-300x138.jpg 300w, https:\/\/blog3.alquilerargentina.com\/wp-content\/uploads\/2017\/03\/Tren-a-las-Nubes-una-experiencia-inolvidable-trenalasnubes-768x352.jpg 768w\" sizes=\"(max-width: 785px) 100vw, 785px\" \/><\/a><\/p>\n<h2 style=\"text-align: justify;\">Algunos datos a tener en cuenta:<\/h2>\n<ul>\n<li style=\"text-align: justify;\">El recorrido vial se realiza los martes, jueves y s\u00e1bados.<\/li>\n<li style=\"text-align: justify;\">El servicio en bus parte a las 07:05 hs de la Estaci\u00f3n Salta, arribando a las 16:00 hs a la Estaci\u00f3n de San Antonio de los Cobres, desde donde se emprende el regreso a la capital salte\u00f1a en bus.<\/li>\n<li style=\"text-align: justify;\">Horario de presentaci\u00f3n de los pasajeros: 06:15 hs, debiendo hacerlo con su DNI y voucher de viaje impreso.<\/li>\n<\/ul>\n<h2 style=\"text-align: justify;\">\u00bfCu\u00e1nto cuesta el recorrido?<\/h2>\n<p>Tarifa promocional para residentes argentinos con DNI<\/p>\n<ul>\n<li style=\"text-align: justify;\">Bus-Tren-Bus: <strong>$1.500<\/strong><\/li>\n<li style=\"text-align: justify;\">Tren solo: <strong>$800<\/strong><\/li>\n<\/ul>\n<p style=\"text-align: justify;\">Tarifa menor para residentes argentinos menores de 12 a\u00f1os<\/p>\n<ul>\n<li style=\"text-align: justify;\">Bus-Tren-Bus: <strong>$1.150<\/strong><\/li>\n<li style=\"text-align: justify;\">Tren solo: <strong>$800<\/strong><\/li>\n<\/ul>\n<p style=\"text-align: justify;\">Jubilados argentinos (presentando el carnet de jubilado)<\/p>\n<ul>\n<li style=\"text-align: justify;\">Bus-Tren-Bus <strong>$1.150<\/strong><\/li>\n<li style=\"text-align: justify;\">Tren solo:<strong> $650<\/strong><\/li>\n<\/ul>\n<p style=\"text-align: justify;\">Grupo familiar argentino (2 adultos + 2 menores viajando juntos)<\/p>\n<ul>\n<li style=\"text-align: justify;\">Bus-Tren-Bus: <strong>$4.770<\/strong> \u2013 menor adicional: <strong>$1.150<\/strong><\/li>\n<li style=\"text-align: justify;\">Tren solo: <strong>$2.610<\/strong> \u2013 menor adicional:<strong> $650<\/strong><\/li>\n<\/ul>\n<p>Opt\u00e1 por realizar un viaje diferente junto a tu familia o amigos, viviendo una experiencia \u00fanica y que definitivamente te har\u00e1 ver con otros ojos la hermosa provincia de Salta.<\/p>\n<p><a href=\"http:\/\/www.alquilerargentina.com\/Salta\/?utm_source=alquilerargentina&amp;utm_medium=blog&amp;utm_campaign=destinos_verano_salta\" target=\"_blank\">Encontr\u00e1 opciones de <strong>alojamiento en Salta<\/strong> y reserv\u00e1 con anticipaci\u00f3n.<\/a><\/p>\n","protected":false},"excerpt":{"rendered":"<p>Cuando emprendemos viaje hacia Salta, la idea de generar momentos inolvidables, pasarla bien, divertirse y vivir experiencias \u00fanicas, son algunas de las mayores motivaciones. Recorr\u00e9\u00a0algunos de los destinos m\u00e1s tur\u00edsticos de la provincia en una de sus mayores atracciones: el Tren a las Nubes. Creado en el a\u00f1o 1971 por iniciativa de las autoridades del&#8230;<\/p>\n","protected":false},"author":1,"featured_media":19267,"comment_status":"open","ping_status":"open","sticky":false,"template":"","format":"standard","meta":{"footnotes":""},"categories":[3588],"tags":[],"_links":{"self":[{"href":"https:\/\/www.alquilerargentina.com\/blog\/wp-json\/wp\/v2\/posts\/19263"}],"collection":[{"href":"https:\/\/www.alquilerargentina.com\/blog\/wp-json\/wp\/v2\/posts"}],"about":[{"href":"https:\/\/www.alquilerargentina.com\/blog\/wp-json\/wp\/v2\/types\/post"}],"author":[{"embeddable":true,"href":"https:\/\/www.alquilerargentina.com\/blog\/wp-json\/wp\/v2\/users\/1"}],"replies":[{"embeddable":true,"href":"https:\/\/www.alquilerargentina.com\/blog\/wp-json\/wp\/v2\/comments?post=19263"}],"version-history":[{"count":11,"href":"https:\/\/www.alquilerargentina.com\/blog\/wp-json\/wp\/v2\/posts\/19263\/revisions"}],"predecessor-version":[{"id":19417,"href":"https:\/\/www.alquilerargentina.com\/blog\/wp-json\/wp\/v2\/posts\/19263\/revisions\/19417"}],"wp:featuredmedia":[{"embeddable":true,"href":"https:\/\/www.alquilerargentina.com\/blog\/wp-json\/wp\/v2\/media\/19267"}],"wp:attachment":[{"href":"https:\/\/www.alquilerargentina.com\/blog\/wp-json\/wp\/v2\/media?parent=19263"}],"wp:term":[{"taxonomy":"category","embeddable":true,"href":"https:\/\/www.alquilerargentina.com\/blog\/wp-json\/wp\/v2\/categories?post=19263"},{"taxonomy":"post_tag","embeddable":true,"href":"https:\/\/www.alquilerargentina.com\/blog\/wp-json\/wp\/v2\/tags?post=19263"}],"curies":[{"name":"wp","href":"https:\/\/api.w.org\/{rel}","templated":true}]}}